{"id":115175,"date":"2022-07-19T09:50:04","date_gmt":"2022-07-19T12:50:04","guid":{"rendered":"https:\/\/www.elsindical.com.ar\/notas\/?p=115175"},"modified":"2022-07-19T09:50:06","modified_gmt":"2022-07-19T12:50:06","slug":"santanica-milonga-presenta-caravana","status":"publish","type":"post","link":"https:\/\/www.elsindical.com.ar\/notas\/santanica-milonga-presenta-caravana\/","title":{"rendered":"Santanica Milonga presenta \u00abCaravana\u00bb"},"content":{"rendered":"<div class=\"wp-block-image\">\n<figure class=\"aligncenter size-full\"><a href=\"https:\/\/www.elsindical.com.ar\/notas\/var\/www\/html\/notas\/wp-content\/uploads\/2022\/07\/SANTANICA-MILONGA.jpeg\"><img loading=\"lazy\" decoding=\"async\" width=\"1024\" height=\"798\" src=\"https:\/\/www.elsindical.com.ar\/notas\/var\/www\/html\/notas\/wp-content\/uploads\/2022\/07\/SANTANICA-MILONGA.jpeg\" alt=\"\" class=\"wp-image-115177\" srcset=\"https:\/\/www.elsindical.com.ar\/notas\/var\/www\/html\/notas\/wp-content\/uploads\/2022\/07\/SANTANICA-MILONGA.jpeg 1024w, https:\/\/www.elsindical.com.ar\/notas\/var\/www\/html\/notas\/wp-content\/uploads\/2022\/07\/SANTANICA-MILONGA-300x234.jpeg 300w, https:\/\/www.elsindical.com.ar\/notas\/var\/www\/html\/notas\/wp-content\/uploads\/2022\/07\/SANTANICA-MILONGA-768x599.jpeg 768w, https:\/\/www.elsindical.com.ar\/notas\/var\/www\/html\/notas\/wp-content\/uploads\/2022\/07\/SANTANICA-MILONGA-385x300.jpeg 385w\" sizes=\"auto, (max-width: 1024px) 100vw, 1024px\" \/><\/a><\/figure>\n<\/div>\n\n\n<p><strong>SANTANICA MILONGA&nbsp;<\/strong><\/p>\n\n\n\n<p><strong>AFRO ROCK LATINO<\/strong><\/p>\n\n\n\n<p><strong>Presenta \u00abCaravana\u00bb<\/strong><\/p>\n\n\n\n<p><strong>Adelanto de lo que sera su nuevo disco&nbsp;<\/strong><\/p>\n\n\n\n<p><strong>4ta Generaci\u00f3n\u00a0<\/strong><\/p>\n\n\n\n<p><strong><em>\u00abCARAVANA\u00bb<\/em><\/strong> es una invitaci\u00f3n para dejarse llevar por los sonidos de los tambores y desprenderse de las tristezas, bailando en la arena, bajo un manto de estrellas, al calor del fuego, iluminados por la resonancia de la alegr\u00eda y los colores, hasta que el alba nos encuentre con los pies h\u00famedos de espuma y sal. Vivila que la vida es corta, bailemos que esto es carnaval.\u00a0<\/p>\n\n\n\n<figure class=\"wp-block-image size-large\"><a href=\"https:\/\/www.elsindical.com.ar\/notas\/var\/www\/html\/notas\/wp-content\/uploads\/2022\/07\/SANTANICA-MILONGA-2.jpeg\"><img loading=\"lazy\" decoding=\"async\" width=\"1024\" height=\"653\" src=\"https:\/\/www.elsindical.com.ar\/notas\/var\/www\/html\/notas\/wp-content\/uploads\/2022\/07\/SANTANICA-MILONGA-2-1024x653.jpeg\" alt=\"\" class=\"wp-image-115176\" srcset=\"https:\/\/www.elsindical.com.ar\/notas\/var\/www\/html\/notas\/wp-content\/uploads\/2022\/07\/SANTANICA-MILONGA-2-1024x653.jpeg 1024w, https:\/\/www.elsindical.com.ar\/notas\/var\/www\/html\/notas\/wp-content\/uploads\/2022\/07\/SANTANICA-MILONGA-2-300x191.jpeg 300w, https:\/\/www.elsindical.com.ar\/notas\/var\/www\/html\/notas\/wp-content\/uploads\/2022\/07\/SANTANICA-MILONGA-2-768x490.jpeg 768w, https:\/\/www.elsindical.com.ar\/notas\/var\/www\/html\/notas\/wp-content\/uploads\/2022\/07\/SANTANICA-MILONGA-2-471x300.jpeg 471w, https:\/\/www.elsindical.com.ar\/notas\/var\/www\/html\/notas\/wp-content\/uploads\/2022\/07\/SANTANICA-MILONGA-2.jpeg 1170w\" sizes=\"auto, (max-width: 1024px) 100vw, 1024px\" \/><\/a><\/figure>\n\n\n\n<figure class=\"wp-block-table\"><table><tbody><tr><td><strong><u>FICHA T\u00c9CNICA \u00abCARAVANA\u00bb<\/u><\/strong> Voz: Jos\u00e9 Dami\u00e1n Aguilar Bajo: Joan Xavier Aguilar Guitarra: Alejandro Ponce Timbales, Congas, Bong\u00f3es: Juan Gramajo Caj\u00f3n y accesorios: Sergio \u00c1ngel Paique Saxo: Cristian Marcelo Jara Ocampo Saxo: Ruth Rodr\u00edguez Coros: Joan Xavier Aguilar; Cristian jara; Ruth Rodr\u00edguez Autores y compositores: Joan Xavier Aguilar Jos\u00e9 Dami\u00e1n Aguilar Productor musical: Jerem\u00edas Segall Mezcla: Jonathan Vainberg Produce: Bando Producciones Fotograf\u00eda: Sol D&#8217; Orio Redes : Sol D&#8217; Orio, Julieta Cademartori <br><strong><u>ACERCA DE SANTANICA MILONGA<\/u><\/strong> Nacieron en el partido de la Costa a principios del 2017 y se fueron abriendo paso al ritmo de percusi\u00f3n, vientos y voces pregoneras, logrando destacarse en la esfera local. Participaron en Fiestas Nacionales logrando grandes convocatorias y reconocimiento nacional. En Agosto del 2018 se presentan en Casa Rcok Mar del Plata y comparten escenario con Artistas de la talla de Porchetto, Tambo Tambo y Kapanga. En el 2019 editan su primer EP , y en Octubre del mismo a\u00f1o realizan su primer Trastienda en Bs As, dejando at\u00f3nita a la ciudad con el Aguante Costero. Despu\u00e9s de un a\u00f1o de grandes logros la banda cierra ciclo en los estudios de Vorterix. El 2020 lo transcurrieron trabajando arduamente en la creaci\u00f3n de nuevos sonidos. <br>Durante el 2021 y lo que va del 2022 preparan su nuevo disco y en este momento nos regalan un adelanto del mismo CARAVANA. <a rel=\"noreferrer noopener\" href=\"https:\/\/marisaaprensa.tr.pemsv30.net\/c\/eyJhIjoibWFyaXNhYXByZW5zYSIsIm0iOiJtYWlsX2NsNXF4d3dqZ3ZodmEwODgyaTk4MXduOWwiLCJsIjoibGlua18xN2ZiY2M2OGNjYzEzZTk5MDM5ZTZlMTdlNGM0MzNlMTQ0OGYwM2YyIiwiaSI6W10sInUiOiJodHRwczovL29wZW4uc3BvdGlmeS5jb20vYWxidW0vMTA5YkVZTzBONkhzZE1SZDQ1QlpPYT9zaT03NVVQUXNKb1FoU2RwYVVIQXpiRXF3IiwiYyI6IiIsImgiOiI2YjE2NmMifQ\" target=\"_blank\">ESCUCHA \u00abCARAVANA\u00bb EN TODAS LAS PLATAFORMAS DIGITALES<\/a> <a rel=\"noreferrer noopener\" href=\"https:\/\/marisaaprensa.tr.pemsv30.net\/c\/eyJhIjoibWFyaXNhYXByZW5zYSIsIm0iOiJtYWlsX2NsNXF4d3dqZ3ZodmEwODgyaTk4MXduOWwiLCJsIjoibGlua18wMTcyODM1ZDYxNzg0OWRhNGY2ZTkyYmNmNzM1NDZiMzM3NjJjMWJhIiwiaSI6W10sInUiOiJodHRwczovL3d3dy55b3V0dWJlLmNvbS93YXRjaD92PUNRS1NZOTBWQThvIiwiYyI6IiIsImgiOiI5MDkyNjIifQ\" target=\"_blank\">\u00abCARAVANA\u00bb EN YOUTUBE<\/a> <a rel=\"noreferrer noopener\" href=\"https:\/\/marisaaprensa.tr.pemsv30.net\/c\/eyJhIjoibWFyaXNhYXByZW5zYSIsIm0iOiJtYWlsX2NsNXF4d3dqZ3ZodmEwODgyaTk4MXduOWwiLCJsIjoibGlua18yNzhhNDEyZGUxNWE5OGE4NGU5MTFmMjE1NjJiNDM3YWM3ZGZmMzQyIiwiaSI6W10sInUiOiJodHRwczovL2RyaXZlLmdvb2dsZS5jb20vZHJpdmUvdS8xL2ZvbGRlcnMvMThTaVhpUWsya0d5cV9GNmxuNnZDM3JTRG8yLUpWeTlEIiwiYyI6IiIsImgiOiI0MjgyY2MifQ\" target=\"_blank\">DESCARGA MATERIAL DE PRENSA<\/a><\/td><\/tr><\/tbody><\/table><\/figure>\n\n\n\n<figure class=\"wp-block-table\"><table><tbody><tr><td><a href=\"https:\/\/marisaaprensa.tr.pemsv30.net\/c\/eyJhIjoibWFyaXNhYXByZW5zYSIsIm0iOiJtYWlsX2NsNXF4d3dqZ3ZodmEwODgyaTk4MXduOWwiLCJsIjoibGlua18xNWQxZGE1ZTRkZjVjYTU5OTNjYzgyYzFmZjM0ZDZlZjBjZWM3NDRlIiwiaSI6W10sInUiOiJodHRwczovL3d3dy5mYWNlYm9vay5jb20vU2FudGFuaWNhTWlsb25nYSIsImMiOiIiLCJoIjoiMTk0Zjk2In0\" target=\"_blank\" rel=\"noreferrer noopener\"><\/a><a href=\"https:\/\/marisaaprensa.tr.pemsv30.net\/c\/eyJhIjoibWFyaXNhYXByZW5zYSIsIm0iOiJtYWlsX2NsNXF4d3dqZ3ZodmEwODgyaTk4MXduOWwiLCJsIjoibGlua183ODBmMWNjODMyNDM0NjI4OTZkOWVmZWRiYTUxYmVjN2RkZGZiZTc1IiwiaSI6W10sInUiOiJodHRwczovL3d3dy5pbnN0YWdyYW0uY29tL3NhbnRhbmljYW1pbG9uZ2EvP2lnc2hpZD1ZbU15TVRBMk0yWT0iLCJjIjoiIiwiaCI6ImI4MTQwNiJ9\" target=\"_blank\" rel=\"noreferrer noopener\"><\/a><a href=\"https:\/\/marisaaprensa.tr.pemsv30.net\/c\/eyJhIjoibWFyaXNhYXByZW5zYSIsIm0iOiJtYWlsX2NsNXF4d3dqZ3ZodmEwODgyaTk4MXduOWwiLCJsIjoibGlua19iODQxYjI3YzdhMDQ5YzllMTE3MTU1YzBiYjA5ZDI4MzFmYTk3MDhlIiwiaSI6W10sInUiOiJodHRwczovL29wZW4uc3BvdGlmeS5jb20vYXJ0aXN0LzdiQXkzd1FIV2xsNE1adGNqT2RSbHkiLCJjIjoiIiwiaCI6IjE1NWQ1OCJ9\" target=\"_blank\" rel=\"noreferrer noopener\"><\/a><a href=\"https:\/\/marisaaprensa.tr.pemsv30.net\/c\/eyJhIjoibWFyaXNhYXByZW5zYSIsIm0iOiJtYWlsX2NsNXF4d3dqZ3ZodmEwODgyaTk4MXduOWwiLCJsIjoibGlua18wMThhMzg2ZGVmMWEzMjJmMTJhNDQ3NTA2YjAyZDBiZTBhZjRjNWQxIiwiaSI6W10sInUiOiJodHRwczovL3d3dy55b3V0dWJlLmNvbS9jaGFubmVsL1VDQTItZXg5UFVqTGJDRlJRTGptNlVoZyIsImMiOiIiLCJoIjoiNDVhZTFkIn0\" target=\"_blank\" rel=\"noreferrer noopener\"><\/a><\/td><\/tr><\/tbody><\/table><\/figure>\n","protected":false},"excerpt":{"rendered":"<p>SANTANICA MILONGA&nbsp; AFRO ROCK LATINO Presenta \u00abCaravana\u00bb Adelanto de lo que sera su nuevo disco&nbsp; 4ta Generaci\u00f3n\u00a0 \u00abCARAVANA\u00bb es una invitaci\u00f3n para dejarse llevar por los sonidos de los tambores y desprenderse de las tristezas, bailando en la arena, bajo un manto de estrellas, al calor del fuego, iluminados por la resonancia de la alegr\u00eda&hellip;<\/p>\n","protected":false},"author":1,"featured_media":115177,"comment_status":"open","ping_status":"open","sticky":false,"template":"","format":"standard","meta":{"footnotes":""},"categories":[15],"tags":[37752,33417,2450,37751],"class_list":["post-115175","post","type-post","status-publish","format-standard","has-post-thumbnail","hentry","category-espectaculos","tag-afro-rock-latino","tag-caravana","tag-diario-el-sindical","tag-santanica-milonga"],"_links":{"self":[{"href":"https:\/\/www.elsindical.com.ar\/notas\/wp-json\/wp\/v2\/posts\/115175","targetHints":{"allow":["GET"]}}],"collection":[{"href":"https:\/\/www.elsindical.com.ar\/notas\/wp-json\/wp\/v2\/posts"}],"about":[{"href":"https:\/\/www.elsindical.com.ar\/notas\/wp-json\/wp\/v2\/types\/post"}],"author":[{"embeddable":true,"href":"https:\/\/www.elsindical.com.ar\/notas\/wp-json\/wp\/v2\/users\/1"}],"replies":[{"embeddable":true,"href":"https:\/\/www.elsindical.com.ar\/notas\/wp-json\/wp\/v2\/comments?post=115175"}],"version-history":[{"count":1,"href":"https:\/\/www.elsindical.com.ar\/notas\/wp-json\/wp\/v2\/posts\/115175\/revisions"}],"predecessor-version":[{"id":115178,"href":"https:\/\/www.elsindical.com.ar\/notas\/wp-json\/wp\/v2\/posts\/115175\/revisions\/115178"}],"wp:featuredmedia":[{"embeddable":true,"href":"https:\/\/www.elsindical.com.ar\/notas\/wp-json\/wp\/v2\/media\/115177"}],"wp:attachment":[{"href":"https:\/\/www.elsindical.com.ar\/notas\/wp-json\/wp\/v2\/media?parent=115175"}],"wp:term":[{"taxonomy":"category","embeddable":true,"href":"https:\/\/www.elsindical.com.ar\/notas\/wp-json\/wp\/v2\/categories?post=115175"},{"taxonomy":"post_tag","embeddable":true,"href":"https:\/\/www.elsindical.com.ar\/notas\/wp-json\/wp\/v2\/tags?post=115175"}],"curies":[{"name":"wp","href":"https:\/\/api.w.org\/{rel}","templated":true}]}}