{"id":115133,"date":"2022-07-17T10:56:19","date_gmt":"2022-07-17T13:56:19","guid":{"rendered":"https:\/\/www.elsindical.com.ar\/notas\/?p=115133"},"modified":"2022-07-17T10:56:20","modified_gmt":"2022-07-17T13:56:20","slug":"con-mas-de-5000-jovenes-presentes-la-juventud-comunista-revolucionaria-de-la-argentina-festejo-su-50-aniversario-en-el-microestadio-de-ferro","status":"publish","type":"post","link":"https:\/\/www.elsindical.com.ar\/notas\/con-mas-de-5000-jovenes-presentes-la-juventud-comunista-revolucionaria-de-la-argentina-festejo-su-50-aniversario-en-el-microestadio-de-ferro\/","title":{"rendered":"Con m\u00e1s de  5000 j\u00f3venes presentes, la Juventud  Comunista Revolucionaria de la Argentina festej\u00f3 su 50 aniversario en el  microestadio de Ferro"},"content":{"rendered":"\n<figure class=\"wp-block-image size-large\"><a href=\"https:\/\/www.elsindical.com.ar\/notas\/var\/www\/html\/notas\/wp-content\/uploads\/2022\/07\/acto-50-anos-Juventud-Comunista-3.jpeg\"><img loading=\"lazy\" decoding=\"async\" width=\"1024\" height=\"683\" src=\"https:\/\/www.elsindical.com.ar\/notas\/var\/www\/html\/notas\/wp-content\/uploads\/2022\/07\/acto-50-anos-Juventud-Comunista-3-1024x683.jpeg\" alt=\"\" class=\"wp-image-115134\" srcset=\"https:\/\/www.elsindical.com.ar\/notas\/var\/www\/html\/notas\/wp-content\/uploads\/2022\/07\/acto-50-anos-Juventud-Comunista-3-1024x683.jpeg 1024w, https:\/\/www.elsindical.com.ar\/notas\/var\/www\/html\/notas\/wp-content\/uploads\/2022\/07\/acto-50-anos-Juventud-Comunista-3-300x200.jpeg 300w, https:\/\/www.elsindical.com.ar\/notas\/var\/www\/html\/notas\/wp-content\/uploads\/2022\/07\/acto-50-anos-Juventud-Comunista-3-768x512.jpeg 768w, https:\/\/www.elsindical.com.ar\/notas\/var\/www\/html\/notas\/wp-content\/uploads\/2022\/07\/acto-50-anos-Juventud-Comunista-3-450x300.jpeg 450w, https:\/\/www.elsindical.com.ar\/notas\/var\/www\/html\/notas\/wp-content\/uploads\/2022\/07\/acto-50-anos-Juventud-Comunista-3.jpeg 1280w\" sizes=\"auto, (max-width: 1024px) 100vw, 1024px\" \/><\/a><\/figure>\n\n\n\n<p>Con m\u00e1s de 5000 j\u00f3venes presentes, la Juventud Comunista Revolucionaria de la Argentina festej\u00f3 su 50 aniversario en el microestadio de Ferro.<\/p>\n\n\n\n<pre class=\"wp-block-code\"><code>En este acto federal donde participaron delegaciones de 18 provincias, la Juventud del Partido Comunista Revolucionario de la Argentina demostr\u00f3 que hay una enorme masa de j\u00f3venes en esta patria que mantienen viva la lucha por la liberaci\u00f3n nacional y social en Argentina.<\/code><\/pre>\n\n\n\n<p>Nietos del Cordobazo, hijos del Argentinazo, la Juventud Comunista Revolucionaria dej\u00f3 en claro que sigue vigente la lucha por hacer posible lo necesario: una patria donde ning\u00fan habitante pase hambre y donde podamos tener una vida digna, donde la educaci\u00f3n, la salud y el acceso al arte y la cultura no sean privilegios para unos pocos, sino derechos conquistados por el pueblo.<\/p>\n\n\n\n<pre class=\"wp-block-code\"><code>El acto tuvo siete oradores:<\/code><\/pre>\n\n\n\n<ol class=\"wp-block-list\"><li>Luciano \u00c1lvarez, secretario general de la Juventud Comunista Revolucionaria:<br>\u00abEn una sociedad donde muchos creen que todo se compra y todo se vende, nosotros venimos ac\u00e1 a reafirmar nuestros principios, a reafirmar nuestros objetivos y a decir orgullosamente como dice esa bandera con la cara de Otto Vargas que est\u00e1 ah\u00ed, que la \u00fanica manera de resolver los grandes problemas de nuestro pueblo es con una gran revoluci\u00f3n.\u00bb<\/li><li>Valentina Foppiani, responsable de secundarios:<br>\u00abHoy la juventud en general y los j\u00f3venes secundarios en particular somos blanco de disputa para todos los sectores de las clases dominantes que se arrodillan ante uno u otro imperialismo, buscan meternos que los cambios profundos son imposibles y que, en todo caso, hay que pelear por mejorar el capitalismo\u00bb<\/li><li>Bruno Wienbziski, referente de la agrupaci\u00f3n universitaria Alde de Rosario:<br>\u00abComo comunistas nuestra tarea es recuperar los centros y federaciones para que realmente sean independientes de las autoridades y los gobiernos y sean herramienta de todos y cada uno de los estudiantes\u00bb.<\/li><li>Y\u00e9sica R\u00edos de la Juventud CCC.<br>\u00abLos j\u00f3venes estamos cumpliendo un rol fundamental a lo largo y lo ancho del pa\u00eds, en los comedores bancando las ollas populares, en los merenderos, y en la casas de atenci\u00f3n y acompa\u00f1amiento comunitario, peleando para sacar a los pibes y las pibas del flagelo de la droga, acompa\u00f1amos la lucha contra el gatillo f\u00e1cil, como el caso de Lucas Ver\u00f3n y Luciano Arruga.\u00bb<\/li><li>Guadalupe Soruco juventud FNC.(Federaci\u00f3n Nacional Campesina)<br>\u00abLos campesinos pobres, que los originarios, que los olvidados e ignorados tenemos voz y peso para dar vuelta el viento y que sople a nuestro favor\u00bb<\/li><li>Alejandro Limache secretario de Jujuy:<br>\u00abEl hambre, las drogas y la violencia machista hacia las pibas son realidades cotidianas que se han agudizado priorizando legitimar y pagar la estafa macrista por sobre las necesidades de las pibas y pibe! \u00a1La deuda es con los pibes y pibas nos con el FMI!\u00bb<\/li><li>Emilse Cantos secretaria de Mendoza:<br>\u00abNosotros y nosotras conocemos muy bien el modelo de Juntos por el Cambio, de Cambia Mendoza y cualquier nombre que se pongan, porque se llaman diferente pero la esencia es la misma, ajustar a nuestro pueblo, barrer con las conquistas y derechos ganados con la lucha, entregar nuestra soberan\u00eda y profundizar la dependencia\u2026 Y por eso estamos convencidos y convencidas de que el camino para enfrentarlos es la unidad y la lucha popular, para que no vuelvan a gobernar la argentina. \u00ab<\/li><\/ol>\n\n\n\n<p>La jornada comenz\u00f3 a las 17:30 y termin\u00f3 a las 20: 30 hs con la presentaci\u00f3n en vivo de las bandas de cumbia La Que Te Cumbi\u00f3 y La San Alberto Band.<\/p>\n\n\n\n<figure class=\"wp-block-gallery has-nested-images columns-1 is-cropped wp-block-gallery-1 is-layout-flex wp-block-gallery-is-layout-flex\">\n<figure class=\"wp-block-image size-large\"><a href=\"https:\/\/www.elsindical.com.ar\/notas\/var\/www\/html\/notas\/wp-content\/uploads\/2022\/07\/acto-50-anos-Juventud-Comunista-2.jpeg\"><img loading=\"lazy\" decoding=\"async\" width=\"1024\" height=\"683\" data-id=\"115135\" src=\"https:\/\/www.elsindical.com.ar\/notas\/var\/www\/html\/notas\/wp-content\/uploads\/2022\/07\/acto-50-anos-Juventud-Comunista-2-1024x683.jpeg\" alt=\"\" class=\"wp-image-115135\" srcset=\"https:\/\/www.elsindical.com.ar\/notas\/var\/www\/html\/notas\/wp-content\/uploads\/2022\/07\/acto-50-anos-Juventud-Comunista-2-1024x683.jpeg 1024w, https:\/\/www.elsindical.com.ar\/notas\/var\/www\/html\/notas\/wp-content\/uploads\/2022\/07\/acto-50-anos-Juventud-Comunista-2-300x200.jpeg 300w, https:\/\/www.elsindical.com.ar\/notas\/var\/www\/html\/notas\/wp-content\/uploads\/2022\/07\/acto-50-anos-Juventud-Comunista-2-768x512.jpeg 768w, https:\/\/www.elsindical.com.ar\/notas\/var\/www\/html\/notas\/wp-content\/uploads\/2022\/07\/acto-50-anos-Juventud-Comunista-2-450x300.jpeg 450w, https:\/\/www.elsindical.com.ar\/notas\/var\/www\/html\/notas\/wp-content\/uploads\/2022\/07\/acto-50-anos-Juventud-Comunista-2.jpeg 1280w\" sizes=\"auto, (max-width: 1024px) 100vw, 1024px\" \/><\/a><\/figure>\n\n\n\n<figure class=\"wp-block-image size-large\"><a href=\"https:\/\/www.elsindical.com.ar\/notas\/var\/www\/html\/notas\/wp-content\/uploads\/2022\/07\/acto-50-anos-Juventud-Comunista-4.jpeg\"><img loading=\"lazy\" decoding=\"async\" width=\"1024\" height=\"683\" data-id=\"115138\" src=\"https:\/\/www.elsindical.com.ar\/notas\/var\/www\/html\/notas\/wp-content\/uploads\/2022\/07\/acto-50-anos-Juventud-Comunista-4-1024x683.jpeg\" alt=\"\" class=\"wp-image-115138\" srcset=\"https:\/\/www.elsindical.com.ar\/notas\/var\/www\/html\/notas\/wp-content\/uploads\/2022\/07\/acto-50-anos-Juventud-Comunista-4-1024x683.jpeg 1024w, https:\/\/www.elsindical.com.ar\/notas\/var\/www\/html\/notas\/wp-content\/uploads\/2022\/07\/acto-50-anos-Juventud-Comunista-4-300x200.jpeg 300w, https:\/\/www.elsindical.com.ar\/notas\/var\/www\/html\/notas\/wp-content\/uploads\/2022\/07\/acto-50-anos-Juventud-Comunista-4-768x512.jpeg 768w, https:\/\/www.elsindical.com.ar\/notas\/var\/www\/html\/notas\/wp-content\/uploads\/2022\/07\/acto-50-anos-Juventud-Comunista-4-450x300.jpeg 450w, https:\/\/www.elsindical.com.ar\/notas\/var\/www\/html\/notas\/wp-content\/uploads\/2022\/07\/acto-50-anos-Juventud-Comunista-4.jpeg 1280w\" sizes=\"auto, (max-width: 1024px) 100vw, 1024px\" \/><\/a><\/figure>\n\n\n\n<figure class=\"wp-block-image size-large\"><a href=\"https:\/\/www.elsindical.com.ar\/notas\/var\/www\/html\/notas\/wp-content\/uploads\/2022\/07\/acto-50-anos-Juventud-Comunista-5.jpeg\"><img loading=\"lazy\" decoding=\"async\" width=\"1024\" height=\"683\" data-id=\"115137\" src=\"https:\/\/www.elsindical.com.ar\/notas\/var\/www\/html\/notas\/wp-content\/uploads\/2022\/07\/acto-50-anos-Juventud-Comunista-5-1024x683.jpeg\" alt=\"\" class=\"wp-image-115137\" srcset=\"https:\/\/www.elsindical.com.ar\/notas\/var\/www\/html\/notas\/wp-content\/uploads\/2022\/07\/acto-50-anos-Juventud-Comunista-5-1024x683.jpeg 1024w, https:\/\/www.elsindical.com.ar\/notas\/var\/www\/html\/notas\/wp-content\/uploads\/2022\/07\/acto-50-anos-Juventud-Comunista-5-300x200.jpeg 300w, https:\/\/www.elsindical.com.ar\/notas\/var\/www\/html\/notas\/wp-content\/uploads\/2022\/07\/acto-50-anos-Juventud-Comunista-5-768x512.jpeg 768w, https:\/\/www.elsindical.com.ar\/notas\/var\/www\/html\/notas\/wp-content\/uploads\/2022\/07\/acto-50-anos-Juventud-Comunista-5-450x300.jpeg 450w, https:\/\/www.elsindical.com.ar\/notas\/var\/www\/html\/notas\/wp-content\/uploads\/2022\/07\/acto-50-anos-Juventud-Comunista-5.jpeg 1280w\" sizes=\"auto, (max-width: 1024px) 100vw, 1024px\" \/><\/a><\/figure>\n\n\n\n<figure class=\"wp-block-image size-large\"><a href=\"https:\/\/www.elsindical.com.ar\/notas\/var\/www\/html\/notas\/wp-content\/uploads\/2022\/07\/acto-50-anos-Juventud-Comunista-6.jpeg\"><img loading=\"lazy\" decoding=\"async\" width=\"1024\" height=\"683\" data-id=\"115136\" src=\"https:\/\/www.elsindical.com.ar\/notas\/var\/www\/html\/notas\/wp-content\/uploads\/2022\/07\/acto-50-anos-Juventud-Comunista-6-1024x683.jpeg\" alt=\"\" class=\"wp-image-115136\" srcset=\"https:\/\/www.elsindical.com.ar\/notas\/var\/www\/html\/notas\/wp-content\/uploads\/2022\/07\/acto-50-anos-Juventud-Comunista-6-1024x683.jpeg 1024w, https:\/\/www.elsindical.com.ar\/notas\/var\/www\/html\/notas\/wp-content\/uploads\/2022\/07\/acto-50-anos-Juventud-Comunista-6-300x200.jpeg 300w, https:\/\/www.elsindical.com.ar\/notas\/var\/www\/html\/notas\/wp-content\/uploads\/2022\/07\/acto-50-anos-Juventud-Comunista-6-768x512.jpeg 768w, https:\/\/www.elsindical.com.ar\/notas\/var\/www\/html\/notas\/wp-content\/uploads\/2022\/07\/acto-50-anos-Juventud-Comunista-6-450x300.jpeg 450w, https:\/\/www.elsindical.com.ar\/notas\/var\/www\/html\/notas\/wp-content\/uploads\/2022\/07\/acto-50-anos-Juventud-Comunista-6.jpeg 1280w\" sizes=\"auto, (max-width: 1024px) 100vw, 1024px\" \/><\/a><\/figure>\n\n\n\n<figure class=\"wp-block-image size-large\"><a href=\"https:\/\/www.elsindical.com.ar\/notas\/var\/www\/html\/notas\/wp-content\/uploads\/2022\/07\/acto-50-anos-Juventud-Comunista-7.jpeg\"><img loading=\"lazy\" decoding=\"async\" width=\"1024\" height=\"683\" data-id=\"115139\" src=\"https:\/\/www.elsindical.com.ar\/notas\/var\/www\/html\/notas\/wp-content\/uploads\/2022\/07\/acto-50-anos-Juventud-Comunista-7-1024x683.jpeg\" alt=\"\" class=\"wp-image-115139\" srcset=\"https:\/\/www.elsindical.com.ar\/notas\/var\/www\/html\/notas\/wp-content\/uploads\/2022\/07\/acto-50-anos-Juventud-Comunista-7-1024x683.jpeg 1024w, https:\/\/www.elsindical.com.ar\/notas\/var\/www\/html\/notas\/wp-content\/uploads\/2022\/07\/acto-50-anos-Juventud-Comunista-7-300x200.jpeg 300w, https:\/\/www.elsindical.com.ar\/notas\/var\/www\/html\/notas\/wp-content\/uploads\/2022\/07\/acto-50-anos-Juventud-Comunista-7-768x512.jpeg 768w, https:\/\/www.elsindical.com.ar\/notas\/var\/www\/html\/notas\/wp-content\/uploads\/2022\/07\/acto-50-anos-Juventud-Comunista-7-450x300.jpeg 450w, https:\/\/www.elsindical.com.ar\/notas\/var\/www\/html\/notas\/wp-content\/uploads\/2022\/07\/acto-50-anos-Juventud-Comunista-7.jpeg 1280w\" sizes=\"auto, (max-width: 1024px) 100vw, 1024px\" \/><\/a><\/figure>\n\n\n\n<figure class=\"wp-block-image size-large\"><a href=\"https:\/\/www.elsindical.com.ar\/notas\/var\/www\/html\/notas\/wp-content\/uploads\/2022\/07\/acto-50-anos-Juventud-Comunista-1.jpeg\"><img loading=\"lazy\" decoding=\"async\" width=\"1024\" height=\"683\" data-id=\"115140\" src=\"https:\/\/www.elsindical.com.ar\/notas\/var\/www\/html\/notas\/wp-content\/uploads\/2022\/07\/acto-50-anos-Juventud-Comunista-1-1024x683.jpeg\" alt=\"\" class=\"wp-image-115140\" srcset=\"https:\/\/www.elsindical.com.ar\/notas\/var\/www\/html\/notas\/wp-content\/uploads\/2022\/07\/acto-50-anos-Juventud-Comunista-1-1024x683.jpeg 1024w, https:\/\/www.elsindical.com.ar\/notas\/var\/www\/html\/notas\/wp-content\/uploads\/2022\/07\/acto-50-anos-Juventud-Comunista-1-300x200.jpeg 300w, https:\/\/www.elsindical.com.ar\/notas\/var\/www\/html\/notas\/wp-content\/uploads\/2022\/07\/acto-50-anos-Juventud-Comunista-1-768x512.jpeg 768w, https:\/\/www.elsindical.com.ar\/notas\/var\/www\/html\/notas\/wp-content\/uploads\/2022\/07\/acto-50-anos-Juventud-Comunista-1-450x300.jpeg 450w, https:\/\/www.elsindical.com.ar\/notas\/var\/www\/html\/notas\/wp-content\/uploads\/2022\/07\/acto-50-anos-Juventud-Comunista-1.jpeg 1280w\" sizes=\"auto, (max-width: 1024px) 100vw, 1024px\" \/><\/a><\/figure>\n<\/figure>\n","protected":false},"excerpt":{"rendered":"<p>Con m\u00e1s de 5000 j\u00f3venes presentes, la Juventud Comunista Revolucionaria de la Argentina festej\u00f3 su 50 aniversario en el microestadio de Ferro. Nietos del Cordobazo, hijos del Argentinazo, la Juventud Comunista Revolucionaria dej\u00f3 en claro que sigue vigente la lucha por hacer posible lo necesario: una patria donde ning\u00fan habitante pase hambre y donde podamos&hellip;<\/p>\n","protected":false},"author":1,"featured_media":115134,"comment_status":"open","ping_status":"open","sticky":false,"template":"","format":"standard","meta":{"footnotes":""},"categories":[13],"tags":[37740,127,37738,2450,37741,37739,37721,13712,37735,37736,37737],"class_list":["post-115133","post","type-post","status-publish","format-standard","has-post-thumbnail","hentry","category-politica","tag-alejandro-limache","tag-argentina","tag-bruno-wienbziski","tag-diario-el-sindical","tag-emilse-cantos","tag-guadalupe-soruco","tag-juventud-comunista-revolucionaria","tag-luciano-alvarez","tag-microestadio-ferro","tag-oradores","tag-valentina-foppiani"],"_links":{"self":[{"href":"https:\/\/www.elsindical.com.ar\/notas\/wp-json\/wp\/v2\/posts\/115133","targetHints":{"allow":["GET"]}}],"collection":[{"href":"https:\/\/www.elsindical.com.ar\/notas\/wp-json\/wp\/v2\/posts"}],"about":[{"href":"https:\/\/www.elsindical.com.ar\/notas\/wp-json\/wp\/v2\/types\/post"}],"author":[{"embeddable":true,"href":"https:\/\/www.elsindical.com.ar\/notas\/wp-json\/wp\/v2\/users\/1"}],"replies":[{"embeddable":true,"href":"https:\/\/www.elsindical.com.ar\/notas\/wp-json\/wp\/v2\/comments?post=115133"}],"version-history":[{"count":1,"href":"https:\/\/www.elsindical.com.ar\/notas\/wp-json\/wp\/v2\/posts\/115133\/revisions"}],"predecessor-version":[{"id":115141,"href":"https:\/\/www.elsindical.com.ar\/notas\/wp-json\/wp\/v2\/posts\/115133\/revisions\/115141"}],"wp:featuredmedia":[{"embeddable":true,"href":"https:\/\/www.elsindical.com.ar\/notas\/wp-json\/wp\/v2\/media\/115134"}],"wp:attachment":[{"href":"https:\/\/www.elsindical.com.ar\/notas\/wp-json\/wp\/v2\/media?parent=115133"}],"wp:term":[{"taxonomy":"category","embeddable":true,"href":"https:\/\/www.elsindical.com.ar\/notas\/wp-json\/wp\/v2\/categories?post=115133"},{"taxonomy":"post_tag","embeddable":true,"href":"https:\/\/www.elsindical.com.ar\/notas\/wp-json\/wp\/v2\/tags?post=115133"}],"curies":[{"name":"wp","href":"https:\/\/api.w.org\/{rel}","templated":true}]}}