{"id":115082,"date":"2022-07-15T11:42:46","date_gmt":"2022-07-15T14:42:46","guid":{"rendered":"https:\/\/www.elsindical.com.ar\/notas\/?p=115082"},"modified":"2022-07-15T11:42:48","modified_gmt":"2022-07-15T14:42:48","slug":"estatales-bonaerenses-exigen-reabrir-las-paritarias","status":"publish","type":"post","link":"https:\/\/www.elsindical.com.ar\/notas\/estatales-bonaerenses-exigen-reabrir-las-paritarias\/","title":{"rendered":"Estatales bonaerenses exigen reabrir las paritarias"},"content":{"rendered":"<div class=\"wp-block-image\">\n<figure class=\"aligncenter size-full is-resized\"><a href=\"https:\/\/www.elsindical.com.ar\/notas\/var\/www\/html\/notas\/wp-content\/uploads\/2016\/01\/Oscar-de-Isasi.jpg\"><img loading=\"lazy\" decoding=\"async\" src=\"https:\/\/www.elsindical.com.ar\/notas\/var\/www\/html\/notas\/wp-content\/uploads\/2016\/01\/Oscar-de-Isasi.jpg\" alt=\"\" class=\"wp-image-56367\" width=\"765\" height=\"393\" srcset=\"https:\/\/www.elsindical.com.ar\/notas\/var\/www\/html\/notas\/wp-content\/uploads\/2016\/01\/Oscar-de-Isasi.jpg 531w, https:\/\/www.elsindical.com.ar\/notas\/var\/www\/html\/notas\/wp-content\/uploads\/2016\/01\/Oscar-de-Isasi-300x154.jpg 300w, https:\/\/www.elsindical.com.ar\/notas\/var\/www\/html\/notas\/wp-content\/uploads\/2016\/01\/Oscar-de-Isasi-500x257.jpg 500w\" sizes=\"auto, (max-width: 765px) 100vw, 765px\" \/><\/a><\/figure>\n<\/div>\n\n\n<p class=\"wp-block-paragraph\">La Asociaci\u00f3n Trabajadores del Estado (ATE) y la Federaci\u00f3n de Gremios Estatales y Particulares de la Provincia de Buenos Aires (FEGEPPBA) solicitaron al Ministerio de Trabajo bonaerense la <strong>reapertura de la negociaci\u00f3n salarial <\/strong>en busca de mantener el poder adquisitivo tras conocerse esta tarde el indicador inflacionario que registr\u00f3 para junio <strong>un incremento del costo de precios del 5.3 por ciento<\/strong>.<\/p>\n\n\n\n<p class=\"wp-block-paragraph\">\u201cNuestras estimaciones nos marcan que la inflaci\u00f3n a julio va a superar el aumento de salarios para ese mismo per\u00edodo. <strong>Est\u00e1 claro que la inflaci\u00f3n superar\u00e1 el incremento <\/strong>que estaba previsto\u201d. indic\u00f3 el secretario general de ATE, Oscar de Isasi .<\/p>\n\n\n\n<p class=\"wp-block-paragraph\">Para el dirgente gremial es necesario \u201crecuperar poder adquisitivo\u201d por lo que pidi\u00f3 \u201cinstrumentar nuevas medidas para <strong>que el salario vuelva a estar por encima de la inflaci\u00f3n<\/strong>\u201c, y agreg\u00f3: \u201c\u00c9se es el objetivo de ATE y tambi\u00e9n as\u00ed lo ha expresado el gobierno bonaerense. Por ende quedamos a la espera de la convocatoria paritaria\u201d.<\/p>\n\n\n\n<p class=\"wp-block-paragraph\">Por su parte, desde FEGEPPBA, los secretarios Adjunto y General de esa entidad, Miguel Zubieta y Julio Castro, enviaron una carta a la titular de la cartera laboral, Mara Ruiz Malec, en la que sostuvieron que no se prev\u00e9 \u201cun mejor pron\u00f3stico para los meses venideros, quedado <strong>superada ampliamente la expectativa inflacionaria <\/strong>tenida en cuenta al momento de la \u00faltima negociaci\u00f3n paritaria, erosionando gravemente los salarios\u201d.<\/p>\n\n\n\n<p class=\"wp-block-paragraph\">\u201cDe no atenderse el planteo y de continuar con la pauta salarial acordada, -resulta Importante destacar- que a la fecha la inflaci\u00f3n acumulada la ha superado; a la luz del lamentable esquema inflacionario que se viene registrando en nuestro pa\u00eds, y sin considerar un posible agravamiento, al finalizar el a\u00f1o las trabajadoras y los trabajadores estatales bonaerenses estar\u00edan perdiendo m\u00e1s de un salario mensual\u201d, se\u00f1alaron en la nota en la que pidieron \u201cla <strong>urgente reapertura de la negociaci\u00f3n paritaria salarial<\/strong>, en un escenario que ya est\u00e1 previendo que la inflaci\u00f3n acumulada anual superara ampliamente el 60% que se considerara oportunamente\u201d.<\/p>\n","protected":false},"excerpt":{"rendered":"<p>La Asociaci\u00f3n Trabajadores del Estado (ATE) y la Federaci\u00f3n de Gremios Estatales y Particulares de la Provincia de Buenos Aires (FEGEPPBA) solicitaron al Ministerio de Trabajo bonaerense la reapertura de la negociaci\u00f3n salarial en busca de mantener el poder adquisitivo tras conocerse esta tarde el indicador inflacionario que registr\u00f3 para junio un incremento del costo&hellip;<\/p>\n","protected":false},"author":1,"featured_media":56367,"comment_status":"open","ping_status":"open","sticky":false,"template":"","format":"standard","meta":{"footnotes":""},"categories":[16],"tags":[290,2450,20802,17950,2107],"class_list":["post-115082","post","type-post","status-publish","format-standard","has-post-thumbnail","hentry","category-gremiales","tag-ate","tag-diario-el-sindical","tag-fegeppba","tag-oscar-de-isasi","tag-paritarias"],"_links":{"self":[{"href":"https:\/\/www.elsindical.com.ar\/notas\/wp-json\/wp\/v2\/posts\/115082","targetHints":{"allow":["GET"]}}],"collection":[{"href":"https:\/\/www.elsindical.com.ar\/notas\/wp-json\/wp\/v2\/posts"}],"about":[{"href":"https:\/\/www.elsindical.com.ar\/notas\/wp-json\/wp\/v2\/types\/post"}],"author":[{"embeddable":true,"href":"https:\/\/www.elsindical.com.ar\/notas\/wp-json\/wp\/v2\/users\/1"}],"replies":[{"embeddable":true,"href":"https:\/\/www.elsindical.com.ar\/notas\/wp-json\/wp\/v2\/comments?post=115082"}],"version-history":[{"count":1,"href":"https:\/\/www.elsindical.com.ar\/notas\/wp-json\/wp\/v2\/posts\/115082\/revisions"}],"predecessor-version":[{"id":115083,"href":"https:\/\/www.elsindical.com.ar\/notas\/wp-json\/wp\/v2\/posts\/115082\/revisions\/115083"}],"wp:featuredmedia":[{"embeddable":true,"href":"https:\/\/www.elsindical.com.ar\/notas\/wp-json\/wp\/v2\/media\/56367"}],"wp:attachment":[{"href":"https:\/\/www.elsindical.com.ar\/notas\/wp-json\/wp\/v2\/media?parent=115082"}],"wp:term":[{"taxonomy":"category","embeddable":true,"href":"https:\/\/www.elsindical.com.ar\/notas\/wp-json\/wp\/v2\/categories?post=115082"},{"taxonomy":"post_tag","embeddable":true,"href":"https:\/\/www.elsindical.com.ar\/notas\/wp-json\/wp\/v2\/tags?post=115082"}],"curies":[{"name":"wp","href":"https:\/\/api.w.org\/{rel}","templated":true}]}}