{"id":115064,"date":"2022-07-15T09:09:40","date_gmt":"2022-07-15T12:09:40","guid":{"rendered":"https:\/\/www.elsindical.com.ar\/notas\/?p=115064"},"modified":"2022-07-15T09:43:43","modified_gmt":"2022-07-15T12:43:43","slug":"la-pfa-desbarato-una-narco-familia-en-villa-zavaleta","status":"publish","type":"post","link":"https:\/\/www.elsindical.com.ar\/notas\/la-pfa-desbarato-una-narco-familia-en-villa-zavaleta\/","title":{"rendered":"La PFA desbarat\u00f3 una narco familia en Villa Zavaleta"},"content":{"rendered":"<div class=\"wp-block-image\">\n<figure class=\"aligncenter size-large\"><a href=\"https:\/\/www.elsindical.com.ar\/notas\/var\/www\/html\/notas\/wp-content\/uploads\/2022\/07\/PFA-allanamiento-drogas-en-Zavaleta-1.jpeg\"><img loading=\"lazy\" decoding=\"async\" width=\"983\" height=\"1024\" src=\"https:\/\/www.elsindical.com.ar\/notas\/var\/www\/html\/notas\/wp-content\/uploads\/2022\/07\/PFA-allanamiento-drogas-en-Zavaleta-1-983x1024.jpeg\" alt=\"\" class=\"wp-image-115065\" srcset=\"https:\/\/www.elsindical.com.ar\/notas\/var\/www\/html\/notas\/wp-content\/uploads\/2022\/07\/PFA-allanamiento-drogas-en-Zavaleta-1-983x1024.jpeg 983w, https:\/\/www.elsindical.com.ar\/notas\/var\/www\/html\/notas\/wp-content\/uploads\/2022\/07\/PFA-allanamiento-drogas-en-Zavaleta-1-288x300.jpeg 288w, https:\/\/www.elsindical.com.ar\/notas\/var\/www\/html\/notas\/wp-content\/uploads\/2022\/07\/PFA-allanamiento-drogas-en-Zavaleta-1-768x800.jpeg 768w, https:\/\/www.elsindical.com.ar\/notas\/var\/www\/html\/notas\/wp-content\/uploads\/2022\/07\/PFA-allanamiento-drogas-en-Zavaleta-1.jpeg 1229w\" sizes=\"auto, (max-width: 983px) 100vw, 983px\" \/><\/a><\/figure>\n<\/div>\n\n\n<p>Agentes federales de la Divisi\u00f3n Homicidios desarticularon en el barrio de Barracas una organizaci\u00f3n familiar narcocriminal.<\/p>\n\n\n\n<p>Las investigaciones se iniciaron tras un homicidio ocurrido a fines de noviembre del a\u00f1o 2020, perpetrado por integrantes de una conocida familia de la zona, denominados \u201cCarvallo Oliveira \u201c, donde resultare victima un operario de servicio de internet, en circunstancias en que realizaba tareas de mantenimiento en un poste de luz, ubicado en la intersecci\u00f3n de las calles Cayasta y Luna, de dicho medio.<\/p>\n\n\n\n<p>En dicha oportunidad, se pudo capturar a los autores del homicidio quedando la organizaci\u00f3n familiar diezmada por las detenciones, pero continuando bajo el liderazgo de la mujer de uno de los aprehendidos, quien se habr\u00eda \u201casociado\u201d con una organizaci\u00f3n criminal de similares caracter\u00edsticas, llamada \u201cLos de la Cali\u201d, para recuperar dominio territorial y la venta de drogas en la zona de \u201cVilla Zabaleta\u201d.<\/p>\n\n\n\n<p>Con las minuciosas pruebas aportadas por los uniformados, el Juzgado Nacional en lo Criminal y Correccional Federal N\u00b0 5 a cargo de la Dra. Mar\u00eda Eugenia Capuchetti, Secretar\u00eda N\u00b0 9 a cargo del Dr. Federico Clero orden\u00f3 un total de nueve allanamientos en el interior del barrio antes denominado, y uno en la localidad bonaerense de Bernal, donde se logr\u00f3 la detenci\u00f3n de tres hombres y una mujer de nacionalidad paraguaya, esta \u00faltima cabecilla de la banda en cuesti\u00f3n.<\/p>\n\n\n\n<p>Asimismo se logr\u00f3 el secuestro de m\u00e1s de 470 dosis de marihuana, 37 dosis de coca\u00edna, 1 rev\u00f3lver calibre 22, 1 balanza de precisi\u00f3n, cinco tel\u00e9fonos celulares y dem\u00e1s elementos de inter\u00e9s a la causa.<\/p>\n\n\n\n<p>Los detenidos mayores de edad, junto a los elementos secuestrados, quedaron a disposici\u00f3n del juzgado interventor por infracci\u00f3n a la Ley de drogas.<\/p>\n\n\n\n<figure class=\"wp-block-gallery has-nested-images columns-1 is-cropped wp-block-gallery-1 is-layout-flex wp-block-gallery-is-layout-flex\">\n<figure class=\"wp-block-image size-large\"><a href=\"https:\/\/www.elsindical.com.ar\/notas\/var\/www\/html\/notas\/wp-content\/uploads\/2022\/07\/PFA-allanamiento-drogas-en-Zavaleta-2.jpeg\"><img loading=\"lazy\" decoding=\"async\" width=\"576\" height=\"1024\" data-id=\"115067\" src=\"https:\/\/www.elsindical.com.ar\/notas\/var\/www\/html\/notas\/wp-content\/uploads\/2022\/07\/PFA-allanamiento-drogas-en-Zavaleta-2-576x1024.jpeg\" alt=\"\" class=\"wp-image-115067\" srcset=\"https:\/\/www.elsindical.com.ar\/notas\/var\/www\/html\/notas\/wp-content\/uploads\/2022\/07\/PFA-allanamiento-drogas-en-Zavaleta-2-576x1024.jpeg 576w, https:\/\/www.elsindical.com.ar\/notas\/var\/www\/html\/notas\/wp-content\/uploads\/2022\/07\/PFA-allanamiento-drogas-en-Zavaleta-2-169x300.jpeg 169w, https:\/\/www.elsindical.com.ar\/notas\/var\/www\/html\/notas\/wp-content\/uploads\/2022\/07\/PFA-allanamiento-drogas-en-Zavaleta-2.jpeg 720w\" sizes=\"auto, (max-width: 576px) 100vw, 576px\" \/><\/a><\/figure>\n\n\n\n<figure class=\"wp-block-image size-large\"><a href=\"https:\/\/www.elsindical.com.ar\/notas\/var\/www\/html\/notas\/wp-content\/uploads\/2022\/07\/PFA-allanamiento-drogas-en-Zavaleta-3.jpeg\"><img loading=\"lazy\" decoding=\"async\" width=\"768\" height=\"1024\" data-id=\"115068\" src=\"https:\/\/www.elsindical.com.ar\/notas\/var\/www\/html\/notas\/wp-content\/uploads\/2022\/07\/PFA-allanamiento-drogas-en-Zavaleta-3.jpeg\" alt=\"\" class=\"wp-image-115068\" srcset=\"https:\/\/www.elsindical.com.ar\/notas\/var\/www\/html\/notas\/wp-content\/uploads\/2022\/07\/PFA-allanamiento-drogas-en-Zavaleta-3.jpeg 768w, https:\/\/www.elsindical.com.ar\/notas\/var\/www\/html\/notas\/wp-content\/uploads\/2022\/07\/PFA-allanamiento-drogas-en-Zavaleta-3-225x300.jpeg 225w\" sizes=\"auto, (max-width: 768px) 100vw, 768px\" \/><\/a><\/figure>\n\n\n\n<figure class=\"wp-block-image size-large\"><a href=\"https:\/\/www.elsindical.com.ar\/notas\/var\/www\/html\/notas\/wp-content\/uploads\/2022\/07\/PFA-allanamiento-drogas-en-Zavaleta-4.jpeg\"><img loading=\"lazy\" decoding=\"async\" width=\"1024\" height=\"786\" data-id=\"115066\" src=\"https:\/\/www.elsindical.com.ar\/notas\/var\/www\/html\/notas\/wp-content\/uploads\/2022\/07\/PFA-allanamiento-drogas-en-Zavaleta-4-1024x786.jpeg\" alt=\"\" class=\"wp-image-115066\" srcset=\"https:\/\/www.elsindical.com.ar\/notas\/var\/www\/html\/notas\/wp-content\/uploads\/2022\/07\/PFA-allanamiento-drogas-en-Zavaleta-4-1024x786.jpeg 1024w, https:\/\/www.elsindical.com.ar\/notas\/var\/www\/html\/notas\/wp-content\/uploads\/2022\/07\/PFA-allanamiento-drogas-en-Zavaleta-4-300x230.jpeg 300w, https:\/\/www.elsindical.com.ar\/notas\/var\/www\/html\/notas\/wp-content\/uploads\/2022\/07\/PFA-allanamiento-drogas-en-Zavaleta-4-768x589.jpeg 768w, https:\/\/www.elsindical.com.ar\/notas\/var\/www\/html\/notas\/wp-content\/uploads\/2022\/07\/PFA-allanamiento-drogas-en-Zavaleta-4-391x300.jpeg 391w, https:\/\/www.elsindical.com.ar\/notas\/var\/www\/html\/notas\/wp-content\/uploads\/2022\/07\/PFA-allanamiento-drogas-en-Zavaleta-4.jpeg 1280w\" sizes=\"auto, (max-width: 1024px) 100vw, 1024px\" \/><\/a><\/figure>\n\n\n\n<figure class=\"wp-block-image size-large\"><a href=\"https:\/\/www.elsindical.com.ar\/notas\/var\/www\/html\/notas\/wp-content\/uploads\/2022\/07\/PFA-allanamiento-drogas-en-Zavaleta-5.jpeg\"><img loading=\"lazy\" decoding=\"async\" width=\"1024\" height=\"850\" data-id=\"115070\" src=\"https:\/\/www.elsindical.com.ar\/notas\/var\/www\/html\/notas\/wp-content\/uploads\/2022\/07\/PFA-allanamiento-drogas-en-Zavaleta-5-1024x850.jpeg\" alt=\"\" class=\"wp-image-115070\" srcset=\"https:\/\/www.elsindical.com.ar\/notas\/var\/www\/html\/notas\/wp-content\/uploads\/2022\/07\/PFA-allanamiento-drogas-en-Zavaleta-5-1024x850.jpeg 1024w, https:\/\/www.elsindical.com.ar\/notas\/var\/www\/html\/notas\/wp-content\/uploads\/2022\/07\/PFA-allanamiento-drogas-en-Zavaleta-5-300x249.jpeg 300w, https:\/\/www.elsindical.com.ar\/notas\/var\/www\/html\/notas\/wp-content\/uploads\/2022\/07\/PFA-allanamiento-drogas-en-Zavaleta-5-768x637.jpeg 768w, https:\/\/www.elsindical.com.ar\/notas\/var\/www\/html\/notas\/wp-content\/uploads\/2022\/07\/PFA-allanamiento-drogas-en-Zavaleta-5-362x300.jpeg 362w, https:\/\/www.elsindical.com.ar\/notas\/var\/www\/html\/notas\/wp-content\/uploads\/2022\/07\/PFA-allanamiento-drogas-en-Zavaleta-5.jpeg 1280w\" sizes=\"auto, (max-width: 1024px) 100vw, 1024px\" \/><\/a><\/figure>\n\n\n\n<figure class=\"wp-block-image size-large\"><a href=\"https:\/\/www.elsindical.com.ar\/notas\/var\/www\/html\/notas\/wp-content\/uploads\/2022\/07\/PFA-allanamiento-drogas-en-Zavaleta-6.jpeg\"><img loading=\"lazy\" decoding=\"async\" width=\"1024\" height=\"946\" data-id=\"115069\" src=\"https:\/\/www.elsindical.com.ar\/notas\/var\/www\/html\/notas\/wp-content\/uploads\/2022\/07\/PFA-allanamiento-drogas-en-Zavaleta-6-1024x946.jpeg\" alt=\"\" class=\"wp-image-115069\" srcset=\"https:\/\/www.elsindical.com.ar\/notas\/var\/www\/html\/notas\/wp-content\/uploads\/2022\/07\/PFA-allanamiento-drogas-en-Zavaleta-6-1024x946.jpeg 1024w, https:\/\/www.elsindical.com.ar\/notas\/var\/www\/html\/notas\/wp-content\/uploads\/2022\/07\/PFA-allanamiento-drogas-en-Zavaleta-6-300x277.jpeg 300w, https:\/\/www.elsindical.com.ar\/notas\/var\/www\/html\/notas\/wp-content\/uploads\/2022\/07\/PFA-allanamiento-drogas-en-Zavaleta-6-768x710.jpeg 768w, https:\/\/www.elsindical.com.ar\/notas\/var\/www\/html\/notas\/wp-content\/uploads\/2022\/07\/PFA-allanamiento-drogas-en-Zavaleta-6-325x300.jpeg 325w, https:\/\/www.elsindical.com.ar\/notas\/var\/www\/html\/notas\/wp-content\/uploads\/2022\/07\/PFA-allanamiento-drogas-en-Zavaleta-6.jpeg 1280w\" sizes=\"auto, (max-width: 1024px) 100vw, 1024px\" \/><\/a><\/figure>\n<\/figure>\n\n\n\n<figure class=\"wp-block-embed is-type-video is-provider-youtube wp-block-embed-youtube wp-embed-aspect-16-9 wp-has-aspect-ratio\"><div class=\"wp-block-embed__wrapper\">\n<iframe loading=\"lazy\" title=\"Allanamiento PFA en Villa Zavaleta\" width=\"700\" height=\"394\" src=\"https:\/\/www.youtube.com\/embed\/sAt8ev5k784?feature=oembed\" frameborder=\"0\" allow=\"accelerometer; autoplay; clipboard-write; encrypted-media; gyroscope; picture-in-picture\" allowfullscreen><\/iframe>\n<\/div><\/figure>\n","protected":false},"excerpt":{"rendered":"<p>Agentes federales de la Divisi\u00f3n Homicidios desarticularon en el barrio de Barracas una organizaci\u00f3n familiar narcocriminal. Las investigaciones se iniciaron tras un homicidio ocurrido a fines de noviembre del a\u00f1o 2020, perpetrado por integrantes de una conocida familia de la zona, denominados \u201cCarvallo Oliveira \u201c, donde resultare victima un operario de servicio de internet, en&hellip;<\/p>\n","protected":false},"author":1,"featured_media":115065,"comment_status":"open","ping_status":"open","sticky":false,"template":"","format":"standard","meta":{"footnotes":""},"categories":[22],"tags":[493,683,2450,382,698,684,21680],"class_list":["post-115064","post","type-post","status-publish","format-standard","has-post-thumbnail","hentry","category-policiales","tag-allanamientos","tag-bernal","tag-diario-el-sindical","tag-drogas","tag-pfa","tag-quilmes","tag-villa-zavaleta"],"_links":{"self":[{"href":"https:\/\/www.elsindical.com.ar\/notas\/wp-json\/wp\/v2\/posts\/115064","targetHints":{"allow":["GET"]}}],"collection":[{"href":"https:\/\/www.elsindical.com.ar\/notas\/wp-json\/wp\/v2\/posts"}],"about":[{"href":"https:\/\/www.elsindical.com.ar\/notas\/wp-json\/wp\/v2\/types\/post"}],"author":[{"embeddable":true,"href":"https:\/\/www.elsindical.com.ar\/notas\/wp-json\/wp\/v2\/users\/1"}],"replies":[{"embeddable":true,"href":"https:\/\/www.elsindical.com.ar\/notas\/wp-json\/wp\/v2\/comments?post=115064"}],"version-history":[{"count":2,"href":"https:\/\/www.elsindical.com.ar\/notas\/wp-json\/wp\/v2\/posts\/115064\/revisions"}],"predecessor-version":[{"id":115078,"href":"https:\/\/www.elsindical.com.ar\/notas\/wp-json\/wp\/v2\/posts\/115064\/revisions\/115078"}],"wp:featuredmedia":[{"embeddable":true,"href":"https:\/\/www.elsindical.com.ar\/notas\/wp-json\/wp\/v2\/media\/115065"}],"wp:attachment":[{"href":"https:\/\/www.elsindical.com.ar\/notas\/wp-json\/wp\/v2\/media?parent=115064"}],"wp:term":[{"taxonomy":"category","embeddable":true,"href":"https:\/\/www.elsindical.com.ar\/notas\/wp-json\/wp\/v2\/categories?post=115064"},{"taxonomy":"post_tag","embeddable":true,"href":"https:\/\/www.elsindical.com.ar\/notas\/wp-json\/wp\/v2\/tags?post=115064"}],"curies":[{"name":"wp","href":"https:\/\/api.w.org\/{rel}","templated":true}]}}