{"id":115061,"date":"2022-07-15T00:32:18","date_gmt":"2022-07-15T03:32:18","guid":{"rendered":"https:\/\/www.elsindical.com.ar\/notas\/?p=115061"},"modified":"2022-07-15T00:32:20","modified_gmt":"2022-07-15T03:32:20","slug":"se-estrena-la-cita-una-radiografia-mordaz-del-sistema-judicial","status":"publish","type":"post","link":"https:\/\/www.elsindical.com.ar\/notas\/se-estrena-la-cita-una-radiografia-mordaz-del-sistema-judicial\/","title":{"rendered":"Se estrena \u00abLa cita\u00bb: una radiograf\u00eda mordaz del sistema judicial"},"content":{"rendered":"<div class=\"wp-block-image\">\n<figure class=\"aligncenter size-full\"><a href=\"https:\/\/www.elsindical.com.ar\/notas\/var\/www\/html\/notas\/wp-content\/uploads\/2022\/07\/La-Cita.png\"><img loading=\"lazy\" decoding=\"async\" width=\"396\" height=\"555\" src=\"https:\/\/www.elsindical.com.ar\/notas\/var\/www\/html\/notas\/wp-content\/uploads\/2022\/07\/La-Cita.png\" alt=\"\" class=\"wp-image-115062\" srcset=\"https:\/\/www.elsindical.com.ar\/notas\/var\/www\/html\/notas\/wp-content\/uploads\/2022\/07\/La-Cita.png 396w, https:\/\/www.elsindical.com.ar\/notas\/var\/www\/html\/notas\/wp-content\/uploads\/2022\/07\/La-Cita-214x300.png 214w\" sizes=\"auto, (max-width: 396px) 100vw, 396px\" \/><\/a><\/figure>\n<\/div>\n\n\n<figure class=\"wp-block-table\"><table><tbody><tr><td>La obra \u00abLa cita\u00bb, una propuesta en tono de comedia que juega con el lenguaje del absurdo y presenta una poderosa cr\u00edtica al Poder Judicial, se estrenar\u00e1 este s\u00e1bado a las 18.30 en el Teatro Beckett. <br>Dirigida por Romina Stampone y Elisa Sustaita, ambas adem\u00e1s abogadas, \u00abLa cita\u00bb estar\u00e1 en cartelera durante ocho funciones en Guardia Vieja 3556.\u00a0Esta obra, cuya dramaturgia fue premiada en el Concurso de Dramaturgia de la Editora \u00abJuan Ojeda\u00bb en el a\u00f1o 2019, toma como punto de partida al poder judicial y lo alejado que parece estar el mismo de la sociedad. Bajo los c\u00f3digos de la comedia, \u00abLa Cita\u00bb, es un grito contra el absurdo de la justicia y busca interpelar al espectador sobre situaciones que todos vivimos alguna vez, por lo que resulta dif\u00edcil mantenerse al margen del relato. El espect\u00e1culo se centra en Juan, un hombre com\u00fan, que un buen d\u00eda queda atrapado dentro de un sistema que parece no tener otro fin que el de satisfacerse a s\u00ed mismo. Sobre la obra: La cita es una propuesta cercana al teatro del absurdo y tiene por referentes autores como Franz Kafka y Lewis Carroll. La acci\u00f3n se sit\u00faa dentro de las agencias burocr\u00e1ticas del estado, espec\u00edficamente, el poder judicial. All\u00ed, Juan, busca ser atendido para realizar un simple reclamo. Para ello, no solo debe esperar largas horas, sino que es obligado a completar una serie de il\u00f3gicos formularios. La historia se complica cuando, finalmente, lo atienden, pero lejos de ser escuchado, es sometido a un juicio tras el cual resulta considerado un peligroso criminal y debe ser encerrado antes de cometer otro terrible delito. As\u00ed, se ve inmerso en los caprichos de un sistema que mastica y escupe a sus v\u00edctimas, quedando a merced de un conjunto de personas que parecen m\u00e1s preocupadas por mantener las formas que por impartir justicia. Los protagonistas de la pieza que se ofrecer\u00e1 en la sala sita en Guardia Vieja 3556, son Nicol\u00e1s Cayol, Candela Font, Lucas Zeballos, Ignacio Procopio y Agust\u00edn Yaneff.<br>La escenograf\u00eda est\u00e1 a cargo de Camilia Lian Colombo y el responsable de la iluminaci\u00f3n es Mariano Ariel Basile.<br><em>\u00ab\u00a1No me diga que tampoco habla lat\u00edn&#8230; desconoce el lenguaje de la ley, ah\u00ed est\u00e1 el problema!\u00bb<\/em><br><br>Mail: rominastampone21@hotmail.com \u00a0<\/td><\/tr><tr><td><a href=\"https:\/\/webmail.elsindical.com.ar\/cpsess0084277173\/3rdparty\/roundcube\/?_task=mail&amp;_framed=1&amp;_caps=pdf%3D1%2Cflash%3D0%2Ctiff%3D0%2Cwebp%3D1%2Cpgpmime%3D0&amp;_uid=62307&amp;_mbox=INBOX&amp;_safe=1&amp;_action=preview#v1\"><\/a> <strong>Ficha T\u00e9cnica:<\/strong><\/td><\/tr><tr><td><a href=\"https:\/\/webmail.elsindical.com.ar\/cpsess0084277173\/3rdparty\/roundcube\/?_task=mail&amp;_framed=1&amp;_caps=pdf%3D1%2Cflash%3D0%2Ctiff%3D0%2Cwebp%3D1%2Cpgpmime%3D0&amp;_uid=62307&amp;_mbox=INBOX&amp;_safe=1&amp;_action=preview#v1\"><\/a> &nbsp; <strong>Dramaturgia: <\/strong>Elisa Sustaita <strong>Act\u00faan: <\/strong>Nicol\u00e1s Cayol; Candela Font; Lucas Zeballos; Ignacio Procopio y Agust\u00edn Yaneff. <strong>Direcci\u00f3n:<\/strong> Romina Stampone y Elisa Sustaita <strong>Vestuario y dise\u00f1o de escenograf\u00eda<\/strong>: Camila Lian Colombo <strong>Dise\u00f1o de luces<\/strong>: Mariano Ariel Basile <strong>Producci\u00f3n:<\/strong> Tatiana D\u00b4Agate <strong>Funciones<\/strong>: S\u00e1bados 18.30hs desde el 16\/07\/22 hasta el 03\/09\/22. &nbsp; <strong>Duraci\u00f3n del espect\u00e1culo:<\/strong> 60 minutos Teatro Beckett: Guardia Vieja 3556. Clasificaciones: Teatro, Presencial, Todo p\u00fablico &nbsp;<\/td><\/tr><tr><td><a href=\"https:\/\/webmail.elsindical.com.ar\/cpsess0084277173\/3rdparty\/roundcube\/?_task=mail&amp;_framed=1&amp;_caps=pdf%3D1%2Cflash%3D0%2Ctiff%3D0%2Cwebp%3D1%2Cpgpmime%3D0&amp;_uid=62307&amp;_mbox=INBOX&amp;_safe=1&amp;_action=preview#v1\"><\/a> &nbsp; <a href=\"https:\/\/4k0mq.r.a.d.sendibm1.com\/mk\/cl\/f\/oOEnH4shqPZbEmJa5U-6CWN7SdeRt2ACrob1NSkeasC1keL4tPi4p70cTy7sUTkFXY9cf40PWOI9c20i94P3yLRh5CbGgSXL5wVZ4ZK4dzyguE7zC8yCDkLcHxQv108WbwOAp8uM_7yN4z-wRU-6jPRCrooHZPzI3UJY22VGThH_sNSa0EuSh2yyvZGcK9QzHuaCjFITBPPhon46LNpy6vbrHabi3p_B59iL1ERd260vEBotInaZkS--c5H2vg\" target=\"_blank\" rel=\"noreferrer noopener\">LOCALIDADES POR ALTERNATIVA TEATRAL<\/a><\/td><\/tr><\/tbody><\/table><\/figure>\n","protected":false},"excerpt":{"rendered":"<p>La obra \u00abLa cita\u00bb, una propuesta en tono de comedia que juega con el lenguaje del absurdo y presenta una poderosa cr\u00edtica al Poder Judicial, se estrenar\u00e1 este s\u00e1bado a las 18.30 en el Teatro Beckett. Dirigida por Romina Stampone y Elisa Sustaita, ambas adem\u00e1s abogadas, \u00abLa cita\u00bb estar\u00e1 en cartelera durante ocho funciones en&hellip;<\/p>\n","protected":false},"author":1,"featured_media":115062,"comment_status":"open","ping_status":"open","sticky":false,"template":"","format":"standard","meta":{"footnotes":""},"categories":[15],"tags":[2450,37718,37720,37717,37719],"class_list":["post-115061","post","type-post","status-publish","format-standard","has-post-thumbnail","hentry","category-espectaculos","tag-diario-el-sindical","tag-elisa-sustaita","tag-la-cita","tag-romina-stampone","tag-teatro-beckett"],"_links":{"self":[{"href":"https:\/\/www.elsindical.com.ar\/notas\/wp-json\/wp\/v2\/posts\/115061","targetHints":{"allow":["GET"]}}],"collection":[{"href":"https:\/\/www.elsindical.com.ar\/notas\/wp-json\/wp\/v2\/posts"}],"about":[{"href":"https:\/\/www.elsindical.com.ar\/notas\/wp-json\/wp\/v2\/types\/post"}],"author":[{"embeddable":true,"href":"https:\/\/www.elsindical.com.ar\/notas\/wp-json\/wp\/v2\/users\/1"}],"replies":[{"embeddable":true,"href":"https:\/\/www.elsindical.com.ar\/notas\/wp-json\/wp\/v2\/comments?post=115061"}],"version-history":[{"count":1,"href":"https:\/\/www.elsindical.com.ar\/notas\/wp-json\/wp\/v2\/posts\/115061\/revisions"}],"predecessor-version":[{"id":115063,"href":"https:\/\/www.elsindical.com.ar\/notas\/wp-json\/wp\/v2\/posts\/115061\/revisions\/115063"}],"wp:featuredmedia":[{"embeddable":true,"href":"https:\/\/www.elsindical.com.ar\/notas\/wp-json\/wp\/v2\/media\/115062"}],"wp:attachment":[{"href":"https:\/\/www.elsindical.com.ar\/notas\/wp-json\/wp\/v2\/media?parent=115061"}],"wp:term":[{"taxonomy":"category","embeddable":true,"href":"https:\/\/www.elsindical.com.ar\/notas\/wp-json\/wp\/v2\/categories?post=115061"},{"taxonomy":"post_tag","embeddable":true,"href":"https:\/\/www.elsindical.com.ar\/notas\/wp-json\/wp\/v2\/tags?post=115061"}],"curies":[{"name":"wp","href":"https:\/\/api.w.org\/{rel}","templated":true}]}}