{"id":115029,"date":"2022-07-13T00:57:43","date_gmt":"2022-07-13T03:57:43","guid":{"rendered":"https:\/\/www.elsindical.com.ar\/notas\/?p=115029"},"modified":"2022-07-13T00:57:46","modified_gmt":"2022-07-13T03:57:46","slug":"independiente-la-justicia-habilito-la-lista-de-fabian-doman-y-el-oficialismo-debera-llamar-a-elecciones","status":"publish","type":"post","link":"https:\/\/www.elsindical.com.ar\/notas\/independiente-la-justicia-habilito-la-lista-de-fabian-doman-y-el-oficialismo-debera-llamar-a-elecciones\/","title":{"rendered":"Independiente: la Justicia habilit\u00f3 la lista de Fabi\u00e1n Doman y el oficialismo deber\u00e1 llamar a elecciones"},"content":{"rendered":"<div class=\"wp-block-image\">\n<figure class=\"aligncenter size-full is-resized\"><a href=\"https:\/\/www.elsindical.com.ar\/notas\/var\/www\/html\/notas\/wp-content\/uploads\/2022\/07\/sede-Club-Independiente.jpg\"><img loading=\"lazy\" decoding=\"async\" src=\"https:\/\/www.elsindical.com.ar\/notas\/var\/www\/html\/notas\/wp-content\/uploads\/2022\/07\/sede-Club-Independiente.jpg\" alt=\"\" class=\"wp-image-115030\" width=\"763\" height=\"427\" srcset=\"https:\/\/www.elsindical.com.ar\/notas\/var\/www\/html\/notas\/wp-content\/uploads\/2022\/07\/sede-Club-Independiente.jpg 567w, https:\/\/www.elsindical.com.ar\/notas\/var\/www\/html\/notas\/wp-content\/uploads\/2022\/07\/sede-Club-Independiente-300x168.jpg 300w, https:\/\/www.elsindical.com.ar\/notas\/var\/www\/html\/notas\/wp-content\/uploads\/2022\/07\/sede-Club-Independiente-500x280.jpg 500w\" sizes=\"auto, (max-width: 763px) 100vw, 763px\" \/><\/a><\/figure>\n<\/div>\n\n\n<p>La C\u00e1mara de Apelaciones de Lomas de Zamora revoc\u00f3 el fallo y dio el visto bueno para que la Agrupaci\u00f3n Independiente Tradicional forme parte de los comicios.<\/p>\n\n\n\n<p><strong>Fabi\u00e1n Doman<\/strong> hizo un nuevo llamado a elecciones en <strong>Independiente,<\/strong> luego de que la Justicia revocara el fallo que imped\u00eda la participaci\u00f3n de la \u00ab<em>Agrupaci\u00f3n Independiente Tradicional\u00bb<\/em>.<\/p>\n\n\n\n<p><em>\u00abSe hizo justicia. Ahora podemos participar con la Agrupaci\u00f3n Independiente Tradicional de las elecciones. No hab\u00edamos presentado mal los papeles. Nos hab\u00edan prohibido. Agradecimiento a todos los que nos bancaron esta larga traves\u00eda. Ahora Hugo Moyano debe convocar a ELECCIONES YA!\u00bb<\/em>, escribi\u00f3 Doman en su cuenta oficial de Twitter.<\/p>\n\n\n\n<p><em>\u00abHoy ganaron las socias, socios y los hinchas que van a poder elegir a quien quieran para conducir Independiente. Y eso es lo que mas feliz me pone. Gan\u00f3 la democracia. Se termin\u00f3 la pesadilla\u00bb<\/em>, agreg\u00f3 el conductor de televisi\u00f3n.<\/p>\n\n\n\n<p>La C\u00e1mara de Apelaciones de Lomas de Zamora revoc\u00f3 la sentencia apelada del 31 de mayo de este a\u00f1o e hizo lugar a la demanda de amparo promovida por <strong>Cristian Ritondo, Doman, N\u00e9stor Grindetti y Juan Ignacio Marconi<\/strong> contra la Junta Electoral de Independiente, que decret\u00f3 la suspensi\u00f3n de <strong>\u00abAgrupaci\u00f3n Independiente Tradicional\u00bb.<\/strong><\/p>\n\n\n\n<p>Independiente, que vive una crisis institucional, econ\u00f3mica y deportiva, organiz\u00f3 para el 19 de diciembre de 2021 las elecciones para elegir al nuevo presidente, con la participaci\u00f3n de Hugo Moyano en el oficialismo; y las listas \u00ab<strong>Unidad Independiente\u00bb<\/strong>, con Doman, y \u00ab<strong>Gente de Independiente\u00bb<\/strong>, con Claudio Rudecindo.<\/p>\n\n\n\n<p>La Junta Electoral del club de Avellaneda puso reparos en la lista de Doman por supuestas irregularidades.<\/p>\n\n\n\n<p>A fines de mayo de este a\u00f1o, no prosper\u00f3 la idea de una lista \u00fanica propuesta por el oficialismo<\/p>\n","protected":false},"excerpt":{"rendered":"<p>La C\u00e1mara de Apelaciones de Lomas de Zamora revoc\u00f3 el fallo y dio el visto bueno para que la Agrupaci\u00f3n Independiente Tradicional forme parte de los comicios. Fabi\u00e1n Doman hizo un nuevo llamado a elecciones en Independiente, luego de que la Justicia revocara el fallo que imped\u00eda la participaci\u00f3n de la \u00abAgrupaci\u00f3n Independiente Tradicional\u00bb. \u00abSe&hellip;<\/p>\n","protected":false},"author":1,"featured_media":115030,"comment_status":"open","ping_status":"open","sticky":false,"template":"","format":"standard","meta":{"footnotes":""},"categories":[7,20],"tags":[37708,2450,35012,77,4449],"class_list":["post-115029","post","type-post","status-publish","format-standard","has-post-thumbnail","hentry","category-deportes","category-judiciales","tag-camara-de-apelaciones-de-lomas-de-zamora","tag-diario-el-sindical","tag-fabian-doman","tag-hugo-moyano","tag-independiente"],"_links":{"self":[{"href":"https:\/\/www.elsindical.com.ar\/notas\/wp-json\/wp\/v2\/posts\/115029","targetHints":{"allow":["GET"]}}],"collection":[{"href":"https:\/\/www.elsindical.com.ar\/notas\/wp-json\/wp\/v2\/posts"}],"about":[{"href":"https:\/\/www.elsindical.com.ar\/notas\/wp-json\/wp\/v2\/types\/post"}],"author":[{"embeddable":true,"href":"https:\/\/www.elsindical.com.ar\/notas\/wp-json\/wp\/v2\/users\/1"}],"replies":[{"embeddable":true,"href":"https:\/\/www.elsindical.com.ar\/notas\/wp-json\/wp\/v2\/comments?post=115029"}],"version-history":[{"count":1,"href":"https:\/\/www.elsindical.com.ar\/notas\/wp-json\/wp\/v2\/posts\/115029\/revisions"}],"predecessor-version":[{"id":115031,"href":"https:\/\/www.elsindical.com.ar\/notas\/wp-json\/wp\/v2\/posts\/115029\/revisions\/115031"}],"wp:featuredmedia":[{"embeddable":true,"href":"https:\/\/www.elsindical.com.ar\/notas\/wp-json\/wp\/v2\/media\/115030"}],"wp:attachment":[{"href":"https:\/\/www.elsindical.com.ar\/notas\/wp-json\/wp\/v2\/media?parent=115029"}],"wp:term":[{"taxonomy":"category","embeddable":true,"href":"https:\/\/www.elsindical.com.ar\/notas\/wp-json\/wp\/v2\/categories?post=115029"},{"taxonomy":"post_tag","embeddable":true,"href":"https:\/\/www.elsindical.com.ar\/notas\/wp-json\/wp\/v2\/tags?post=115029"}],"curies":[{"name":"wp","href":"https:\/\/api.w.org\/{rel}","templated":true}]}}