{"id":115016,"date":"2022-07-12T23:09:20","date_gmt":"2022-07-13T02:09:20","guid":{"rendered":"https:\/\/www.elsindical.com.ar\/notas\/?p=115016"},"modified":"2022-07-12T23:09:21","modified_gmt":"2022-07-13T02:09:21","slug":"los-rolling-stones-celebran-60-anos-de-carrera-con-una-gira-por-europa","status":"publish","type":"post","link":"https:\/\/www.elsindical.com.ar\/notas\/los-rolling-stones-celebran-60-anos-de-carrera-con-una-gira-por-europa\/","title":{"rendered":"Los Rolling Stones celebran 60 a\u00f1os de carrera con una gira por Europa"},"content":{"rendered":"<div class=\"wp-block-image\">\n<figure class=\"aligncenter size-full\"><a href=\"https:\/\/www.elsindical.com.ar\/notas\/var\/www\/html\/notas\/wp-content\/uploads\/2022\/07\/The-Rolling-Stones-old.jpg\"><img loading=\"lazy\" decoding=\"async\" width=\"640\" height=\"384\" src=\"https:\/\/www.elsindical.com.ar\/notas\/var\/www\/html\/notas\/wp-content\/uploads\/2022\/07\/The-Rolling-Stones-old.jpg\" alt=\"\" class=\"wp-image-115017\" srcset=\"https:\/\/www.elsindical.com.ar\/notas\/var\/www\/html\/notas\/wp-content\/uploads\/2022\/07\/The-Rolling-Stones-old.jpg 640w, https:\/\/www.elsindical.com.ar\/notas\/var\/www\/html\/notas\/wp-content\/uploads\/2022\/07\/The-Rolling-Stones-old-300x180.jpg 300w, https:\/\/www.elsindical.com.ar\/notas\/var\/www\/html\/notas\/wp-content\/uploads\/2022\/07\/The-Rolling-Stones-old-500x300.jpg 500w\" sizes=\"auto, (max-width: 640px) 100vw, 640px\" \/><\/a><\/figure>\n<\/div>\n\n\n<p>La legendaria banda brit\u00e1nica comenzar\u00e1 su nuevo tour en Madrid el 1\u00ba de junio y recorrer\u00e1 diez pa\u00edses. <\/p>\n\n\n\n<p>Los Rolling Stones anunciaron una nueva gira, que por ahora se reduce a suelo europeo. Se trata del tour que lleva por nombre \u201cSIXTY\u201d, y que celebra el 60 aniversario de su formaci\u00f3n como banda. De acuerdo a lo posteado en los perfiles de redes oficiales, el nuevo recorrido de Mick Jagger, Keith Richards, Ron Wood y sus m\u00fasicos de acompa\u00f1amiento comenzar\u00e1 el 1\u00ba de junio en el estadio Wanda Metropolitano de Madrid y terminar\u00e1 el 31 de julio en el Friends Arena de Estocolmo.<\/p>\n\n\n\n<p>\u201cSIXTY\u201d es una gira por diez pa\u00edses, que a su vez prev\u00e9 dos conciertos en Londres. \u201c\u00a1Estamos encantados de anunciar la gira Rolling Stones 2022, titulada \u00abSIXTY\u00bb, para celebrar 60 a\u00f1os especiales juntos. Mick, Keith y Ronnie tocar\u00e1n en toda Europa este verano (boreal), incluidos dos espect\u00e1culos en el BST Hyde Park de Londres\u201d, dice el texto posteado por \u201cSus Majestades\u201d.<\/p>\n\n\n\n<p>Las fechas anunciadas son las siguientes: 1\u00ba de junio en Madrid (Espa\u00f1a), 5 de junio en Munich (Alemania), 9 de junio en Liverpoool (Inglaterra), 13 de junio en Amsterdam (Holanda), 17 de junio en Berna (Suiza), 21 de junio en Mil\u00e1n (Italia), 25 de junio y 3 de julio en Londres (Inglaterra), 11 de julio en Bruselas (B\u00e9lgica), 15 de julio en Viena (Austria), 19 de julio en Lyon (Francia), 23 de julio en Par\u00eds (Francia), 27 de julio en Gelsenkirchen (Alemania) y 31 de julio en Estocolmo (Suecia). De acuerdo a un relevamiento anal\u00edtico de las nuevas fechas, el grupo pasar\u00e1 por Liverpool despu\u00e9s de 50 a\u00f1os.<\/p>\n\n\n\n<p>A esta gira la legendaria brit\u00e1nica llega con una ausencia notoria, la del baterista Charlie Watts, que falleci\u00f3 el pasado agosto a los 80 a\u00f1os, tras m\u00e1s de medio siglo de carrera en sus filas. Para este aniversario, los Stones, que el a\u00f1o pasado hicieron una gira por Estados Unidos, titulada \u201cNo Filter\u201d, han preparado una nueva producci\u00f3n y un nuevo dise\u00f1o de su conocida lengua. El precio de las entradas en este tour estar\u00e1 entre los 50 y los 280 euros.<\/p>\n\n\n\n<p>Esta nueva gira por Europa aliment\u00f3 las esperanzas de los fans argentinos, que esperan que el grupo vuelva a actuar en el pa\u00eds. Sin embargo, el empresario Daniel Grinbank, encargado de organizar los anteriores shows de la banda en Argentina, desminti\u00f3 categ\u00f3ricamente que Jagger y compa\u00f1\u00eda tengan planes de girar por Sudam\u00e9rica, al menos en el presente a\u00f1o. As\u00ed lo asegur\u00f3 desde su cuenta de Twitter, despu\u00e9s de que un periodista brasile\u00f1o alent\u00f3 rumores sobre una pr\u00f3xima visita del grupo por estas tierras.<\/p>\n\n\n\n<p>Actualmente, los Stones tienen entre 78 a\u00f1os (Jagger y Richards) y 74 a\u00f1os (Ronnie Wood). En la bater\u00eda ahora se sienta Steve Jordan, experimentado baterista que forma parte de los Xpensive Winos, la banda solista de Richards.<\/p>\n\n\n\n<p>El grupo se form\u00f3 en Londres en abril de 1962. La formaci\u00f3n original inclu\u00eda a Jagger, Richards, Watts, Brian Jones (fallecido en 1969) y Bill Wyman (el bajista que se alej\u00f3 en 1992). En 1964 publicaron su primer \u00e1lbum hom\u00f3nimo, puntapi\u00e9 de una discograf\u00eda que dio joyas como \u201cAftermath\u201d (1966), \u201cBeggars Banquet\u201d (1968), \u201cLet It Bleed\u201d (1969), \u201cSticky Fingers\u201d (1971) y \u201cExile On Main Street\u201d (1972). Despu\u00e9s se destacaron tambi\u00e9n con \u201cSome Girls\u201d (1978) y \u201cTattoo You\u201d (1981), y con sus giras de estadios que se encuentran entre las mejores y m\u00e1s exitosas de toda la historia del rock.<\/p>\n\n\n\n<p>En 1989 fueron incluidos en el Sal\u00f3n de la Fama del Rock and Roll, y en 2004 la revista estadounidense Rolling Stone los coloc\u00f3 en el puesto n\u00famero cuatro en su lista de los 50 mejores artistas de todos los tiempos. Ning\u00fan grupo de rock hasta la fecha ha sostenido una trayectoria tan duradera y todav\u00eda mundialmente reconocida como los Stones.<\/p>\n\n\n\n<p><\/p>\n\n\n<div class=\"wp-block-image\">\n<figure class=\"aligncenter size-full\"><a href=\"https:\/\/www.elsindical.com.ar\/notas\/var\/www\/html\/notas\/wp-content\/uploads\/2022\/07\/The-Rolling-Stones-60.jpg\"><img loading=\"lazy\" decoding=\"async\" width=\"709\" height=\"395\" src=\"https:\/\/www.elsindical.com.ar\/notas\/var\/www\/html\/notas\/wp-content\/uploads\/2022\/07\/The-Rolling-Stones-60.jpg\" alt=\"\" class=\"wp-image-115018\" srcset=\"https:\/\/www.elsindical.com.ar\/notas\/var\/www\/html\/notas\/wp-content\/uploads\/2022\/07\/The-Rolling-Stones-60.jpg 709w, https:\/\/www.elsindical.com.ar\/notas\/var\/www\/html\/notas\/wp-content\/uploads\/2022\/07\/The-Rolling-Stones-60-300x167.jpg 300w, https:\/\/www.elsindical.com.ar\/notas\/var\/www\/html\/notas\/wp-content\/uploads\/2022\/07\/The-Rolling-Stones-60-500x279.jpg 500w\" sizes=\"auto, (max-width: 709px) 100vw, 709px\" \/><\/a><\/figure>\n<\/div>","protected":false},"excerpt":{"rendered":"<p>La legendaria banda brit\u00e1nica comenzar\u00e1 su nuevo tour en Madrid el 1\u00ba de junio y recorrer\u00e1 diez pa\u00edses. Los Rolling Stones anunciaron una nueva gira, que por ahora se reduce a suelo europeo. Se trata del tour que lleva por nombre \u201cSIXTY\u201d, y que celebra el 60 aniversario de su formaci\u00f3n como banda. De acuerdo&hellip;<\/p>\n","protected":false},"author":1,"featured_media":115017,"comment_status":"open","ping_status":"open","sticky":false,"template":"","format":"standard","meta":{"footnotes":""},"categories":[15],"tags":[37703,997,2450,18613],"class_list":["post-115016","post","type-post","status-publish","format-standard","has-post-thumbnail","hentry","category-espectaculos","tag-60-aniversario","tag-banda","tag-diario-el-sindical","tag-the-rolling-stones"],"_links":{"self":[{"href":"https:\/\/www.elsindical.com.ar\/notas\/wp-json\/wp\/v2\/posts\/115016","targetHints":{"allow":["GET"]}}],"collection":[{"href":"https:\/\/www.elsindical.com.ar\/notas\/wp-json\/wp\/v2\/posts"}],"about":[{"href":"https:\/\/www.elsindical.com.ar\/notas\/wp-json\/wp\/v2\/types\/post"}],"author":[{"embeddable":true,"href":"https:\/\/www.elsindical.com.ar\/notas\/wp-json\/wp\/v2\/users\/1"}],"replies":[{"embeddable":true,"href":"https:\/\/www.elsindical.com.ar\/notas\/wp-json\/wp\/v2\/comments?post=115016"}],"version-history":[{"count":1,"href":"https:\/\/www.elsindical.com.ar\/notas\/wp-json\/wp\/v2\/posts\/115016\/revisions"}],"predecessor-version":[{"id":115019,"href":"https:\/\/www.elsindical.com.ar\/notas\/wp-json\/wp\/v2\/posts\/115016\/revisions\/115019"}],"wp:featuredmedia":[{"embeddable":true,"href":"https:\/\/www.elsindical.com.ar\/notas\/wp-json\/wp\/v2\/media\/115017"}],"wp:attachment":[{"href":"https:\/\/www.elsindical.com.ar\/notas\/wp-json\/wp\/v2\/media?parent=115016"}],"wp:term":[{"taxonomy":"category","embeddable":true,"href":"https:\/\/www.elsindical.com.ar\/notas\/wp-json\/wp\/v2\/categories?post=115016"},{"taxonomy":"post_tag","embeddable":true,"href":"https:\/\/www.elsindical.com.ar\/notas\/wp-json\/wp\/v2\/tags?post=115016"}],"curies":[{"name":"wp","href":"https:\/\/api.w.org\/{rel}","templated":true}]}}