{"id":114979,"date":"2022-07-11T09:46:52","date_gmt":"2022-07-11T12:46:52","guid":{"rendered":"https:\/\/www.elsindical.com.ar\/notas\/?p=114979"},"modified":"2022-07-11T09:46:53","modified_gmt":"2022-07-11T12:46:53","slug":"silvina-batakis-anuncio-medidas-para-garantizar-el-equilibrio-fiscal","status":"publish","type":"post","link":"https:\/\/www.elsindical.com.ar\/notas\/silvina-batakis-anuncio-medidas-para-garantizar-el-equilibrio-fiscal\/","title":{"rendered":"Silvina Batakis anunci\u00f3 medidas para \u201cgarantizar el equilibrio fiscal\u201d"},"content":{"rendered":"\n<figure class=\"wp-block-image size-large\"><a href=\"https:\/\/www.elsindical.com.ar\/notas\/var\/www\/html\/notas\/wp-content\/uploads\/2022\/07\/Silvina-Batakis-primea-conferencia-ministra-de-economia-nacional.jpg\"><img loading=\"lazy\" decoding=\"async\" width=\"1024\" height=\"576\" src=\"https:\/\/www.elsindical.com.ar\/notas\/var\/www\/html\/notas\/wp-content\/uploads\/2022\/07\/Silvina-Batakis-primea-conferencia-ministra-de-economia-nacional-1024x576.jpg\" alt=\"\" class=\"wp-image-114980\" srcset=\"https:\/\/www.elsindical.com.ar\/notas\/var\/www\/html\/notas\/wp-content\/uploads\/2022\/07\/Silvina-Batakis-primea-conferencia-ministra-de-economia-nacional-1024x576.jpg 1024w, https:\/\/www.elsindical.com.ar\/notas\/var\/www\/html\/notas\/wp-content\/uploads\/2022\/07\/Silvina-Batakis-primea-conferencia-ministra-de-economia-nacional-300x169.jpg 300w, https:\/\/www.elsindical.com.ar\/notas\/var\/www\/html\/notas\/wp-content\/uploads\/2022\/07\/Silvina-Batakis-primea-conferencia-ministra-de-economia-nacional-768x432.jpg 768w, https:\/\/www.elsindical.com.ar\/notas\/var\/www\/html\/notas\/wp-content\/uploads\/2022\/07\/Silvina-Batakis-primea-conferencia-ministra-de-economia-nacional-500x281.jpg 500w, https:\/\/www.elsindical.com.ar\/notas\/var\/www\/html\/notas\/wp-content\/uploads\/2022\/07\/Silvina-Batakis-primea-conferencia-ministra-de-economia-nacional-460x260.jpg 460w, https:\/\/www.elsindical.com.ar\/notas\/var\/www\/html\/notas\/wp-content\/uploads\/2022\/07\/Silvina-Batakis-primea-conferencia-ministra-de-economia-nacional.jpg 1200w\" sizes=\"auto, (max-width: 1024px) 100vw, 1024px\" \/><\/a><\/figure>\n\n\n\n<p class=\"wp-block-paragraph\">Se mantienen las metas acordadas con el FMI, se crear\u00e1 un comit\u00e9 asesor de deuda, se congelar\u00e1 el personal en todos los organismos del Estado y se avanzar\u00e1 en la segmentaci\u00f3n de tarifas, entre otras cosas.<\/p>\n\n\n\n<p class=\"wp-block-paragraph\"><strong>La ministra de Econom\u00eda, Silvina Batakis, encabez\u00f3 este lunes la conferencia de prensa en la cual se hicieron anuncios en pos de \u201cgarantizar el equilibrio fiscal\u201d. <\/strong>Congelamiento de la planta de trabajadores en todos los organismos del Estado, darle m\u00e1s eficiencia a cada una de las erogaciones del sistema p\u00fablico, creaci\u00f3n de un comit\u00e9 de deuda, se mantienen las metas acortadas con el Fondo Monetario Internacional (FMI), son algunos de los anuncios.<\/p>\n\n\n\n<p class=\"wp-block-paragraph\">\u201cEl mundo est\u00e1 en desequilibrio\u201d, advirti\u00f3 la funcionaria, que el fin de semana mantuvo un encuentro con su equipo econ\u00f3mico y el presidenta Alberto Fern\u00e1ndez. \u201cLa guerra nos afecta mucho\u201d, explic\u00f3 al respecto.<\/p>\n\n\n\n<p class=\"wp-block-paragraph\">En este marco, Batakis plante\u00f3: \u201cLa matriz productiva queremos mantenerla, sostenerla, complejizarla, tener m\u00e1s puestos de trabajo. Queremos exportar m\u00e1s. Esa es nuestra consigna, no un modelo especulativo\u201d. \u201c<strong>Necesitamos la fuerza y la voluntad pol\u00edtica de cada uno de los ministros y dar cierto orden y equilibrio a las finanzas publicas del Estado nacional<\/strong>\u201c, apunt\u00f3.<\/p>\n\n\n\n<p class=\"wp-block-paragraph\">\u201c<strong>Las medidas tienen que ver con garantizar el equilibrio fiscal<\/strong>, creo en el equilibrio y la solvencia del estado como promotor del trabajo\u201d, explic\u00f3 la funcionaria en la rueda de prensa, y dio paso a enumerar todas las medidas que se adoptar\u00e1n.<\/p>\n\n\n\n<p class=\"wp-block-paragraph\">En ese sentido, precis\u00f3 que \u201c<strong>las cuotas presupuestarias mensuales que el Ministerio de Econom\u00eda asigna va a ser acorde con la proyecci\u00f3n de caja real<\/strong>\u201c.<\/p>\n\n\n\n<p class=\"wp-block-paragraph\">\u201c<strong>Se mantienen las metas acordadas con el Fondo Monetario Internacional<\/strong>. Entendemos que es un acuerdo que firmamos como Estado y tenemos que cumplir; si queremos insistir en que este acuerdo es la consecuencia de una llegada del FMI en un momento de m\u00e1xima especulaci\u00f3n argentina\u201d, anunci\u00f3, al tiempo que precis\u00f3 que se propondr\u00e1 la creaci\u00f3n de un comit\u00e9 asesor de deuda.<\/p>\n\n\n\n<p class=\"wp-block-paragraph\">Tambi\u00e9n breg\u00f3 por \u201cdarle <strong>m\u00e1s eficiencia a cada una de las erogaciones en el sistema p\u00fablico<\/strong>\u201c. \u201cTodos los organismos tienen que estar contemplados en el manejo eficiente del presupuesto y las erogaciones\u201d, explic\u00f3, y apost\u00f3 a una \u201csistema de cuentas \u00fanicas, que garantiza poder planificar la utilizaci\u00f3n eficiente de los recursos del Estado\u201d.<\/p>\n\n\n\n<p class=\"wp-block-paragraph\">En cuanto a la administraci\u00f3n del personal del sistema p\u00fablico, propuso que \u201c<strong>el congelamiento de personal que hoy est\u00e1 vigente se ampl\u00ede a todos los organismos del Estado<\/strong>\u201c.<\/p>\n\n\n\n<p class=\"wp-block-paragraph\">Por otro lado, respald\u00f3 el \u201csendero de <strong>tasas <\/strong>de inter\u00e9s en t\u00e9rminos positivos\u201d. \u201cVamos a respetar el cronograma y vamos a ir hacia un terreno positivo\u201d, apunt\u00f3.<\/p>\n\n\n\n<p class=\"wp-block-paragraph\">En cuanto al tipo de cambio, dijo estar \u201cc\u00f3moda\u201d. \u201cEntendemos que <strong>el tipo de cambio multilateral est\u00e1 en una situaci\u00f3n de equilibrio<\/strong>\u201c, explic\u00f3.<\/p>\n\n\n\n<p class=\"wp-block-paragraph\">En t\u00e9rminos energ\u00e9ticos, Batakis se\u00f1al\u00f3: \u201cVenimos sosteniendo este aumento de la provisi\u00f3n de energ\u00eda y una buena noticia es que se abrieron los sobres de licitaci\u00f3n del primer tramo del gasoducto N\u00e9stor Kirchner\u201d. \u201c<strong>El viernes va a estar lista la implementaci\u00f3n de la segmentaci\u00f3n de las tarifas.<\/strong> Se va a implementar tal cual lo estableci\u00f3 el decreto\u201d, apunt\u00f3.<\/p>\n\n\n\n<p class=\"wp-block-paragraph\">Adem\u00e1s, anunci\u00f3 que <strong>se avanzar\u00e1 en la reglamentaci\u00f3n del Tribunal de Defensa de la Competencia<\/strong>, para contener la suba de precios. \u201cNo podemos permitir abusos de precios. Lo que ocurri\u00f3 esta semana no tiene ninguna explicaci\u00f3n t\u00e9cnica sino que es especulativo\u201d, advirti\u00f3.<\/p>\n","protected":false},"excerpt":{"rendered":"<p>Se mantienen las metas acordadas con el FMI, se crear\u00e1 un comit\u00e9 asesor de deuda, se congelar\u00e1 el personal en todos los organismos del Estado y se avanzar\u00e1 en la segmentaci\u00f3n de tarifas, entre otras cosas. La ministra de Econom\u00eda, Silvina Batakis, encabez\u00f3 este lunes la conferencia de prensa en la cual se hicieron anuncios&hellip;<\/p>\n","protected":false},"author":1,"featured_media":114980,"comment_status":"open","ping_status":"open","sticky":false,"template":"","format":"standard","meta":{"footnotes":""},"categories":[9,13],"tags":[8146,4882,2450,22023,6925,37693],"class_list":["post-114979","post","type-post","status-publish","format-standard","has-post-thumbnail","hentry","category-economia","category-politica","tag-anuncios","tag-conferencia-de-prensa","tag-diario-el-sindical","tag-economia","tag-fmi","tag-silvina-batakis"],"_links":{"self":[{"href":"https:\/\/www.elsindical.com.ar\/notas\/wp-json\/wp\/v2\/posts\/114979","targetHints":{"allow":["GET"]}}],"collection":[{"href":"https:\/\/www.elsindical.com.ar\/notas\/wp-json\/wp\/v2\/posts"}],"about":[{"href":"https:\/\/www.elsindical.com.ar\/notas\/wp-json\/wp\/v2\/types\/post"}],"author":[{"embeddable":true,"href":"https:\/\/www.elsindical.com.ar\/notas\/wp-json\/wp\/v2\/users\/1"}],"replies":[{"embeddable":true,"href":"https:\/\/www.elsindical.com.ar\/notas\/wp-json\/wp\/v2\/comments?post=114979"}],"version-history":[{"count":1,"href":"https:\/\/www.elsindical.com.ar\/notas\/wp-json\/wp\/v2\/posts\/114979\/revisions"}],"predecessor-version":[{"id":114981,"href":"https:\/\/www.elsindical.com.ar\/notas\/wp-json\/wp\/v2\/posts\/114979\/revisions\/114981"}],"wp:featuredmedia":[{"embeddable":true,"href":"https:\/\/www.elsindical.com.ar\/notas\/wp-json\/wp\/v2\/media\/114980"}],"wp:attachment":[{"href":"https:\/\/www.elsindical.com.ar\/notas\/wp-json\/wp\/v2\/media?parent=114979"}],"wp:term":[{"taxonomy":"category","embeddable":true,"href":"https:\/\/www.elsindical.com.ar\/notas\/wp-json\/wp\/v2\/categories?post=114979"},{"taxonomy":"post_tag","embeddable":true,"href":"https:\/\/www.elsindical.com.ar\/notas\/wp-json\/wp\/v2\/tags?post=114979"}],"curies":[{"name":"wp","href":"https:\/\/api.w.org\/{rel}","templated":true}]}}