{"id":114926,"date":"2022-07-08T13:43:04","date_gmt":"2022-07-08T16:43:04","guid":{"rendered":"https:\/\/www.elsindical.com.ar\/notas\/?p=114926"},"modified":"2022-07-08T13:54:37","modified_gmt":"2022-07-08T16:54:37","slug":"san-isidro-persecucion-y-muerte-en-la-panamericana-3-victimas-fatales","status":"publish","type":"post","link":"https:\/\/www.elsindical.com.ar\/notas\/san-isidro-persecucion-y-muerte-en-la-panamericana-3-victimas-fatales\/","title":{"rendered":"San Isidro: Persecuci\u00f3n y muerte en la Panamericana, 3 v\u00edctimas fatales"},"content":{"rendered":"\n<figure class=\"wp-block-image size-full\"><a href=\"https:\/\/www.elsindical.com.ar\/notas\/var\/www\/html\/notas\/wp-content\/uploads\/2022\/07\/Persecucion-mortal-Panamericana.jpg\"><img loading=\"lazy\" decoding=\"async\" width=\"900\" height=\"506\" src=\"https:\/\/www.elsindical.com.ar\/notas\/var\/www\/html\/notas\/wp-content\/uploads\/2022\/07\/Persecucion-mortal-Panamericana.jpg\" alt=\"\" class=\"wp-image-114927\" srcset=\"https:\/\/www.elsindical.com.ar\/notas\/var\/www\/html\/notas\/wp-content\/uploads\/2022\/07\/Persecucion-mortal-Panamericana.jpg 900w, https:\/\/www.elsindical.com.ar\/notas\/var\/www\/html\/notas\/wp-content\/uploads\/2022\/07\/Persecucion-mortal-Panamericana-300x169.jpg 300w, https:\/\/www.elsindical.com.ar\/notas\/var\/www\/html\/notas\/wp-content\/uploads\/2022\/07\/Persecucion-mortal-Panamericana-768x432.jpg 768w, https:\/\/www.elsindical.com.ar\/notas\/var\/www\/html\/notas\/wp-content\/uploads\/2022\/07\/Persecucion-mortal-Panamericana-500x281.jpg 500w, https:\/\/www.elsindical.com.ar\/notas\/var\/www\/html\/notas\/wp-content\/uploads\/2022\/07\/Persecucion-mortal-Panamericana-460x260.jpg 460w\" sizes=\"auto, (max-width: 900px) 100vw, 900px\" \/><\/a><\/figure>\n\n\n\n<p class=\"wp-block-paragraph\">El siniestro se produjo alrededor de las 06:00 hs de esta ma\u00f1ana en el kil\u00f3metro 33,7 de la ex tuta nacional 9.<\/p>\n\n\n\n<p class=\"wp-block-paragraph\"><strong>Tres muertos y un herido grave<\/strong> es el resultado de un <strong>choque entre un autom\u00f3vil y un cami\u00f3n<\/strong>, cuando el primero de esos rodados era perseguido por la polic\u00eda por el ramal Campana de la autopista <strong>Panamericana<\/strong>, en direcci\u00f3n a provincia, inform\u00f3 la concesionaria Ausol.<\/p>\n\n\n\n<p class=\"wp-block-paragraph\">Minutos antes de las 07:30 el tr\u00e1nsito vehicular era<strong> desviado hacia la colectora<\/strong>, mientras los bomberos contin\u00faan con los trabajos para retirar los cuerpos del autom\u00f3vil, mientras la fiscal de turno del Departamento Judicial de San Isidro y los peritos analizan los hechos.<\/p>\n\n\n<div class=\"wp-block-image\">\n<figure class=\"aligncenter size-full\"><a href=\"https:\/\/www.elsindical.com.ar\/notas\/var\/www\/html\/notas\/wp-content\/uploads\/2022\/07\/evasion-en-la-Panamericana.jpg\"><img loading=\"lazy\" decoding=\"async\" width=\"756\" height=\"379\" src=\"https:\/\/www.elsindical.com.ar\/notas\/var\/www\/html\/notas\/wp-content\/uploads\/2022\/07\/evasion-en-la-Panamericana.jpg\" alt=\"\" class=\"wp-image-114930\" srcset=\"https:\/\/www.elsindical.com.ar\/notas\/var\/www\/html\/notas\/wp-content\/uploads\/2022\/07\/evasion-en-la-Panamericana.jpg 756w, https:\/\/www.elsindical.com.ar\/notas\/var\/www\/html\/notas\/wp-content\/uploads\/2022\/07\/evasion-en-la-Panamericana-300x150.jpg 300w, https:\/\/www.elsindical.com.ar\/notas\/var\/www\/html\/notas\/wp-content\/uploads\/2022\/07\/evasion-en-la-Panamericana-500x251.jpg 500w\" sizes=\"auto, (max-width: 756px) 100vw, 756px\" \/><\/a><\/figure>\n<\/div>\n\n\n<p class=\"wp-block-paragraph\">El siniestro se produjo alrededor de las 06:00 hs de esta ma\u00f1ana en el<strong> kil\u00f3metro 33,7 de la ex tuta nacional 9<\/strong>, a unos 150 metros del peaje troncal, cuando un autom\u00f3vil Volkswagen Vento -que seg\u00fan se indic\u00f3 era perseguido por m\u00f3viles de la Polic\u00eda Bonaerense-, se incrust\u00f3 contra la parte trasera se un cami\u00f3n.<\/p>\n\n\n\n<p class=\"wp-block-paragraph\">Inmediatamente, personal de los bomberos voluntarios de General Pacheco concurrieron al lugar, junto con personal policial y de la empresa Ausol, y <strong>constataron que cuatro personas iban a bordo del veh\u00edculo<\/strong>, de los cuales tres se encontraban fallecidas.<\/p>\n\n\n\n<p class=\"wp-block-paragraph\">Luego de la persecuci\u00f3n policial y el choque en Panamericana que dej\u00f3 tres muertos y un joven herido de gravedad, la investigaci\u00f3n no s\u00f3lo sobre los motivos del hecho sino tambi\u00e9n sobre qui\u00e9nes eran los ocupantes del Volkswagen Vento que evadi\u00f3 un control policial avanzan, y en ese proceso se conoci\u00f3 de qui\u00e9n se trataba el conductor del veh\u00edculo.<\/p>\n\n\n\n<p class=\"wp-block-paragraph\">El joven&nbsp;ten\u00eda 25 a\u00f1os y antecedentes penales. Su nombre es Joel Galv\u00e1n y lo apodaban \u00abEl Gordo\u00bb. De acuerdo a lo que establecieron fuentes policiales a <em>La Naci\u00f3n<\/em>, el auto que conduc\u00eda hab\u00eda sido robado el s\u00e1bado pasado en Escobar. \u201cFamiliares que llegaron al lugar dijeron que el auto era robado y que el Gordo Joel comet\u00eda delitos en la zona norte\u201d, indicaron las fuentes.<\/p>\n\n\n\n<figure class=\"wp-block-image size-large\"><a href=\"https:\/\/www.elsindical.com.ar\/notas\/var\/www\/html\/notas\/wp-content\/uploads\/2022\/07\/Joel-Galvan.jpg\"><img loading=\"lazy\" decoding=\"async\" width=\"1024\" height=\"683\" src=\"https:\/\/www.elsindical.com.ar\/notas\/var\/www\/html\/notas\/wp-content\/uploads\/2022\/07\/Joel-Galvan-1024x683.jpg\" alt=\"\" class=\"wp-image-114929\" srcset=\"https:\/\/www.elsindical.com.ar\/notas\/var\/www\/html\/notas\/wp-content\/uploads\/2022\/07\/Joel-Galvan-1024x683.jpg 1024w, https:\/\/www.elsindical.com.ar\/notas\/var\/www\/html\/notas\/wp-content\/uploads\/2022\/07\/Joel-Galvan-300x200.jpg 300w, https:\/\/www.elsindical.com.ar\/notas\/var\/www\/html\/notas\/wp-content\/uploads\/2022\/07\/Joel-Galvan-768x512.jpg 768w, https:\/\/www.elsindical.com.ar\/notas\/var\/www\/html\/notas\/wp-content\/uploads\/2022\/07\/Joel-Galvan-450x300.jpg 450w, https:\/\/www.elsindical.com.ar\/notas\/var\/www\/html\/notas\/wp-content\/uploads\/2022\/07\/Joel-Galvan.jpg 1200w\" sizes=\"auto, (max-width: 1024px) 100vw, 1024px\" \/><\/a><\/figure>\n\n\n\n<p class=\"wp-block-paragraph\">Galv\u00e1n ten\u00eda antecedentes judiciales: hab\u00eda sido condenado a la pena de tres a\u00f1os de suspenso al ser encontrado culpable del delito de \u201cuso de documento p\u00fablico falso destinado a acreditar la habilitaci\u00f3n para circular de un veh\u00edculo automotor\u201d, indic\u00f3 el periodista Gabriel Di Nicola.<\/p>\n\n\n\n<p class=\"wp-block-paragraph\">\u201cAdem\u00e1s de la condena de prisi\u00f3n en suspenso, Galv\u00e1n estaba procesado por el delito de robo. Se trata de una causa que se tramita en una fiscal\u00eda de Vicente L\u00f3pez\u201d, explic\u00f3 un jefe policial al tanto de los antecedentes de Galv\u00e1n<\/p>\n\n\n\n<p class=\"wp-block-paragraph\">En el asiento del lado del acompa\u00f1ante viajaba Malena Chiocconi, de 21 a\u00f1os, quien tambi\u00e9n falleci\u00f3. Era vecina de San Fernando y, seg\u00fan su madre, la primera vez que ve\u00eda al conductor del auto.<\/p>\n\n\n<div class=\"wp-block-image\">\n<figure class=\"aligncenter size-full\"><a href=\"https:\/\/www.elsindical.com.ar\/notas\/var\/www\/html\/notas\/wp-content\/uploads\/2022\/07\/Malena-Chiocconi.jpg\"><img loading=\"lazy\" decoding=\"async\" width=\"501\" height=\"600\" src=\"https:\/\/www.elsindical.com.ar\/notas\/var\/www\/html\/notas\/wp-content\/uploads\/2022\/07\/Malena-Chiocconi.jpg\" alt=\"\" class=\"wp-image-114928\" srcset=\"https:\/\/www.elsindical.com.ar\/notas\/var\/www\/html\/notas\/wp-content\/uploads\/2022\/07\/Malena-Chiocconi.jpg 501w, https:\/\/www.elsindical.com.ar\/notas\/var\/www\/html\/notas\/wp-content\/uploads\/2022\/07\/Malena-Chiocconi-251x300.jpg 251w\" sizes=\"auto, (max-width: 501px) 100vw, 501px\" \/><\/a><\/figure>\n<\/div>\n\n\n<p class=\"wp-block-paragraph\">La tercera v\u00edctima mortal fue identificada por fuentes oficiales como Joaqu\u00edn Fern\u00e1ndez, de 23 a\u00f1os.<\/p>\n\n\n\n<figure class=\"wp-block-embed is-type-video is-provider-youtube wp-block-embed-youtube wp-embed-aspect-16-9 wp-has-aspect-ratio\"><div class=\"wp-block-embed__wrapper\">\n<iframe loading=\"lazy\" title=\"Fuga mortal en Panamericana\" width=\"700\" height=\"394\" src=\"https:\/\/www.youtube.com\/embed\/5uE6Yfw9rEE?feature=oembed\" frameborder=\"0\" allow=\"accelerometer; autoplay; clipboard-write; encrypted-media; gyroscope; picture-in-picture\" allowfullscreen><\/iframe>\n<\/div><\/figure>\n","protected":false},"excerpt":{"rendered":"<p>El siniestro se produjo alrededor de las 06:00 hs de esta ma\u00f1ana en el kil\u00f3metro 33,7 de la ex tuta nacional 9. Tres muertos y un herido grave es el resultado de un choque entre un autom\u00f3vil y un cami\u00f3n, cuando el primero de esos rodados era perseguido por la polic\u00eda por el ramal Campana&hellip;<\/p>\n","protected":false},"author":1,"featured_media":114927,"comment_status":"open","ping_status":"open","sticky":false,"template":"","format":"standard","meta":{"footnotes":""},"categories":[22],"tags":[2450,37681,37679,37680,68,1463,40,994],"class_list":["post-114926","post","type-post","status-publish","format-standard","has-post-thumbnail","hentry","category-policiales","tag-diario-el-sindical","tag-joaquin-fernandez","tag-joel-galvan","tag-malena-chiocconi","tag-panamericana","tag-san-fernando","tag-san-isidro","tag-san-miguel"],"_links":{"self":[{"href":"https:\/\/www.elsindical.com.ar\/notas\/wp-json\/wp\/v2\/posts\/114926","targetHints":{"allow":["GET"]}}],"collection":[{"href":"https:\/\/www.elsindical.com.ar\/notas\/wp-json\/wp\/v2\/posts"}],"about":[{"href":"https:\/\/www.elsindical.com.ar\/notas\/wp-json\/wp\/v2\/types\/post"}],"author":[{"embeddable":true,"href":"https:\/\/www.elsindical.com.ar\/notas\/wp-json\/wp\/v2\/users\/1"}],"replies":[{"embeddable":true,"href":"https:\/\/www.elsindical.com.ar\/notas\/wp-json\/wp\/v2\/comments?post=114926"}],"version-history":[{"count":2,"href":"https:\/\/www.elsindical.com.ar\/notas\/wp-json\/wp\/v2\/posts\/114926\/revisions"}],"predecessor-version":[{"id":114932,"href":"https:\/\/www.elsindical.com.ar\/notas\/wp-json\/wp\/v2\/posts\/114926\/revisions\/114932"}],"wp:featuredmedia":[{"embeddable":true,"href":"https:\/\/www.elsindical.com.ar\/notas\/wp-json\/wp\/v2\/media\/114927"}],"wp:attachment":[{"href":"https:\/\/www.elsindical.com.ar\/notas\/wp-json\/wp\/v2\/media?parent=114926"}],"wp:term":[{"taxonomy":"category","embeddable":true,"href":"https:\/\/www.elsindical.com.ar\/notas\/wp-json\/wp\/v2\/categories?post=114926"},{"taxonomy":"post_tag","embeddable":true,"href":"https:\/\/www.elsindical.com.ar\/notas\/wp-json\/wp\/v2\/tags?post=114926"}],"curies":[{"name":"wp","href":"https:\/\/api.w.org\/{rel}","templated":true}]}}