{"id":114840,"date":"2022-07-05T11:23:20","date_gmt":"2022-07-05T14:23:20","guid":{"rendered":"https:\/\/www.elsindical.com.ar\/notas\/?p=114840"},"modified":"2022-07-05T11:23:21","modified_gmt":"2022-07-05T14:23:21","slug":"avellaneda-es-patria-llega-el-primer-rally-de-motos-y-autos-antiguos","status":"publish","type":"post","link":"https:\/\/www.elsindical.com.ar\/notas\/avellaneda-es-patria-llega-el-primer-rally-de-motos-y-autos-antiguos\/","title":{"rendered":"Avellaneda es Patria\u201d: Llega el primer rally de motos y autos antiguos"},"content":{"rendered":"<div class=\"wp-block-image\">\n<figure class=\"aligncenter size-full\"><a href=\"https:\/\/www.elsindical.com.ar\/notas\/var\/www\/html\/notas\/wp-content\/uploads\/2022\/07\/Rally-autos-y-motos-antiguos.jpg\"><img loading=\"lazy\" decoding=\"async\" width=\"526\" height=\"526\" src=\"https:\/\/www.elsindical.com.ar\/notas\/var\/www\/html\/notas\/wp-content\/uploads\/2022\/07\/Rally-autos-y-motos-antiguos.jpg\" alt=\"\" class=\"wp-image-114841\" srcset=\"https:\/\/www.elsindical.com.ar\/notas\/var\/www\/html\/notas\/wp-content\/uploads\/2022\/07\/Rally-autos-y-motos-antiguos.jpg 526w, https:\/\/www.elsindical.com.ar\/notas\/var\/www\/html\/notas\/wp-content\/uploads\/2022\/07\/Rally-autos-y-motos-antiguos-300x300.jpg 300w, https:\/\/www.elsindical.com.ar\/notas\/var\/www\/html\/notas\/wp-content\/uploads\/2022\/07\/Rally-autos-y-motos-antiguos-150x150.jpg 150w, https:\/\/www.elsindical.com.ar\/notas\/var\/www\/html\/notas\/wp-content\/uploads\/2022\/07\/Rally-autos-y-motos-antiguos-50x50.jpg 50w\" sizes=\"auto, (max-width: 526px) 100vw, 526px\" \/><\/a><\/figure>\n<\/div>\n\n\n<p class=\"wp-block-paragraph\">Se realizar\u00e1 el s\u00e1bado en La Estaci\u00f3n para conmemorar el 9 de Julio.<\/p>\n\n\n\n<p class=\"wp-block-paragraph\">Con motivo de la celebraci\u00f3n de los 206 a\u00f1os de la declaraci\u00f3n de nuestra Independencia, el s\u00e1bado 9 de Julio se llevar\u00e1 a cabo la actividad \u201cAvellaneda es Patria\u201d, en el Parque la Estaci\u00f3n.<\/p>\n\n\n\n<p class=\"wp-block-paragraph\">A las 12 hs comenzar\u00e1 la carrera de regularidad desde La Estaci\u00f3n, en G\u00fcemes 700, con la participaci\u00f3n de 30 baquets y 30 motos antiguas hasta el a\u00f1o 1940. La misma tendr\u00e1 un recorrido de 10 km. con regreso al Parque Municipal, donde quedar\u00e1n en exposici\u00f3n junto a otros autos antiguos hasta las 18 hs.<\/p>\n\n\n\n<p class=\"wp-block-paragraph\">Adem\u00e1s, habr\u00e1 paseo gastron\u00f3mico y muchas sorpresas m\u00e1s.<\/p>\n\n\n\n<p class=\"wp-block-paragraph\">\u00a1Lxs esperamxs!<\/p>\n","protected":false},"excerpt":{"rendered":"<p>Se realizar\u00e1 el s\u00e1bado en La Estaci\u00f3n para conmemorar el 9 de Julio. Con motivo de la celebraci\u00f3n de los 206 a\u00f1os de la declaraci\u00f3n de nuestra Independencia, el s\u00e1bado 9 de Julio se llevar\u00e1 a cabo la actividad \u201cAvellaneda es Patria\u201d, en el Parque la Estaci\u00f3n. A las 12 hs comenzar\u00e1 la carrera de&hellip;<\/p>\n","protected":false},"author":1,"featured_media":114841,"comment_status":"open","ping_status":"open","sticky":false,"template":"","format":"standard","meta":{"footnotes":""},"categories":[15,25],"tags":[461,37651,2450,36020,11905],"class_list":["post-114840","post","type-post","status-publish","format-standard","has-post-thumbnail","hentry","category-espectaculos","category-sociedad","tag-avellaneda","tag-avellaneda-es-patria","tag-diario-el-sindical","tag-la-estacion","tag-rally"],"_links":{"self":[{"href":"https:\/\/www.elsindical.com.ar\/notas\/wp-json\/wp\/v2\/posts\/114840","targetHints":{"allow":["GET"]}}],"collection":[{"href":"https:\/\/www.elsindical.com.ar\/notas\/wp-json\/wp\/v2\/posts"}],"about":[{"href":"https:\/\/www.elsindical.com.ar\/notas\/wp-json\/wp\/v2\/types\/post"}],"author":[{"embeddable":true,"href":"https:\/\/www.elsindical.com.ar\/notas\/wp-json\/wp\/v2\/users\/1"}],"replies":[{"embeddable":true,"href":"https:\/\/www.elsindical.com.ar\/notas\/wp-json\/wp\/v2\/comments?post=114840"}],"version-history":[{"count":1,"href":"https:\/\/www.elsindical.com.ar\/notas\/wp-json\/wp\/v2\/posts\/114840\/revisions"}],"predecessor-version":[{"id":114842,"href":"https:\/\/www.elsindical.com.ar\/notas\/wp-json\/wp\/v2\/posts\/114840\/revisions\/114842"}],"wp:featuredmedia":[{"embeddable":true,"href":"https:\/\/www.elsindical.com.ar\/notas\/wp-json\/wp\/v2\/media\/114841"}],"wp:attachment":[{"href":"https:\/\/www.elsindical.com.ar\/notas\/wp-json\/wp\/v2\/media?parent=114840"}],"wp:term":[{"taxonomy":"category","embeddable":true,"href":"https:\/\/www.elsindical.com.ar\/notas\/wp-json\/wp\/v2\/categories?post=114840"},{"taxonomy":"post_tag","embeddable":true,"href":"https:\/\/www.elsindical.com.ar\/notas\/wp-json\/wp\/v2\/tags?post=114840"}],"curies":[{"name":"wp","href":"https:\/\/api.w.org\/{rel}","templated":true}]}}