{"id":114835,"date":"2022-07-05T00:49:12","date_gmt":"2022-07-05T03:49:12","guid":{"rendered":"https:\/\/www.elsindical.com.ar\/notas\/?p=114835"},"modified":"2022-07-05T00:49:15","modified_gmt":"2022-07-05T03:49:15","slug":"landaburu-gallucci-y-marciano-se-te-rien-en-la-cara-y-vos-tipo-nada","status":"publish","type":"post","link":"https:\/\/www.elsindical.com.ar\/notas\/landaburu-gallucci-y-marciano-se-te-rien-en-la-cara-y-vos-tipo-nada\/","title":{"rendered":"Landaburu, Gallucci y Marciano se te r\u00eden en la cara y vos tipo nada"},"content":{"rendered":"<div class=\"wp-block-image\">\n<figure class=\"aligncenter size-full\"><a href=\"https:\/\/www.elsindical.com.ar\/notas\/var\/www\/html\/notas\/wp-content\/uploads\/2022\/07\/Landaburu-y-Gallucci-sonrisas.jpg\"><img loading=\"lazy\" decoding=\"async\" width=\"595\" height=\"741\" src=\"https:\/\/www.elsindical.com.ar\/notas\/var\/www\/html\/notas\/wp-content\/uploads\/2022\/07\/Landaburu-y-Gallucci-sonrisas.jpg\" alt=\"\" class=\"wp-image-114836\" srcset=\"https:\/\/www.elsindical.com.ar\/notas\/var\/www\/html\/notas\/wp-content\/uploads\/2022\/07\/Landaburu-y-Gallucci-sonrisas.jpg 595w, https:\/\/www.elsindical.com.ar\/notas\/var\/www\/html\/notas\/wp-content\/uploads\/2022\/07\/Landaburu-y-Gallucci-sonrisas-241x300.jpg 241w\" sizes=\"auto, (max-width: 595px) 100vw, 595px\" \/><\/a><\/figure>\n<\/div>\n\n\n<p>   Como si fuera la \u00fanica estrategia de campa\u00f1a, los impresentables de Juntos por el Cambio, billetera mediante intentan que sus caras se te hagan familiares, mienten y mienten como si fueran alumnos de Joseph Goebbels y sonr\u00eden con falsedad para parecer emp\u00e1ticos.<\/p>\n\n\n\n<p>Sin sentir verg\u00fcenza postean una publicaci\u00f3n donde se los ve divertidos (menos uno) en la confiter\u00eda Pertutti, un lugar de encuentro de pol\u00edticos locales, del mismo participaron Fernando Landaburu, Maximiliano Gallucci y Maricel Marciano, la invitada de \u00ablujo\u00bb Margarita Stolbizer, seg\u00fan dijeron los concejales de Cambiemos, junto a la l\u00edder del GEN estuvieron autoridades locales del partido y dirigentes, parece que ya no son bienvenidos Rub\u00e9n Conde y Dami\u00e1n Paz.<\/p>\n\n\n\n<p>Lo que sigue del comunicado es imperdible, s\u00e9 que algunos mediocres y sin valor suelen ofenderse por mis editoriales, pero la \u00fanica verdad es la realidad:<\/p>\n\n\n\n<p><strong><em>Analizamos la grave situaci\u00f3n social, econ\u00f3mica e institucional a la que nos est\u00e1 llevando el Frente de Todos por la falta de rumbo y por sus peleas internas.<\/em><\/strong><\/p>\n\n\n\n<p>Bueno ya ni ensayan para mentir, por lo menos p\u00f3nganle ganas gente, las caras dicen lo contrario y el lugar la verdad es que no s\u00e9 si Pertutti es el lugar ideal para tratar temas serios. Cuando habla de peleas internas insisto y tengo que volver a decirle a Landaburu que \u00e9l no es el indicado para estos comentarios luego de generar peleas y rupturas internas en la UCR local que vio evaporarse sus chances con la huida de Luis Otero.<\/p>\n\n\n\n<p><strong><em>Ratificamos la unidad de todos los Partidos que conformamos Juntos por el Cambio y la decisi\u00f3n de trabajar en forma conjunta y elaborar las propuestas en cada tema, poniendo como prioridades, la seguridad, la generaci\u00f3n de empleo, la transparencia y honestidad en la gesti\u00f3n, el desarrollo y la educaci\u00f3n.<\/em><\/strong><\/p>\n\n\n\n<p>Es un chiste muy gracioso, que hablen justamente ellos de la unidad dentro de Juntos por el Cambio cuando cada uno se corta por su lado. <\/p>\n\n\n\n<p>Siguen proponiendo trabajar en forma conjunta y elaborar propuestas pero parece que se van junto con el mozo cuando retira los pedidos porque pasan los meses y no proponen nada.<\/p>\n\n\n\n<p>La frutilla de la torta es sin dudas eso de poner prioridad en la seguridad, cuando son ellos los que no hicieron nada con el gobierno de Mar\u00eda Eugenia Vidal para que algo cambie, ni siquiera el payas\u00edn de Milman que era secretario de seguridad y jugaba al esp\u00eda pero solo jugaba.<\/p>\n\n\n\n<p>\u00bfGeneraci\u00f3n de empleo??, en la mesa estaba sentado un tipo que la f\u00e1brica familiar (curtiembre) en Sarand\u00ed despidi\u00f3 trabajadores a los que nunca les pag\u00f3, estos son m\u00e1s que mentirosos, son peligrosos, ese mismo personaje se apropi\u00f3 de 3 cargos p\u00fablicos con sueldos del Estado.<\/p>\n\n\n\n<p>\u00bfLa transparencia y honestidad en la gesti\u00f3n?? \u00bfustedes?, est\u00e1n m\u00e1s sucios que una papa negra.<\/p>\n\n\n\n<p>Nunca mostraron desarrollo y mucho menos inter\u00e9s en la educaci\u00f3n, salvo todo lo que se opon\u00eda a las medidas en Pandemia, fuera de ese relato NADA.<\/p>\n\n\n\n<p>Vecino sea inteligente y sino busque informaci\u00f3n y no se deje estafar cuando tenga que votar.<\/p>\n\n\n\n<figure class=\"wp-block-image size-full\"><a href=\"https:\/\/www.elsindical.com.ar\/notas\/var\/www\/html\/notas\/wp-content\/uploads\/2022\/07\/Landa-Gallucci-Marciano.jpg\"><img loading=\"lazy\" decoding=\"async\" width=\"960\" height=\"720\" src=\"https:\/\/www.elsindical.com.ar\/notas\/var\/www\/html\/notas\/wp-content\/uploads\/2022\/07\/Landa-Gallucci-Marciano.jpg\" alt=\"\" class=\"wp-image-114837\" srcset=\"https:\/\/www.elsindical.com.ar\/notas\/var\/www\/html\/notas\/wp-content\/uploads\/2022\/07\/Landa-Gallucci-Marciano.jpg 960w, https:\/\/www.elsindical.com.ar\/notas\/var\/www\/html\/notas\/wp-content\/uploads\/2022\/07\/Landa-Gallucci-Marciano-300x225.jpg 300w, https:\/\/www.elsindical.com.ar\/notas\/var\/www\/html\/notas\/wp-content\/uploads\/2022\/07\/Landa-Gallucci-Marciano-768x576.jpg 768w, https:\/\/www.elsindical.com.ar\/notas\/var\/www\/html\/notas\/wp-content\/uploads\/2022\/07\/Landa-Gallucci-Marciano-400x300.jpg 400w\" sizes=\"auto, (max-width: 960px) 100vw, 960px\" \/><\/a><\/figure>\n\n\n\n<p>Por Marcelo Ricardo Hawrylciw<\/p>\n","protected":false},"excerpt":{"rendered":"<p>Como si fuera la \u00fanica estrategia de campa\u00f1a, los impresentables de Juntos por el Cambio, billetera mediante intentan que sus caras se te hagan familiares, mienten y mienten como si fueran alumnos de Joseph Goebbels y sonr\u00eden con falsedad para parecer emp\u00e1ticos. Sin sentir verg\u00fcenza postean una publicaci\u00f3n donde se los ve divertidos (menos uno)&hellip;<\/p>\n","protected":false},"author":1,"featured_media":114836,"comment_status":"open","ping_status":"open","sticky":false,"template":"","format":"standard","meta":{"footnotes":""},"categories":[10,13],"tags":[461,18028,53,2450,21713,984,30672,27598,29304,18104,15385,1826],"class_list":["post-114835","post","type-post","status-publish","format-standard","has-post-thumbnail","hentry","category-editorial","category-politica","tag-avellaneda","tag-damian-paz","tag-despidos","tag-diario-el-sindical","tag-fernando-landaburu","tag-inseguridad","tag-luis-otero","tag-maricel-marciano","tag-maximiliano-gallucci","tag-pertutti","tag-ruben-conde","tag-ucr"],"_links":{"self":[{"href":"https:\/\/www.elsindical.com.ar\/notas\/wp-json\/wp\/v2\/posts\/114835","targetHints":{"allow":["GET"]}}],"collection":[{"href":"https:\/\/www.elsindical.com.ar\/notas\/wp-json\/wp\/v2\/posts"}],"about":[{"href":"https:\/\/www.elsindical.com.ar\/notas\/wp-json\/wp\/v2\/types\/post"}],"author":[{"embeddable":true,"href":"https:\/\/www.elsindical.com.ar\/notas\/wp-json\/wp\/v2\/users\/1"}],"replies":[{"embeddable":true,"href":"https:\/\/www.elsindical.com.ar\/notas\/wp-json\/wp\/v2\/comments?post=114835"}],"version-history":[{"count":1,"href":"https:\/\/www.elsindical.com.ar\/notas\/wp-json\/wp\/v2\/posts\/114835\/revisions"}],"predecessor-version":[{"id":114838,"href":"https:\/\/www.elsindical.com.ar\/notas\/wp-json\/wp\/v2\/posts\/114835\/revisions\/114838"}],"wp:featuredmedia":[{"embeddable":true,"href":"https:\/\/www.elsindical.com.ar\/notas\/wp-json\/wp\/v2\/media\/114836"}],"wp:attachment":[{"href":"https:\/\/www.elsindical.com.ar\/notas\/wp-json\/wp\/v2\/media?parent=114835"}],"wp:term":[{"taxonomy":"category","embeddable":true,"href":"https:\/\/www.elsindical.com.ar\/notas\/wp-json\/wp\/v2\/categories?post=114835"},{"taxonomy":"post_tag","embeddable":true,"href":"https:\/\/www.elsindical.com.ar\/notas\/wp-json\/wp\/v2\/tags?post=114835"}],"curies":[{"name":"wp","href":"https:\/\/api.w.org\/{rel}","templated":true}]}}