{"id":114760,"date":"2022-07-02T08:43:00","date_gmt":"2022-07-02T11:43:00","guid":{"rendered":"https:\/\/www.elsindical.com.ar\/notas\/?p=114760"},"modified":"2022-07-02T08:43:05","modified_gmt":"2022-07-02T11:43:05","slug":"lanus-rescatan-caballos-maltratados-y-explotados-en-chingolo","status":"publish","type":"post","link":"https:\/\/www.elsindical.com.ar\/notas\/lanus-rescatan-caballos-maltratados-y-explotados-en-chingolo\/","title":{"rendered":"Lan\u00fas: rescatan caballos maltratados y explotados en Chingolo"},"content":{"rendered":"\n<figure class=\"wp-block-image size-large\"><a href=\"https:\/\/www.elsindical.com.ar\/notas\/var\/www\/html\/notas\/wp-content\/uploads\/2022\/07\/Caballo-rescatado-Chingolo.jpg\"><img loading=\"lazy\" decoding=\"async\" width=\"1024\" height=\"576\" src=\"https:\/\/www.elsindical.com.ar\/notas\/var\/www\/html\/notas\/wp-content\/uploads\/2022\/07\/Caballo-rescatado-Chingolo-1024x576.jpg\" alt=\"\" class=\"wp-image-114761\" srcset=\"https:\/\/www.elsindical.com.ar\/notas\/var\/www\/html\/notas\/wp-content\/uploads\/2022\/07\/Caballo-rescatado-Chingolo-1024x576.jpg 1024w, https:\/\/www.elsindical.com.ar\/notas\/var\/www\/html\/notas\/wp-content\/uploads\/2022\/07\/Caballo-rescatado-Chingolo-300x169.jpg 300w, https:\/\/www.elsindical.com.ar\/notas\/var\/www\/html\/notas\/wp-content\/uploads\/2022\/07\/Caballo-rescatado-Chingolo-768x432.jpg 768w, https:\/\/www.elsindical.com.ar\/notas\/var\/www\/html\/notas\/wp-content\/uploads\/2022\/07\/Caballo-rescatado-Chingolo-500x281.jpg 500w, https:\/\/www.elsindical.com.ar\/notas\/var\/www\/html\/notas\/wp-content\/uploads\/2022\/07\/Caballo-rescatado-Chingolo-460x260.jpg 460w, https:\/\/www.elsindical.com.ar\/notas\/var\/www\/html\/notas\/wp-content\/uploads\/2022\/07\/Caballo-rescatado-Chingolo.jpg 1280w\" sizes=\"auto, (max-width: 1024px) 100vw, 1024px\" \/><\/a><\/figure>\n\n\n\n<p class=\"wp-block-paragraph\">Una investigaci\u00f3n de la organizaci\u00f3n proteccionista <strong>Cinco Corazones<\/strong> dedicada al rescate y rehabilitaci\u00f3n de caballos maltratados culmin\u00f3 en la <strong>desarticulaci\u00f3n de una chatarrer\u00eda en la localidad lanusense de Monte Chingolo donde alquilaban a los equinos para trabajar sin descanso.<\/strong><\/p>\n\n\n\n<p class=\"wp-block-paragraph\">Los caballos explotado<strong>s estaban sin alimentaci\u00f3n y malviv\u00edan en un ambiente insalubre,<\/strong> rodeados de basura y \u201cobligados a echarse en su propia bosta\u201d, tal como relataron desde la ONG.<\/p>\n\n\n\n<p class=\"wp-block-paragraph\">El operativo fue realizado el jueves por personal de la comisar\u00eda sexta de Lan\u00fas a pedido de la Unidad Fiscal de Investigaci\u00f3n 6 y<strong> cont\u00f3 con el apoyo de un m\u00f3vil de Zoonosis.<\/strong><\/p>\n\n\n\n<p class=\"wp-block-paragraph\">Pese a que la investigaci\u00f3n de la ONG estableci\u00f3 que hab\u00eda seis caballos en la chatarrer\u00eda, cuando se realiz\u00f3 el rescate s\u00f3lo fue posible encontrar a cuatro de ellos pues los otros dos ya estaban trabajando.<\/p>\n\n\n\n<p class=\"wp-block-paragraph\"><strong>\u201cEn el operativo uno de los equinos es golpeado por un nene que era incentivado por su pap\u00e1,<\/strong> el caballo sale corriendo solt\u00e1ndose de las manos de los efectivos, que buscaron y no lograron encontrarlo. Suponemos que los escondieron en alguna casa\u201d, cuentan en el Facebook de la ONG.<\/p>\n\n\n\n<p class=\"wp-block-paragraph\">La causa fue caratulada como \u201cmaltrato animal\u201d y los caballos rescatados -que fueron bautizados como Gray, Tamara y Alfonsina- fueron puestos a resguardo y se les aplica el protocolo de rescate sanitario para, posteriormente, ser liberados.<\/p>\n","protected":false},"excerpt":{"rendered":"<p>Una investigaci\u00f3n de la organizaci\u00f3n proteccionista Cinco Corazones dedicada al rescate y rehabilitaci\u00f3n de caballos maltratados culmin\u00f3 en la desarticulaci\u00f3n de una chatarrer\u00eda en la localidad lanusense de Monte Chingolo donde alquilaban a los equinos para trabajar sin descanso. Los caballos explotados estaban sin alimentaci\u00f3n y malviv\u00edan en un ambiente insalubre, rodeados de basura y&hellip;<\/p>\n","protected":false},"author":1,"featured_media":114761,"comment_status":"open","ping_status":"open","sticky":false,"template":"","format":"standard","meta":{"footnotes":""},"categories":[22],"tags":[15834,209,36,4840,1043],"class_list":["post-114760","post","type-post","status-publish","format-standard","has-post-thumbnail","hentry","category-policiales","tag-caballos","tag-lanus","tag-maltrato","tag-monte-chingolo","tag-ong"],"_links":{"self":[{"href":"https:\/\/www.elsindical.com.ar\/notas\/wp-json\/wp\/v2\/posts\/114760","targetHints":{"allow":["GET"]}}],"collection":[{"href":"https:\/\/www.elsindical.com.ar\/notas\/wp-json\/wp\/v2\/posts"}],"about":[{"href":"https:\/\/www.elsindical.com.ar\/notas\/wp-json\/wp\/v2\/types\/post"}],"author":[{"embeddable":true,"href":"https:\/\/www.elsindical.com.ar\/notas\/wp-json\/wp\/v2\/users\/1"}],"replies":[{"embeddable":true,"href":"https:\/\/www.elsindical.com.ar\/notas\/wp-json\/wp\/v2\/comments?post=114760"}],"version-history":[{"count":1,"href":"https:\/\/www.elsindical.com.ar\/notas\/wp-json\/wp\/v2\/posts\/114760\/revisions"}],"predecessor-version":[{"id":114762,"href":"https:\/\/www.elsindical.com.ar\/notas\/wp-json\/wp\/v2\/posts\/114760\/revisions\/114762"}],"wp:featuredmedia":[{"embeddable":true,"href":"https:\/\/www.elsindical.com.ar\/notas\/wp-json\/wp\/v2\/media\/114761"}],"wp:attachment":[{"href":"https:\/\/www.elsindical.com.ar\/notas\/wp-json\/wp\/v2\/media?parent=114760"}],"wp:term":[{"taxonomy":"category","embeddable":true,"href":"https:\/\/www.elsindical.com.ar\/notas\/wp-json\/wp\/v2\/categories?post=114760"},{"taxonomy":"post_tag","embeddable":true,"href":"https:\/\/www.elsindical.com.ar\/notas\/wp-json\/wp\/v2\/tags?post=114760"}],"curies":[{"name":"wp","href":"https:\/\/api.w.org\/{rel}","templated":true}]}}