{"id":114757,"date":"2022-07-02T08:34:54","date_gmt":"2022-07-02T11:34:54","guid":{"rendered":"https:\/\/www.elsindical.com.ar\/notas\/?p=114757"},"modified":"2022-07-02T08:34:54","modified_gmt":"2022-07-02T11:34:54","slug":"murio-el-represor-miguel-etchecolatz-a-los-93-anos","status":"publish","type":"post","link":"https:\/\/www.elsindical.com.ar\/notas\/murio-el-represor-miguel-etchecolatz-a-los-93-anos\/","title":{"rendered":"Muri\u00f3 el represor Miguel Etchecolatz a los 93 a\u00f1os"},"content":{"rendered":"\n<figure class=\"wp-block-image size-full\"><a href=\"https:\/\/www.elsindical.com.ar\/notas\/var\/www\/html\/notas\/wp-content\/uploads\/2022\/07\/Miguel-Etchecolatz-juicio.jpg\"><img loading=\"lazy\" decoding=\"async\" width=\"950\" height=\"560\" src=\"https:\/\/www.elsindical.com.ar\/notas\/var\/www\/html\/notas\/wp-content\/uploads\/2022\/07\/Miguel-Etchecolatz-juicio.jpg\" alt=\"\" class=\"wp-image-114758\" srcset=\"https:\/\/www.elsindical.com.ar\/notas\/var\/www\/html\/notas\/wp-content\/uploads\/2022\/07\/Miguel-Etchecolatz-juicio.jpg 950w, https:\/\/www.elsindical.com.ar\/notas\/var\/www\/html\/notas\/wp-content\/uploads\/2022\/07\/Miguel-Etchecolatz-juicio-300x177.jpg 300w, https:\/\/www.elsindical.com.ar\/notas\/var\/www\/html\/notas\/wp-content\/uploads\/2022\/07\/Miguel-Etchecolatz-juicio-768x453.jpg 768w, https:\/\/www.elsindical.com.ar\/notas\/var\/www\/html\/notas\/wp-content\/uploads\/2022\/07\/Miguel-Etchecolatz-juicio-500x295.jpg 500w\" sizes=\"auto, (max-width: 950px) 100vw, 950px\" \/><\/a><\/figure>\n\n\n\n<p>El exjefe de la Polic\u00eda bonaerense Miguel Etchecolatz ten\u00eda nueve condenas por delitos de lesa humanidad. A los 93 a\u00f1os muri\u00f3 en un centro de salud donde estaba internado con custodia.<\/p>\n\n\n\n<p>A los 93 a\u00f1os, muri\u00f3 Miguel Etchecolatz. El acusado por la desaparici\u00f3n de Jorge Julio L\u00f3pez estaba internado con custodia policial en un centro sanitario de la localidad bonaerense de Merlo.<\/p>\n\n\n\n<p>El exjefe de la Polic\u00eda Bonaerense ten\u00eda condena perpetua por nueve delitos de lesa humanidad. Una de las abogadas querellantes contra el represor, Guadalupe Godoy, dio a conocer la noticia que le lleg\u00f3 del Tribunal Oral Federal N\u00b05 con un contundente tuit: \u201cFalleci\u00f3 Etchecolatz. En c\u00e1rcel com\u00fan y sin decir a d\u00f3nde est\u00e1n\u201d.<\/p>\n","protected":false},"excerpt":{"rendered":"<p>El exjefe de la Polic\u00eda bonaerense Miguel Etchecolatz ten\u00eda nueve condenas por delitos de lesa humanidad. A los 93 a\u00f1os muri\u00f3 en un centro de salud donde estaba internado con custodia. A los 93 a\u00f1os, muri\u00f3 Miguel Etchecolatz. El acusado por la desaparici\u00f3n de Jorge Julio L\u00f3pez estaba internado con custodia policial en un centro&hellip;<\/p>\n","protected":false},"author":1,"featured_media":114758,"comment_status":"open","ping_status":"open","sticky":false,"template":"","format":"standard","meta":{"footnotes":""},"categories":[8,25],"tags":[1765,2450,557,1008,25827,1918],"class_list":["post-114757","post","type-post","status-publish","format-standard","has-post-thumbnail","hentry","category-derechos-humanos","category-sociedad","tag-ddhh","tag-diario-el-sindical","tag-fallecio","tag-merlo","tag-miguel-etchecolatz","tag-represor"],"_links":{"self":[{"href":"https:\/\/www.elsindical.com.ar\/notas\/wp-json\/wp\/v2\/posts\/114757","targetHints":{"allow":["GET"]}}],"collection":[{"href":"https:\/\/www.elsindical.com.ar\/notas\/wp-json\/wp\/v2\/posts"}],"about":[{"href":"https:\/\/www.elsindical.com.ar\/notas\/wp-json\/wp\/v2\/types\/post"}],"author":[{"embeddable":true,"href":"https:\/\/www.elsindical.com.ar\/notas\/wp-json\/wp\/v2\/users\/1"}],"replies":[{"embeddable":true,"href":"https:\/\/www.elsindical.com.ar\/notas\/wp-json\/wp\/v2\/comments?post=114757"}],"version-history":[{"count":1,"href":"https:\/\/www.elsindical.com.ar\/notas\/wp-json\/wp\/v2\/posts\/114757\/revisions"}],"predecessor-version":[{"id":114759,"href":"https:\/\/www.elsindical.com.ar\/notas\/wp-json\/wp\/v2\/posts\/114757\/revisions\/114759"}],"wp:featuredmedia":[{"embeddable":true,"href":"https:\/\/www.elsindical.com.ar\/notas\/wp-json\/wp\/v2\/media\/114758"}],"wp:attachment":[{"href":"https:\/\/www.elsindical.com.ar\/notas\/wp-json\/wp\/v2\/media?parent=114757"}],"wp:term":[{"taxonomy":"category","embeddable":true,"href":"https:\/\/www.elsindical.com.ar\/notas\/wp-json\/wp\/v2\/categories?post=114757"},{"taxonomy":"post_tag","embeddable":true,"href":"https:\/\/www.elsindical.com.ar\/notas\/wp-json\/wp\/v2\/tags?post=114757"}],"curies":[{"name":"wp","href":"https:\/\/api.w.org\/{rel}","templated":true}]}}