{"id":114750,"date":"2022-07-02T00:04:55","date_gmt":"2022-07-02T03:04:55","guid":{"rendered":"https:\/\/www.elsindical.com.ar\/notas\/?p=114750"},"modified":"2022-07-02T00:04:55","modified_gmt":"2022-07-02T03:04:55","slug":"monica-magrini-avellaneda-desborda-de-cultura","status":"publish","type":"post","link":"https:\/\/www.elsindical.com.ar\/notas\/monica-magrini-avellaneda-desborda-de-cultura\/","title":{"rendered":"M\u00f3nica Magrini, \u00abAvellaneda desborda de cultura\u00bb"},"content":{"rendered":"<div class=\"wp-block-image\">\n<figure class=\"aligncenter size-full\"><a href=\"https:\/\/www.elsindical.com.ar\/notas\/var\/www\/html\/notas\/wp-content\/uploads\/2022\/07\/Teatro-musical.jpg\"><img loading=\"lazy\" decoding=\"async\" width=\"850\" height=\"547\" src=\"https:\/\/www.elsindical.com.ar\/notas\/var\/www\/html\/notas\/wp-content\/uploads\/2022\/07\/Teatro-musical.jpg\" alt=\"\" class=\"wp-image-114751\" srcset=\"https:\/\/www.elsindical.com.ar\/notas\/var\/www\/html\/notas\/wp-content\/uploads\/2022\/07\/Teatro-musical.jpg 850w, https:\/\/www.elsindical.com.ar\/notas\/var\/www\/html\/notas\/wp-content\/uploads\/2022\/07\/Teatro-musical-300x193.jpg 300w, https:\/\/www.elsindical.com.ar\/notas\/var\/www\/html\/notas\/wp-content\/uploads\/2022\/07\/Teatro-musical-768x494.jpg 768w, https:\/\/www.elsindical.com.ar\/notas\/var\/www\/html\/notas\/wp-content\/uploads\/2022\/07\/Teatro-musical-466x300.jpg 466w\" sizes=\"auto, (max-width: 850px) 100vw, 850px\" \/><\/a><\/figure>\n<\/div>\n\n\n<p>   Una vez m\u00e1s entrevistamos a la directora de Teatro Musical, M\u00f3nica Magrini, la idea era saber el proyecto sobre el cual trabajan y que pueden esperar los vecinos de Avellaneda cuando estrenen y por el otro recordarles que el Municipio de Avellaneda, tiene una amplia variedad de propuestas culturales.<\/p>\n\n\n\n<p>En la regi\u00f3n no hay ning\u00fan instituto o centro que ofrezca Teatro Musical, las pocas instituciones son privadas y poco accesibles a la clase media, en Avellaneda es gratis.<\/p>\n\n\n\n<p>La amplia trayectoria como docente de M\u00f3nica hace que escuchar sus clases sea descubrir los distintos m\u00e9todos que se utilizan para llevar adelante una obra con veracidad esc\u00e9nica, respetando la \u00e9poca en la que se supone estaban quienes son representados, es mucho m\u00e1s que actuar, es aprender a conocer y dominar el cuerpo, direccionar la voz y saber incluso c\u00f3mo pararse y mirar en el escenario.<\/p>\n\n\n\n<p>As\u00ed que felicitamos al municipio por el apoyo a las artes, a M\u00f3nica por su predisposici\u00f3n y esa pasi\u00f3n por educar, pero especialmente contener a quienes llegan buscando asomarse al mundo de la actuaci\u00f3n, el teatro ha sido en la historia uno de los principales centros de recreaci\u00f3n, de socializar, fue inspirador del cine, fue generador de conciencia y a\u00fan hoy se estudia al espectador y su v\u00ednculo con la actuaci\u00f3n.<\/p>\n\n\n\n<p>S\u00ed te gusta la cultura y el arte, visita el CMA, en la calle San Mart\u00edn 797, esquina Alsina, donde podr\u00e1s consultar las ofertas y visitar las exposiciones.<\/p>\n\n\n\n<figure class=\"wp-block-embed is-type-video is-provider-youtube wp-block-embed-youtube wp-embed-aspect-16-9 wp-has-aspect-ratio\"><div class=\"wp-block-embed__wrapper\">\n<iframe loading=\"lazy\" title=\"Reel documental Teatro Musical\" width=\"700\" height=\"394\" src=\"https:\/\/www.youtube.com\/embed\/BkqZ7-ZSnsE?feature=oembed\" frameborder=\"0\" allow=\"accelerometer; autoplay; clipboard-write; encrypted-media; gyroscope; picture-in-picture\" allowfullscreen><\/iframe>\n<\/div><\/figure>\n","protected":false},"excerpt":{"rendered":"<p>Una vez m\u00e1s entrevistamos a la directora de Teatro Musical, M\u00f3nica Magrini, la idea era saber el proyecto sobre el cual trabajan y que pueden esperar los vecinos de Avellaneda cuando estrenen y por el otro recordarles que el Municipio de Avellaneda, tiene una amplia variedad de propuestas culturales. En la regi\u00f3n no hay ning\u00fan&hellip;<\/p>\n","protected":false},"author":1,"featured_media":114751,"comment_status":"open","ping_status":"open","sticky":false,"template":"","format":"standard","meta":{"footnotes":""},"categories":[15,25],"tags":[4873,461,30097,10864,26480,24705],"class_list":["post-114750","post","type-post","status-publish","format-standard","has-post-thumbnail","hentry","category-espectaculos","category-sociedad","tag-arte","tag-avellaneda","tag-cma","tag-cultura-2","tag-monica-magrini","tag-teatro-musical"],"_links":{"self":[{"href":"https:\/\/www.elsindical.com.ar\/notas\/wp-json\/wp\/v2\/posts\/114750","targetHints":{"allow":["GET"]}}],"collection":[{"href":"https:\/\/www.elsindical.com.ar\/notas\/wp-json\/wp\/v2\/posts"}],"about":[{"href":"https:\/\/www.elsindical.com.ar\/notas\/wp-json\/wp\/v2\/types\/post"}],"author":[{"embeddable":true,"href":"https:\/\/www.elsindical.com.ar\/notas\/wp-json\/wp\/v2\/users\/1"}],"replies":[{"embeddable":true,"href":"https:\/\/www.elsindical.com.ar\/notas\/wp-json\/wp\/v2\/comments?post=114750"}],"version-history":[{"count":1,"href":"https:\/\/www.elsindical.com.ar\/notas\/wp-json\/wp\/v2\/posts\/114750\/revisions"}],"predecessor-version":[{"id":114752,"href":"https:\/\/www.elsindical.com.ar\/notas\/wp-json\/wp\/v2\/posts\/114750\/revisions\/114752"}],"wp:featuredmedia":[{"embeddable":true,"href":"https:\/\/www.elsindical.com.ar\/notas\/wp-json\/wp\/v2\/media\/114751"}],"wp:attachment":[{"href":"https:\/\/www.elsindical.com.ar\/notas\/wp-json\/wp\/v2\/media?parent=114750"}],"wp:term":[{"taxonomy":"category","embeddable":true,"href":"https:\/\/www.elsindical.com.ar\/notas\/wp-json\/wp\/v2\/categories?post=114750"},{"taxonomy":"post_tag","embeddable":true,"href":"https:\/\/www.elsindical.com.ar\/notas\/wp-json\/wp\/v2\/tags?post=114750"}],"curies":[{"name":"wp","href":"https:\/\/api.w.org\/{rel}","templated":true}]}}