{"id":114698,"date":"2022-06-30T09:34:51","date_gmt":"2022-06-30T12:34:51","guid":{"rendered":"https:\/\/www.elsindical.com.ar\/notas\/?p=114698"},"modified":"2022-06-30T10:26:05","modified_gmt":"2022-06-30T13:26:05","slug":"catamarca-acusan-a-un-fiscal-de-robar-dos-cajas-de-herramientas","status":"publish","type":"post","link":"https:\/\/www.elsindical.com.ar\/notas\/catamarca-acusan-a-un-fiscal-de-robar-dos-cajas-de-herramientas\/","title":{"rendered":"Catamarca: Acusan a un fiscal de robar dos cajas de herramientas"},"content":{"rendered":"<div class=\"wp-block-image\">\n<figure class=\"aligncenter size-full\"><a href=\"https:\/\/www.elsindical.com.ar\/notas\/var\/www\/html\/notas\/wp-content\/uploads\/2022\/06\/Fiscal-denunciado-por-hurto-Catamarca.jpg\"><img loading=\"lazy\" decoding=\"async\" width=\"960\" height=\"640\" src=\"https:\/\/www.elsindical.com.ar\/notas\/var\/www\/html\/notas\/wp-content\/uploads\/2022\/06\/Fiscal-denunciado-por-hurto-Catamarca.jpg\" alt=\"\" class=\"wp-image-114699\" srcset=\"https:\/\/www.elsindical.com.ar\/notas\/var\/www\/html\/notas\/wp-content\/uploads\/2022\/06\/Fiscal-denunciado-por-hurto-Catamarca.jpg 960w, https:\/\/www.elsindical.com.ar\/notas\/var\/www\/html\/notas\/wp-content\/uploads\/2022\/06\/Fiscal-denunciado-por-hurto-Catamarca-300x200.jpg 300w, https:\/\/www.elsindical.com.ar\/notas\/var\/www\/html\/notas\/wp-content\/uploads\/2022\/06\/Fiscal-denunciado-por-hurto-Catamarca-768x512.jpg 768w, https:\/\/www.elsindical.com.ar\/notas\/var\/www\/html\/notas\/wp-content\/uploads\/2022\/06\/Fiscal-denunciado-por-hurto-Catamarca-450x300.jpg 450w\" sizes=\"auto, (max-width: 960px) 100vw, 960px\" \/><\/a><\/figure>\n<\/div>\n\n\n<p>Fue en la playa de estacionamiento del centro catamarque\u00f1o. Las cajas pertenec\u00edan a dos trabajadores cordobeses.&nbsp;<\/p>\n\n\n\n<p><strong>Ezequiel Walther, fiscal de la C\u00e1mara en lo Criminal de Segunda Nominaci\u00f3n de Catamarca<\/strong> fue denunciado ayer por dos trabajadores cordobeses, quienes lo acusaron de hurtar dos cajas de herramientas. Los elementos estaban en la caja de la camioneta de sus due\u00f1os y las c\u00e1maras de seguridad grabaron el momento en que el funcionario judicial las tomaba y las guardaba en su veh\u00edculo. La versi\u00f3n del fiscal es que las habr\u00eda tomado para \u201cresguardarlas\u201d y se olvid\u00f3 de avisar al responsable de la playa.<\/p>\n\n\n\n<p>El hecho ins\u00f3lito se registr\u00f3 en horas de la ma\u00f1ana. Seg\u00fan confirmaron fuentes judiciales y policiales, Walther habr\u00eda ingresado a la playa en su camioneta Amarok alrededor de las 8 de la ma\u00f1ana para dejarla e ir a su trabajo en la C\u00e1mara, ubicada a una cuadra del lugar, donde se est\u00e1 juzgando a un agresor sexual. El veh\u00edculo qued\u00f3 estacionado al lado de la camioneta de los cordobeses, que seg\u00fan detallaron en su denuncia, <strong>estaban en Catamarca por razones laborales.<\/strong><\/p>\n\n\n\n<p>Las c\u00e1maras de seguridad de la Municipalidad de la Capital filmaron el momento en que Walther habr\u00eda tomado dos de las diez cajas de herramientas que estaban en la camioneta de los trabajadores y las colocaba en el interior de su propia camioneta.<\/p>\n\n\n\n<p>\u201cCuando venimos a buscar la camioneta para seguir trabajando encontramos que nos faltaban dos cajas de herramientas. Hablamos con la gente de la guardia de la playa de estacionamiento, empezamos a ver las c\u00e1maras de seguridad, radicamos la denuncia, y resulta ser que la persona que nos hab\u00eda retirado las cajas de herramientas estaba estacionada al lado nuestro. Era una camioneta<strong> Amarok modelo 2014<\/strong>, de una persona que trabaja en el <strong>Poder Judicial de Catamarca<\/strong>, se llama Ezequiel Walther. Es lamentable que este tipo de personas est\u00e9 trabajando dentro del Poder Judicial de Catamarca\u201d, dijo a la prensa uno de los trabajadores identificado como Pablo Monasterio.<\/p>\n\n\n\n<p>El trabajador, asegur\u00f3 que tras la denuncia \u201cl<strong>a Polic\u00eda no estuvo acorde a la situaci\u00f3n para poder hacer algo. Vinieron, se presentaron 5 o 10 minutos y se fueron, tuvimos que salir a investigar nosotro<\/strong>s\u201d, dijo.<\/p>\n\n\n\n<p>Seg\u00fan su relato, ante la inacci\u00f3n policial, la <strong>Secretar\u00eda de Turismo y desarrollo Econ\u00f3mico&nbsp;<\/strong><strong>de la Ciudad Capital, <\/strong>les mostr\u00f3 las im\u00e1genes de las c\u00e1maras de seguridad y fue en ese momento en que pudieron ver que Walther habr\u00eda sacado las cajas.<\/p>\n\n\n\n<p>\u201cEs muy feo, lamentable,<strong> de parte de un funcionario p\u00fablico al que le pagamos todos con nuestros impuestos. Este ladr\u00f3n tendr\u00eda que renunciar<\/strong>. Se excus\u00f3 que las quer\u00eda cuidar para que no las roben. En la caja de la camioneta hay diez cajas de herramientas m\u00e1s. <strong>Estuvo toda la noche la camioneta y el robo fue a las ocho de la ma\u00f1ana<\/strong>. Si hubiera querido guardar, guarda todo, o llama a la gente de la playa que se pare al lado o nos llame a nosotros\u201d, asegur\u00f3.<\/p>\n\n\n\n<p>Concluido el debate penal alrededor de las 11 de la ma\u00f1ana, Walther fue a la playa y se encontr\u00f3 con los empleados quienes le gritaron que deber\u00eda renunciar y que hab\u00edan perdido toda la ma\u00f1ana de trabajo por esa situaci\u00f3n. Esa secuencia fue filmada y el video viralizado y se puede escuchar cuando el Fiscal les pide disculpas y les dice que s\u00f3lo busc\u00f3 resguardar las herramientas que estaban \u201cexpuestas\u201d. \u201c<strong>Vos no ten\u00e9s que tocar nada, me haces perder toda la ma\u00f1ana\u201d<\/strong>, le dijo enojado el trabajador a Whalter.<\/p>\n\n\n\n<p>Radicada la denuncia y conocido los hechos, se&nbsp; supo que en horas de la tarde se habr\u00edan reunido los miembros de la <strong>Corte de Justicia c<\/strong>atamarque\u00f1a para evaluar la situaci\u00f3n.<\/p>\n\n\n\n<p>En caso de que el Fiscal sea encontrado culpable del hurto, corresponder\u00eda su suspensi\u00f3n y un jury de enjuiciamiento para poder destituirlo y quitarle sus fueros, si es que decide no renunciar a su cargo.<\/p>\n\n\n\n<p>Whalter se desempe\u00f1\u00f3 m\u00e1s de 10 a\u00f1os como fiscal instructor de la <strong>Fiscal\u00eda Penal N|4.<\/strong> Este a\u00f1o, tras la jubilaci\u00f3n del fiscal de la C\u00e1mara Penal N2,<strong> Gustavo Bergesio<\/strong>, ocup\u00f3 el puesto de manera provisoria. La semana pasada, se realiz\u00f3 el concurso para ocupar el cargo y seg\u00fan pudo conocer <strong>Catamarca\/12<\/strong> Whalter no habr\u00eda quedado entre los seleccionados, por lo que volver\u00eda a su cargo como Fiscal Instructor.<\/p>\n\n\n\n<p>En los \u00faltimos a\u00f1os la Justicia de Catamarca realiz\u00f3 dos jury de enjuiciaminto a fiscales instructores que luego fueron destituidos de sus cargos, se trata de los ex magistrados <strong>Roberto Mazzuco y Jorge Flores.<\/strong><\/p>\n\n\n\n<p>En tanto, actualmente son investigados y est\u00e1n i<strong>mputados por el delito de cohecho pasivo agravado<\/strong> (coimas), los ex jueces de la C\u00e1mara de apleaciones y Exhortos, J<strong>uan Pablo Morales y Ra\u00fal Da Pr\u00e1.<\/strong> Morales, adem\u00e1s est\u00e1 imputado por el delito de tenencia de estupefacientes con fines comercializaci\u00f3n agravada por el n\u00famero de personas.&nbsp;<\/p>\n\n\n\n<figure class=\"wp-block-embed is-type-video is-provider-youtube wp-block-embed-youtube wp-embed-aspect-16-9 wp-has-aspect-ratio\"><div class=\"wp-block-embed__wrapper\">\n<iframe loading=\"lazy\" title=\"Acusan a Fiscal de hurto\" width=\"700\" height=\"394\" src=\"https:\/\/www.youtube.com\/embed\/uR1MjvC4Hiw?feature=oembed\" frameborder=\"0\" allow=\"accelerometer; autoplay; clipboard-write; encrypted-media; gyroscope; picture-in-picture\" allowfullscreen><\/iframe>\n<\/div><\/figure>\n","protected":false},"excerpt":{"rendered":"<p>Fue en la playa de estacionamiento del centro catamarque\u00f1o. Las cajas pertenec\u00edan a dos trabajadores cordobeses.&nbsp; Ezequiel Walther, fiscal de la C\u00e1mara en lo Criminal de Segunda Nominaci\u00f3n de Catamarca fue denunciado ayer por dos trabajadores cordobeses, quienes lo acusaron de hurtar dos cajas de herramientas. Los elementos estaban en la caja de la camioneta&hellip;<\/p>\n","protected":false},"author":1,"featured_media":114699,"comment_status":"open","ping_status":"open","sticky":false,"template":"","format":"standard","meta":{"footnotes":""},"categories":[6],"tags":[37599,1664,175,37598,725],"class_list":["post-114698","post","type-post","status-publish","format-standard","has-post-thumbnail","hentry","category-denuncias","tag-caja-de-herramientas","tag-catamarca","tag-denuncia","tag-fiscal-ezequiel-walther","tag-hurto"],"_links":{"self":[{"href":"https:\/\/www.elsindical.com.ar\/notas\/wp-json\/wp\/v2\/posts\/114698","targetHints":{"allow":["GET"]}}],"collection":[{"href":"https:\/\/www.elsindical.com.ar\/notas\/wp-json\/wp\/v2\/posts"}],"about":[{"href":"https:\/\/www.elsindical.com.ar\/notas\/wp-json\/wp\/v2\/types\/post"}],"author":[{"embeddable":true,"href":"https:\/\/www.elsindical.com.ar\/notas\/wp-json\/wp\/v2\/users\/1"}],"replies":[{"embeddable":true,"href":"https:\/\/www.elsindical.com.ar\/notas\/wp-json\/wp\/v2\/comments?post=114698"}],"version-history":[{"count":2,"href":"https:\/\/www.elsindical.com.ar\/notas\/wp-json\/wp\/v2\/posts\/114698\/revisions"}],"predecessor-version":[{"id":114701,"href":"https:\/\/www.elsindical.com.ar\/notas\/wp-json\/wp\/v2\/posts\/114698\/revisions\/114701"}],"wp:featuredmedia":[{"embeddable":true,"href":"https:\/\/www.elsindical.com.ar\/notas\/wp-json\/wp\/v2\/media\/114699"}],"wp:attachment":[{"href":"https:\/\/www.elsindical.com.ar\/notas\/wp-json\/wp\/v2\/media?parent=114698"}],"wp:term":[{"taxonomy":"category","embeddable":true,"href":"https:\/\/www.elsindical.com.ar\/notas\/wp-json\/wp\/v2\/categories?post=114698"},{"taxonomy":"post_tag","embeddable":true,"href":"https:\/\/www.elsindical.com.ar\/notas\/wp-json\/wp\/v2\/tags?post=114698"}],"curies":[{"name":"wp","href":"https:\/\/api.w.org\/{rel}","templated":true}]}}