{"id":114671,"date":"2022-06-30T00:06:39","date_gmt":"2022-06-30T03:06:39","guid":{"rendered":"https:\/\/www.elsindical.com.ar\/notas\/?p=114671"},"modified":"2022-06-30T00:06:58","modified_gmt":"2022-06-30T03:06:58","slug":"lhaka-honhat-se-firmo-un-convenio-para-avanzar-en-la-demarcacion-y-delimitacion-del-territorio-indigena","status":"publish","type":"post","link":"https:\/\/www.elsindical.com.ar\/notas\/lhaka-honhat-se-firmo-un-convenio-para-avanzar-en-la-demarcacion-y-delimitacion-del-territorio-indigena\/","title":{"rendered":"Lhaka Honhat: se firm\u00f3 un convenio para avanzar en la demarcaci\u00f3n y delimitaci\u00f3n del territorio ind\u00edgena \u00a0"},"content":{"rendered":"<div class=\"wp-block-image\">\n<figure class=\"aligncenter size-large\"><a href=\"https:\/\/www.elsindical.com.ar\/notas\/var\/www\/html\/notas\/wp-content\/uploads\/2022\/06\/Lhaka-Honhat.jpeg\"><img loading=\"lazy\" decoding=\"async\" width=\"1024\" height=\"649\" src=\"https:\/\/www.elsindical.com.ar\/notas\/var\/www\/html\/notas\/wp-content\/uploads\/2022\/06\/Lhaka-Honhat-1024x649.jpeg\" alt=\"\" class=\"wp-image-114672\" srcset=\"https:\/\/www.elsindical.com.ar\/notas\/var\/www\/html\/notas\/wp-content\/uploads\/2022\/06\/Lhaka-Honhat-1024x649.jpeg 1024w, https:\/\/www.elsindical.com.ar\/notas\/var\/www\/html\/notas\/wp-content\/uploads\/2022\/06\/Lhaka-Honhat-300x190.jpeg 300w, https:\/\/www.elsindical.com.ar\/notas\/var\/www\/html\/notas\/wp-content\/uploads\/2022\/06\/Lhaka-Honhat-768x487.jpeg 768w, https:\/\/www.elsindical.com.ar\/notas\/var\/www\/html\/notas\/wp-content\/uploads\/2022\/06\/Lhaka-Honhat-473x300.jpeg 473w, https:\/\/www.elsindical.com.ar\/notas\/var\/www\/html\/notas\/wp-content\/uploads\/2022\/06\/Lhaka-Honhat.jpeg 1374w\" sizes=\"auto, (max-width: 1024px) 100vw, 1024px\" \/><\/a><\/figure>\n<\/div>\n\n\n<p class=\"wp-block-paragraph\"><em>El d\u00eda de hoy se firm\u00f3 un convenio entre el Estado Nacional y la Provincia de Salta, con el objetivo de poner r\u00e1pidamente en marcha los equipos territoriales para avanzar con los acuerdos de parte entre la poblaci\u00f3n ind\u00edgena y la campesina, en el marco del fallo de Lhaka Honhat. El acuerdo establece que el Estado nacional, a trav\u00e9s del Instituto Nacional de Asuntos Ind\u00edgenas (INAI), financiar\u00e1 los equipos t\u00e9cnicos que dar\u00e1n continuidad al di\u00e1logo intercultural para la delimitaci\u00f3n y demarcaci\u00f3n del territorio, junto a representantes de las comunidades ind\u00edgenas y de las familias campesinas.<\/em><br><br>A trav\u00e9s de esta iniciativa, se da un paso fundamental en el marco de la estrategia definida por el Estado nacional y la provincia de Salta para cumplir con las reparaciones establecidas en la sentencia de la Corte Interamericana de Derechos Humanos.<br><br>El convenio se inscribe en el marco de las acciones que coordina la Unidad Ejecutora de la sentencia, a cargo de la Secretar\u00eda de Derechos Humanos de la Naci\u00f3n, y representa el eje \u00abterritorio\u00bb del plan integral para abordar la situaci\u00f3n territorial y socioecon\u00f3mica de las comunidades ind\u00edgenas v\u00edctimas del caso, nucleadas en la Asociaci\u00f3n Lhaka Honhat.<br><br>Estuvieron presentes en la reuni\u00f3n previa a la firma del acuerdo el jefe de gabinete de la Secretar\u00eda de Derechos Humanos de la Naci\u00f3n y titular de la Unidad Ejecutora de la sentencia Lhaka Honhat, Nicol\u00e1s, Rapetti; la Presidenta del INAI, Magdalena Odarda; la Ministra de Desarrollo Social de Salta, Claudia Silvina Vargas; el secretario de Asuntos Ind\u00edgenas de la provincia, Luis G\u00f3mez Almaraz; y el director de Tierras del INAI, Mart\u00edn Plaza.&nbsp;<br><br>Con la firma de este convenio, se avanza en el cumplimiento de la obligaci\u00f3n principal impuesta por la sentencia y reclamada por Lhaka Honhat, consistente en garantizar las condiciones para la relocalizaci\u00f3n de la poblaci\u00f3n campesina y el otorgamiento de un t\u00edtulo \u00fanico de propiedad para las comunidades ind\u00edgenas.&nbsp;<br><br>El acuerdo establece que los equipos t\u00e9cnicos de la Unidad Ejecutora Provincial a cargo de la delimitaci\u00f3n y demarcaci\u00f3n territorial contar\u00e1n con el monitoreo y acompa\u00f1amiento permanente del INAI y de la Unidad Ejecutora, para garantizar la transparencia del proceso.&nbsp;<br><br>Asimismo, est\u00e1 prevista una instancia de control social a cargo de dos facilitadores de las comunidades ind\u00edgenas y dos campesinos, que garantizar\u00e1n la celebraci\u00f3n de los \u00abacuerdos de parte\u00bb que permiten la delimitaci\u00f3n de las porciones del territorio asignadas a la poblaci\u00f3n ind\u00edgena y campesina.<br><br>Es importante destacar que el eje \u00abterritorio\u00bb junto al eje \u00abagua segura para consumo humano\u00bb fueron sometidos previamente a un proceso de consulta previa, libre e informada (CLPI) celebrada por la Unidad Ejecutora, junto con INTA, MAGyP y MOP (financiada por el INAI), de la que participaron m\u00e1s 150 comunidades ind\u00edgenas de la localidad de Santa Victoria Este. La CLPI se desarroll\u00f3 en una semana de talleres participativos en distintas regiones del territorio, y cont\u00f3 con el apoyo de mapas, material gr\u00e1fico traducido y con la presencia de int\u00e9rpretes simult\u00e1neos en idiomas originarios. Durante los talleres, las comunidades hicieron sus aportes y sugerencias y acordaron con los ejes presentados por el Estado Nacional.<br><br><strong>El caso<\/strong><br><br>El reclamo por la entrega de un t\u00edtulo \u00fanico para todas las comunidades respecto de las tierras que ocupan ancestralmente lleg\u00f3 a la Comisi\u00f3n Interamericana de Derechos Humanos (CIDH) con el acompa\u00f1amiento del CELS, en 1998. En el transcurso de todos esos a\u00f1os, los pobladores originarios y criollos se organizaron pol\u00edticamente y llevaron adelante trascendentales negociaciones sobre el territorio, con la destacada participaci\u00f3n del recientemente fallecido Coordinador de Lhaka Honhat, Francisco P\u00e9rez.<br><br>En 2018, el caso lleg\u00f3 a la Corte IDH, que orden\u00f3 al Estado ejecutar aquellos acuerdos, particularmente, delimitar, demarcar y otorgar los t\u00edtulos de propiedad, y generar las condiciones para garantizar la relocalizaci\u00f3n de las familias criollas. Adem\u00e1s, el Estado deber\u00e1 elaborar un plan que permita asegurar el acceso y garant\u00eda de los derechos a la alimentaci\u00f3n, el agua, el ambiente sano y la identidad cultural de las comunidades ind\u00edgenas.&nbsp;<\/p>\n","protected":false},"excerpt":{"rendered":"<p>El d\u00eda de hoy se firm\u00f3 un convenio entre el Estado Nacional y la Provincia de Salta, con el objetivo de poner r\u00e1pidamente en marcha los equipos territoriales para avanzar con los acuerdos de parte entre la poblaci\u00f3n ind\u00edgena y la campesina, en el marco del fallo de Lhaka Honhat. El acuerdo establece que el&hellip;<\/p>\n","protected":false},"author":1,"featured_media":114672,"comment_status":"open","ping_status":"open","sticky":false,"template":"","format":"standard","meta":{"footnotes":""},"categories":[8],"tags":[809,2450,11017,34902,37589,37590],"class_list":["post-114671","post","type-post","status-publish","format-standard","has-post-thumbnail","hentry","category-derechos-humanos","tag-cels","tag-diario-el-sindical","tag-estado-nacional","tag-inai","tag-lhaka-honhat","tag-mop"],"_links":{"self":[{"href":"https:\/\/www.elsindical.com.ar\/notas\/wp-json\/wp\/v2\/posts\/114671","targetHints":{"allow":["GET"]}}],"collection":[{"href":"https:\/\/www.elsindical.com.ar\/notas\/wp-json\/wp\/v2\/posts"}],"about":[{"href":"https:\/\/www.elsindical.com.ar\/notas\/wp-json\/wp\/v2\/types\/post"}],"author":[{"embeddable":true,"href":"https:\/\/www.elsindical.com.ar\/notas\/wp-json\/wp\/v2\/users\/1"}],"replies":[{"embeddable":true,"href":"https:\/\/www.elsindical.com.ar\/notas\/wp-json\/wp\/v2\/comments?post=114671"}],"version-history":[{"count":1,"href":"https:\/\/www.elsindical.com.ar\/notas\/wp-json\/wp\/v2\/posts\/114671\/revisions"}],"predecessor-version":[{"id":114673,"href":"https:\/\/www.elsindical.com.ar\/notas\/wp-json\/wp\/v2\/posts\/114671\/revisions\/114673"}],"wp:featuredmedia":[{"embeddable":true,"href":"https:\/\/www.elsindical.com.ar\/notas\/wp-json\/wp\/v2\/media\/114672"}],"wp:attachment":[{"href":"https:\/\/www.elsindical.com.ar\/notas\/wp-json\/wp\/v2\/media?parent=114671"}],"wp:term":[{"taxonomy":"category","embeddable":true,"href":"https:\/\/www.elsindical.com.ar\/notas\/wp-json\/wp\/v2\/categories?post=114671"},{"taxonomy":"post_tag","embeddable":true,"href":"https:\/\/www.elsindical.com.ar\/notas\/wp-json\/wp\/v2\/tags?post=114671"}],"curies":[{"name":"wp","href":"https:\/\/api.w.org\/{rel}","templated":true}]}}