{"id":114582,"date":"2022-06-27T09:21:44","date_gmt":"2022-06-27T12:21:44","guid":{"rendered":"https:\/\/www.elsindical.com.ar\/notas\/?p=114582"},"modified":"2022-06-27T09:21:45","modified_gmt":"2022-06-27T12:21:45","slug":"ate-ratifico-el-paro-de-auxiliares-docentes-para-este-lunes-y-tensiona-con-educacion","status":"publish","type":"post","link":"https:\/\/www.elsindical.com.ar\/notas\/ate-ratifico-el-paro-de-auxiliares-docentes-para-este-lunes-y-tensiona-con-educacion\/","title":{"rendered":"ATE ratific\u00f3 el paro de auxiliares docentes para este lunes y tensiona con Educaci\u00f3n"},"content":{"rendered":"\n<figure class=\"wp-block-image size-full\"><a href=\"https:\/\/www.elsindical.com.ar\/notas\/var\/www\/html\/notas\/wp-content\/uploads\/2022\/06\/para-auxiliares-docentes-ATE.jpeg\"><img loading=\"lazy\" decoding=\"async\" width=\"948\" height=\"533\" src=\"https:\/\/www.elsindical.com.ar\/notas\/var\/www\/html\/notas\/wp-content\/uploads\/2022\/06\/para-auxiliares-docentes-ATE.jpeg\" alt=\"\" class=\"wp-image-114583\" srcset=\"https:\/\/www.elsindical.com.ar\/notas\/var\/www\/html\/notas\/wp-content\/uploads\/2022\/06\/para-auxiliares-docentes-ATE.jpeg 948w, https:\/\/www.elsindical.com.ar\/notas\/var\/www\/html\/notas\/wp-content\/uploads\/2022\/06\/para-auxiliares-docentes-ATE-300x169.jpeg 300w, https:\/\/www.elsindical.com.ar\/notas\/var\/www\/html\/notas\/wp-content\/uploads\/2022\/06\/para-auxiliares-docentes-ATE-768x432.jpeg 768w, https:\/\/www.elsindical.com.ar\/notas\/var\/www\/html\/notas\/wp-content\/uploads\/2022\/06\/para-auxiliares-docentes-ATE-500x281.jpeg 500w, https:\/\/www.elsindical.com.ar\/notas\/var\/www\/html\/notas\/wp-content\/uploads\/2022\/06\/para-auxiliares-docentes-ATE-460x260.jpeg 460w\" sizes=\"auto, (max-width: 948px) 100vw, 948px\" \/><\/a><\/figure>\n\n\n\n<p>El paro de los auxiliares docentes enrolados en la Asociaci\u00f3n Trabajadores del Estado (ATE) que se llevar\u00e1 a cabo en las escuelas bonaerenses este lunes complicar\u00e1 el normal funcionamiento de las escuelas de la provincia en la que, seg\u00fan fuentes gremiales, la organizaci\u00f3n dirigida por Oscar de Isasi <strong>representa a m\u00e1s de la mitad de los auxiliares<\/strong>.<\/p>\n\n\n\n<p>El gremio de los empleados p\u00fablicos realizar\u00e1 el <strong>cese de actividades por la no inclusi\u00f3n de los auxiliares escolares en el asueto provincial <\/strong>por el D\u00eda del Trabajador del Estado tal como dispuso una resoluci\u00f3n de la Direcci\u00f3n General de Cultura y Educaci\u00f3n que indic\u00f3 que el 27 de junio \u201cse dictar\u00e1n clases en todos los establecimientos educativos de la provincia de Buenos Aires, conforme a lo indicado en el calendario escolar vigente\u201d alegando que tanto docentes y los auxiliares ya tienen sus fechas conmemorativas.<\/p>\n\n\n\n<p>\u201cDesde ATE entendemos que esta normativa va en contra del principio de legalidad y razonabilidad contrario la Ley Nacional 28.876, que declara el 27 de junio de cada a\u00f1o como d\u00eda del trabajador del Estado. A su vez, va contra la Ley provincial 14.600 que adhiere a la normativa nacional, estableciendo esa fecha como <strong>d\u00eda de descanso para los empleados<\/strong> de la Administraci\u00f3n P\u00fablica Provincial\u201d, indicaron desde el sindicato a trav\u00e9s de un comunicado.<\/p>\n\n\n\n<p>Y agregaron: \u201cLas y los auxiliares de la educaci\u00f3n fueron quienes, en el marco de la crisis sanitaria m\u00e1s compleja que le ha tocado vivir a la humanidad, <strong>garantizaron la alimentaci\u00f3n de 2.100.000 ni\u00f1os, ni\u00f1as y adolescentes, y la sanitizaci\u00f3n de los establecimientos <\/strong>educativos para que se pueda desarrollar la continuidad pedag\u00f3gica\u201d.<\/p>\n\n\n\n<p>En ese sentido, el responsable del sector de Educaci\u00f3n en <strong>ATE y la CTA Esteban Echeverr\u00eda, Javier Vel\u00e1zquez<\/strong>, dispar\u00f3 contra el ministro de Educaci\u00f3n bonaerense, Alberto Sileoni, al que catalog\u00f3 como \u201cgorila\u201d al citar una frase de Juan Domingo Per\u00f3n que llama a \u201ccuidarse m\u00e1s de los que se dicen compa\u00f1eros y <strong>abajo del saco le brotan los pelos de gorila<\/strong>\u201d.<\/p>\n\n\n\n<p><strong>\u201cNo vamos a resignar ni un mil\u00edmetro de nuestras luchas y nuestras conquistas\u201d, <\/strong>dispar\u00f3 el referente de los empleados p\u00fablicos en declaraciones radiales.<\/p>\n","protected":false},"excerpt":{"rendered":"<p>El paro de los auxiliares docentes enrolados en la Asociaci\u00f3n Trabajadores del Estado (ATE) que se llevar\u00e1 a cabo en las escuelas bonaerenses este lunes complicar\u00e1 el normal funcionamiento de las escuelas de la provincia en la que, seg\u00fan fuentes gremiales, la organizaci\u00f3n dirigida por Oscar de Isasi representa a m\u00e1s de la mitad de&hellip;<\/p>\n","protected":false},"author":1,"featured_media":114583,"comment_status":"open","ping_status":"open","sticky":false,"template":"","format":"standard","meta":{"footnotes":""},"categories":[16],"tags":[37573,2450,37575,67],"class_list":["post-114582","post","type-post","status-publish","format-standard","has-post-thumbnail","hentry","category-gremiales","tag-auxiliares-docentes","tag-diario-el-sindical","tag-ley-nacional-28-876","tag-paro"],"_links":{"self":[{"href":"https:\/\/www.elsindical.com.ar\/notas\/wp-json\/wp\/v2\/posts\/114582","targetHints":{"allow":["GET"]}}],"collection":[{"href":"https:\/\/www.elsindical.com.ar\/notas\/wp-json\/wp\/v2\/posts"}],"about":[{"href":"https:\/\/www.elsindical.com.ar\/notas\/wp-json\/wp\/v2\/types\/post"}],"author":[{"embeddable":true,"href":"https:\/\/www.elsindical.com.ar\/notas\/wp-json\/wp\/v2\/users\/1"}],"replies":[{"embeddable":true,"href":"https:\/\/www.elsindical.com.ar\/notas\/wp-json\/wp\/v2\/comments?post=114582"}],"version-history":[{"count":1,"href":"https:\/\/www.elsindical.com.ar\/notas\/wp-json\/wp\/v2\/posts\/114582\/revisions"}],"predecessor-version":[{"id":114584,"href":"https:\/\/www.elsindical.com.ar\/notas\/wp-json\/wp\/v2\/posts\/114582\/revisions\/114584"}],"wp:featuredmedia":[{"embeddable":true,"href":"https:\/\/www.elsindical.com.ar\/notas\/wp-json\/wp\/v2\/media\/114583"}],"wp:attachment":[{"href":"https:\/\/www.elsindical.com.ar\/notas\/wp-json\/wp\/v2\/media?parent=114582"}],"wp:term":[{"taxonomy":"category","embeddable":true,"href":"https:\/\/www.elsindical.com.ar\/notas\/wp-json\/wp\/v2\/categories?post=114582"},{"taxonomy":"post_tag","embeddable":true,"href":"https:\/\/www.elsindical.com.ar\/notas\/wp-json\/wp\/v2\/tags?post=114582"}],"curies":[{"name":"wp","href":"https:\/\/api.w.org\/{rel}","templated":true}]}}