{"id":114574,"date":"2022-06-26T02:24:36","date_gmt":"2022-06-26T05:24:36","guid":{"rendered":"https:\/\/www.elsindical.com.ar\/notas\/?p=114574"},"modified":"2022-06-26T02:24:37","modified_gmt":"2022-06-26T05:24:37","slug":"avellaneda-acto-por-los-20-anos-de-la-masacre","status":"publish","type":"post","link":"https:\/\/www.elsindical.com.ar\/notas\/avellaneda-acto-por-los-20-anos-de-la-masacre\/","title":{"rendered":"Avellaneda: Acto por los 20 a\u00f1os de la Masacre"},"content":{"rendered":"<div class=\"wp-block-image\">\n<figure class=\"aligncenter size-full\"><a href=\"https:\/\/www.elsindical.com.ar\/notas\/var\/www\/html\/notas\/wp-content\/uploads\/2022\/06\/acto-20-anos-de-Kosteki-y-Santillan-1.jpg\"><img loading=\"lazy\" decoding=\"async\" width=\"900\" height=\"506\" src=\"https:\/\/www.elsindical.com.ar\/notas\/var\/www\/html\/notas\/wp-content\/uploads\/2022\/06\/acto-20-anos-de-Kosteki-y-Santillan-1.jpg\" alt=\"\" class=\"wp-image-114575\" srcset=\"https:\/\/www.elsindical.com.ar\/notas\/var\/www\/html\/notas\/wp-content\/uploads\/2022\/06\/acto-20-anos-de-Kosteki-y-Santillan-1.jpg 900w, https:\/\/www.elsindical.com.ar\/notas\/var\/www\/html\/notas\/wp-content\/uploads\/2022\/06\/acto-20-anos-de-Kosteki-y-Santillan-1-300x169.jpg 300w, https:\/\/www.elsindical.com.ar\/notas\/var\/www\/html\/notas\/wp-content\/uploads\/2022\/06\/acto-20-anos-de-Kosteki-y-Santillan-1-768x432.jpg 768w, https:\/\/www.elsindical.com.ar\/notas\/var\/www\/html\/notas\/wp-content\/uploads\/2022\/06\/acto-20-anos-de-Kosteki-y-Santillan-1-500x281.jpg 500w, https:\/\/www.elsindical.com.ar\/notas\/var\/www\/html\/notas\/wp-content\/uploads\/2022\/06\/acto-20-anos-de-Kosteki-y-Santillan-1-460x260.jpg 460w\" sizes=\"auto, (max-width: 900px) 100vw, 900px\" \/><\/a><\/figure>\n<\/div>\n\n\n<p>\u00abSeguimos exigiendo juicio a los responsables pol\u00edticos\u00bb, se\u00f1alaron.<\/p>\n\n\n\n<p><strong>Integrantes de la Uni\u00f3n de Trabajadores de la Econom\u00eda Popular (UTEP) realizaron hoy un acto en el Puente Pueyrred\u00f3n al cumplirse el 20 aniversario de la Masacre de Avellaneda<\/strong>, en la que fueron asesinados Maximiliano Kosteki y Dar\u00edo Santill\u00e1n, los dos j\u00f3venes militantes del MTD An\u00edbal Ver\u00f3n, donde los manifestantes volvieron a reclamar \u201cjuicio para los responsables pol\u00edticos de aquella represi\u00f3n\u201d.<\/p>\n\n\n\n<p><strong>\u201cCreemos que es fundamental no solo recordar, sino tener en cuenta que a 20 a\u00f1os seguimos exigiendo juicio a los responsables pol\u00edticos de la Masacre de Avellaneda\u201d, plantearon.<\/strong><\/p>\n\n\n\n<p>La UTEP est\u00e1 conformada por la dirigencia de la Corriente Clasista y Combativa (CCC); Somos Barrios de Pie; el Frente Popular Dar\u00edo Santill\u00e1n (FPDS), el Movimiento de Trabajadores Excluidos (MTE), el Movimiento Evita y la Organizaci\u00f3n Nuestra Am\u00e9rica, entre otras organizaciones sociales y pol\u00edticas,<\/p>\n\n\n\n<p><strong>El 26 de junio de 2002, Dar\u00edo y Maxi fueron asesinados en las inmediaciones y en el hall de la estaci\u00f3n Avellaneda -que hoy lleva por ley sus nombres- del Ferrocarril Roca, tras una brutal represi\u00f3n en las que las fuerzas de seguridad dispararon balas de goma y plomo contra quienes hab\u00edan salido a las calles a reclamar por \u201ctrabajo digno, alimentos y planes de trabajo\u201d<\/strong>, en el contexto de la crisis econ\u00f3mica y social que atravesaba Argentina.<\/p>\n\n\n\n<p>Los ex miembros de la Polic\u00eda Bonaerense Alfredo Fanchiotti y Alejandro Acosta, autores materiales del asesinato de Santill\u00e1n y Kosteki, fueron condenados en diciembre de 2005 a penas de prisi\u00f3n perpetua.<\/p>\n\n\n\n<p><strong>Estos cr\u00edmenes a manos de efectivos de la polic\u00eda bonaerense marcaron un hito en la sociedad argentina, que oblig\u00f3 al entonces presidente Eduardo Duhalde a adelantar las elecciones ante el rechazo generalizado que la represi\u00f3n policial gener\u00f3 en la sociedad.<\/strong><\/p>\n\n\n\n<p>Con diversas actividades, organizaciones sociales, pol\u00edticas, culturales y barriales recordar\u00e1n este fin de semana a los dos j\u00f3venes militantes del MTD An\u00edbal Ver\u00f3n.<\/p>\n\n\n\n<figure class=\"wp-block-gallery has-nested-images columns-1 is-cropped wp-block-gallery-1 is-layout-flex wp-block-gallery-is-layout-flex\">\n<figure class=\"wp-block-image size-large\"><a href=\"https:\/\/www.elsindical.com.ar\/notas\/var\/www\/html\/notas\/wp-content\/uploads\/2022\/06\/acto-20-anos-de-Kosteki-y-Santillan-2.jpg\"><img loading=\"lazy\" decoding=\"async\" width=\"900\" height=\"506\" data-id=\"114577\" src=\"https:\/\/www.elsindical.com.ar\/notas\/var\/www\/html\/notas\/wp-content\/uploads\/2022\/06\/acto-20-anos-de-Kosteki-y-Santillan-2.jpg\" alt=\"\" class=\"wp-image-114577\" srcset=\"https:\/\/www.elsindical.com.ar\/notas\/var\/www\/html\/notas\/wp-content\/uploads\/2022\/06\/acto-20-anos-de-Kosteki-y-Santillan-2.jpg 900w, https:\/\/www.elsindical.com.ar\/notas\/var\/www\/html\/notas\/wp-content\/uploads\/2022\/06\/acto-20-anos-de-Kosteki-y-Santillan-2-300x169.jpg 300w, https:\/\/www.elsindical.com.ar\/notas\/var\/www\/html\/notas\/wp-content\/uploads\/2022\/06\/acto-20-anos-de-Kosteki-y-Santillan-2-768x432.jpg 768w, https:\/\/www.elsindical.com.ar\/notas\/var\/www\/html\/notas\/wp-content\/uploads\/2022\/06\/acto-20-anos-de-Kosteki-y-Santillan-2-500x281.jpg 500w, https:\/\/www.elsindical.com.ar\/notas\/var\/www\/html\/notas\/wp-content\/uploads\/2022\/06\/acto-20-anos-de-Kosteki-y-Santillan-2-460x260.jpg 460w\" sizes=\"auto, (max-width: 900px) 100vw, 900px\" \/><\/a><\/figure>\n\n\n\n<figure class=\"wp-block-image size-large\"><a href=\"https:\/\/www.elsindical.com.ar\/notas\/var\/www\/html\/notas\/wp-content\/uploads\/2022\/06\/acto-20-anos-de-Kosteki-y-Santillan-3.jpg\"><img loading=\"lazy\" decoding=\"async\" width=\"709\" height=\"413\" data-id=\"114576\" src=\"https:\/\/www.elsindical.com.ar\/notas\/var\/www\/html\/notas\/wp-content\/uploads\/2022\/06\/acto-20-anos-de-Kosteki-y-Santillan-3.jpg\" alt=\"\" class=\"wp-image-114576\" srcset=\"https:\/\/www.elsindical.com.ar\/notas\/var\/www\/html\/notas\/wp-content\/uploads\/2022\/06\/acto-20-anos-de-Kosteki-y-Santillan-3.jpg 709w, https:\/\/www.elsindical.com.ar\/notas\/var\/www\/html\/notas\/wp-content\/uploads\/2022\/06\/acto-20-anos-de-Kosteki-y-Santillan-3-300x175.jpg 300w, https:\/\/www.elsindical.com.ar\/notas\/var\/www\/html\/notas\/wp-content\/uploads\/2022\/06\/acto-20-anos-de-Kosteki-y-Santillan-3-500x291.jpg 500w\" sizes=\"auto, (max-width: 709px) 100vw, 709px\" \/><\/a><\/figure>\n<\/figure>\n","protected":false},"excerpt":{"rendered":"<p>\u00abSeguimos exigiendo juicio a los responsables pol\u00edticos\u00bb, se\u00f1alaron. Integrantes de la Uni\u00f3n de Trabajadores de la Econom\u00eda Popular (UTEP) realizaron hoy un acto en el Puente Pueyrred\u00f3n al cumplirse el 20 aniversario de la Masacre de Avellaneda, en la que fueron asesinados Maximiliano Kosteki y Dar\u00edo Santill\u00e1n, los dos j\u00f3venes militantes del MTD An\u00edbal Ver\u00f3n,&hellip;<\/p>\n","protected":false},"author":1,"featured_media":114575,"comment_status":"open","ping_status":"open","sticky":false,"template":"","format":"standard","meta":{"footnotes":""},"categories":[25],"tags":[346,461,9044,2450,9045,601,32082],"class_list":["post-114574","post","type-post","status-publish","format-standard","has-post-thumbnail","hentry","category-sociedad","tag-actos","tag-avellaneda","tag-dario-santillan","tag-diario-el-sindical","tag-maximiliano-kosteki","tag-puente-pueyrredon","tag-utep"],"_links":{"self":[{"href":"https:\/\/www.elsindical.com.ar\/notas\/wp-json\/wp\/v2\/posts\/114574","targetHints":{"allow":["GET"]}}],"collection":[{"href":"https:\/\/www.elsindical.com.ar\/notas\/wp-json\/wp\/v2\/posts"}],"about":[{"href":"https:\/\/www.elsindical.com.ar\/notas\/wp-json\/wp\/v2\/types\/post"}],"author":[{"embeddable":true,"href":"https:\/\/www.elsindical.com.ar\/notas\/wp-json\/wp\/v2\/users\/1"}],"replies":[{"embeddable":true,"href":"https:\/\/www.elsindical.com.ar\/notas\/wp-json\/wp\/v2\/comments?post=114574"}],"version-history":[{"count":1,"href":"https:\/\/www.elsindical.com.ar\/notas\/wp-json\/wp\/v2\/posts\/114574\/revisions"}],"predecessor-version":[{"id":114578,"href":"https:\/\/www.elsindical.com.ar\/notas\/wp-json\/wp\/v2\/posts\/114574\/revisions\/114578"}],"wp:featuredmedia":[{"embeddable":true,"href":"https:\/\/www.elsindical.com.ar\/notas\/wp-json\/wp\/v2\/media\/114575"}],"wp:attachment":[{"href":"https:\/\/www.elsindical.com.ar\/notas\/wp-json\/wp\/v2\/media?parent=114574"}],"wp:term":[{"taxonomy":"category","embeddable":true,"href":"https:\/\/www.elsindical.com.ar\/notas\/wp-json\/wp\/v2\/categories?post=114574"},{"taxonomy":"post_tag","embeddable":true,"href":"https:\/\/www.elsindical.com.ar\/notas\/wp-json\/wp\/v2\/tags?post=114574"}],"curies":[{"name":"wp","href":"https:\/\/api.w.org\/{rel}","templated":true}]}}