{"id":114570,"date":"2022-06-26T02:06:52","date_gmt":"2022-06-26T05:06:52","guid":{"rendered":"https:\/\/www.elsindical.com.ar\/notas\/?p=114570"},"modified":"2022-06-26T02:06:54","modified_gmt":"2022-06-26T05:06:54","slug":"andrea-mariel-moretta-cuando-la-ideologia-te-nubla-la-razon","status":"publish","type":"post","link":"https:\/\/www.elsindical.com.ar\/notas\/andrea-mariel-moretta-cuando-la-ideologia-te-nubla-la-razon\/","title":{"rendered":"Andrea Mariel Moretta, cuando la ideolog\u00eda te nubla la raz\u00f3n"},"content":{"rendered":"<div class=\"wp-block-image\">\n<figure class=\"aligncenter size-large\"><a href=\"https:\/\/www.elsindical.com.ar\/notas\/var\/www\/html\/notas\/wp-content\/uploads\/2022\/06\/Andrea-Moretta-1.jpg\"><img loading=\"lazy\" decoding=\"async\" width=\"1024\" height=\"766\" src=\"https:\/\/www.elsindical.com.ar\/notas\/var\/www\/html\/notas\/wp-content\/uploads\/2022\/06\/Andrea-Moretta-1-1024x766.jpg\" alt=\"\" class=\"wp-image-114571\" srcset=\"https:\/\/www.elsindical.com.ar\/notas\/var\/www\/html\/notas\/wp-content\/uploads\/2022\/06\/Andrea-Moretta-1-1024x766.jpg 1024w, https:\/\/www.elsindical.com.ar\/notas\/var\/www\/html\/notas\/wp-content\/uploads\/2022\/06\/Andrea-Moretta-1-300x224.jpg 300w, https:\/\/www.elsindical.com.ar\/notas\/var\/www\/html\/notas\/wp-content\/uploads\/2022\/06\/Andrea-Moretta-1-768x575.jpg 768w, https:\/\/www.elsindical.com.ar\/notas\/var\/www\/html\/notas\/wp-content\/uploads\/2022\/06\/Andrea-Moretta-1-401x300.jpg 401w, https:\/\/www.elsindical.com.ar\/notas\/var\/www\/html\/notas\/wp-content\/uploads\/2022\/06\/Andrea-Moretta-1-1536x1149.jpg 1536w, https:\/\/www.elsindical.com.ar\/notas\/var\/www\/html\/notas\/wp-content\/uploads\/2022\/06\/Andrea-Moretta-1.jpg 2048w\" sizes=\"auto, (max-width: 1024px) 100vw, 1024px\" \/><\/a><\/figure>\n<\/div>\n\n\n<p>   No es una novedad que las redes sociales suelen ser una especie de \u00abcloaca\u00bb y de campo virtual donde muchas personas que no tienen un equilibrio emocional hacen catarsis y proyectan en sus comentarios su verdadera esencia.<\/p>\n\n\n\n<p>Hacer periodismo independiente e inteligente es en el mundo reconocido como una actividad de riesgo, m\u00e1s cuando abundan medios que han transformado al periodismo en una actividad publicitaria donde a menudo en los grandes medios se encuentran publicaciones inconsistentes con la b\u00fasqueda de la verdad y el concepto de interpelar al poder.<\/p>\n\n\n\n<p>Esta vanalizaci\u00f3n del periodismo ha generado que muchos de los que se informan sin cotejar informaci\u00f3n crean que lo que han le\u00eddo o escuchado es verdad y se resisten a los que cuestionan o \u00abrompen\u00bb esa zona de confort, no es la primera vez que expongo a un usuario de las redes sociales cuando considero que el l\u00edmite es la amenaza como medio de intimidaci\u00f3n y al decir la verdad nada temo.<\/p>\n\n\n\n<p>Hace un tiempo, he realizado varias denuncias contra fiscales, jueces y distintos funcionarios sobre la falta de investigaci\u00f3n en delitos de Trata de Personas, explotaci\u00f3n sexual y narcotr\u00e1fico, temas que llevo muchos a\u00f1os investigando, informando y publicando, algunos de mis art\u00edculos se han traducido en 5 idiomas e integran material de estudio en universidades de Latinoam\u00e9rica y Europa, lo que por un lado uno se siente bien por el reconocimiento, pero defrauda que en nuestro pa\u00eds, los responsables de investigar prefieran la corrupci\u00f3n y la impunidad por sobre la verdad.<\/p>\n\n\n\n<p>Al parecer, hay gente que por cuestiones ideol\u00f3gicas deja de razonar y va por el camino de descalificar, desviar la cuesti\u00f3n y hasta caer en el recurso imb\u00e9cil y mediocre de amenazar, as\u00ed, a un posteo en el perfil del intendente N\u00e9stor Grindetti, donde le recuerdo y le pido que de una explicaci\u00f3n de los motivos por los cuales Lan\u00fas se ha convertido en el municipio de la regi\u00f3n con m\u00e1s allanamientos y actividad de producci\u00f3n y distribuci\u00f3n de pornograf\u00eda infantil, sumado a casos de explotaci\u00f3n sexual y narcotr\u00e1fico, algunos de los simpatizantes del macrismo salieron a insultarme, amenazarme y decirme que haga las denuncias donde corresponde, evidenciando por un lado que no tienen idea de lo que dicen y mucho m\u00e1s que no saben a quien le dan consejos tan rid\u00edculos.<\/p>\n\n\n\n<p>Puedo afirmar y esto lo saben los que menciono, que he denunciado a fiscales y jueces por no investigar, a unos en la Oficina de Control Disciplinario de la Corte Bonaerense, a otros en la Procuraci\u00f3n General Bonaerense, a otros en la Auditor\u00eda de Asuntos Internos y a otros por incumplimiento en los deberes de funcionario p\u00fablico en la UFI de turno, es decir, he hecho mucho m\u00e1s que los que solo existen y opinan por las redes sociales, incluso todas las denuncias han sido ratificadas y ninguna desestimada, s\u00ed suelen dejar que el tiempo pas\u00e9 y terminen archivadas, si no pasa nada prescriben y si pasa algo la sacan para no demostrar encubrimiento, pero el encubrimiento existe.<\/p>\n\n\n\n<p>Obvio que no soy un ingenuo, que cree que mafias que generan millones pueden ser desarticuladas, porque en esas ganancias se financia la pol\u00edtica y se sostiene la corrupci\u00f3n, algo que no es privativo de la Argentina, pero s\u00ed la impunidad, en otros pa\u00edses con corrupci\u00f3n, la impunidad es menos habitual, en parte por una sociedad m\u00e1s inteligente y honesta, se ofenda quien se ofenda, la sociedad actual, especialmente en la provincia de Buenos Aires, es poco informada, c\u00f3moda, sin concepto de \u00e9tica, poco comprometida, cobarde y mediocre en cuanto a cultura y formaci\u00f3n acad\u00e9mica.<\/p>\n\n\n\n<p>El ejemplo de este art\u00edculo es el comentario primero provocador y con intenciones de evitar el contenido de mi publicaci\u00f3n de una usuaria de Facebook identificada como Andrea Moretta, que al parecer le molesta que se expongan delitos graves, luego me dice que vaya a la justicia ignorando las denuncias en curso y mis investigaciones al respecto que tienen ya m\u00e1s de 20 a\u00f1os, donde he sido consultado por fiscales federales, autoridades policiales y ONG, pero esta se\u00f1ora en su af\u00e1n de descalificarme sin argumentos me subestima y pretende ense\u00f1arme a vivir. <\/p>\n\n\n\n<p>Bueno como no soy de opinar de lo que no conozco, trate de entender si se trataba de un troll de esos que tanto le gusta tener al macrismo, de una fan\u00e1tica militante o simplemente de una persona que cree que negando los hechos las cosas no existen, informaci\u00f3n p\u00fablica no es abundante Andrea Mariel Moretta, ser\u00eda Oficial de Negocios Banca Empresas del Banco Comafi S.A, Responsable comercial de zona en banca empresas: Actual: Avellaneda, Sarand\u00ed, Valent\u00edn Alsina. Con CUIT: 27-17631205-5. No hay nada que indique que esta se\u00f1ora tiene experiencia alguna o investigaci\u00f3n al respecto como para debatir mi posteo y es aqu\u00ed que si bien uno podr\u00eda no responder, dejar las cosas en las redes sociales, considero que debe ser un compromiso de todos los ciudadanos de bien el tomar una posici\u00f3n al respecto, sin ideolog\u00eda pol\u00edtica, sino con el no callar hasta que haya justicia.<\/p>\n\n\n\n<p>Repudio a la gente que \u00abjuega\u00bb a la rescatista de perros y suben fotos apelando a lo sentimental para luego subir una CBU y garronear ayuda, pero no demuestra empat\u00eda por el dolor y el calvario que pasan las v\u00edctimas de la pornograf\u00eda infantil, la trata y la drogadicci\u00f3n, en mi experiencia son unos simuladores, claro los perros no hablan.<\/p>\n\n\n\n<p>As\u00ed que si no est\u00e1s de acuerdo, es inteligente no opinar exponiendo que clase de persona repudiable sos, pretender desvirtuar mi posteo llev\u00e1ndolo a un plano pol\u00edtico habla de la clase de persona que sos, querer correrme con un relato que atrasa respecto a que solo le respondo a mujeres es falso y conmigo no funciona, porque le respondo a quien sea que me etiqueta de la misma forma en que se dirigen a m\u00ed, si es con respeto con respeto y si me subestiman o chicanean no temo responderles en el mismo tono, no voy a pedir disculpas por exteriorizar mi repudio a delitos graves que no son investigados y que los pol\u00edticos juegan a no conocer, no suelo etiquetar a gente que no conozco y si lo hago va a ser en base a responder lo que se public\u00f3 y  si tengo dudas pregunto para no hacer el rid\u00edculo como Moretta de dar consejos rid\u00edculos.<\/p>\n\n\n\n<p>Si ven una publicaci\u00f3n de esta se\u00f1ora que escupe para arriba, ignorando que la producci\u00f3n de pornograf\u00eda infantil y su distribuci\u00f3n generan un riesgo en la sociedad donde cualquier ni\u00f1o est\u00e1 en peligro, por algo las sociedades \u00abavanzadas\u00bb tienen un registro de abusadores. Mi consejo es que cada uno decida si quiere ayudar a una persona as\u00ed que suele pedir ayuda para perros, porque personalmente repito, repudio a las y los que simulan solidaridad con animales pero ignoran a ni\u00f1os.<\/p>\n\n\n\n<p>Todos tienen acceso a Internet hoy en d\u00eda y saben usar los buscadores, chequeen cu\u00e1ntos allanamientos en el 2022 se hicieron en Lan\u00fas por pornograf\u00eda infantil y despu\u00e9s si son gente de bien, escr\u00edbanle al municipio que tiene supuestamente una Oficina de Asistencia a la V\u00edctima y a una secretaria municipal Noelia Quindimil que deber\u00eda asistir a las mujeres v\u00edctimas qu\u00e9 es lo que hacen. Lo m\u00edo no se limita a Juntos por el Cambio que son gobierno en Lan\u00fas, busquen mis criticas a concejales de la oposici\u00f3n por encubrir denuncias de abuso de funcionarios municipales, donde solo hicieron un pedido de informes para justificarse pero nunca acompa\u00f1aron a las denunciantes.<\/p>\n\n\n<div class=\"wp-block-image\">\n<figure class=\"aligncenter size-full\"><a href=\"https:\/\/www.elsindical.com.ar\/notas\/var\/www\/html\/notas\/wp-content\/uploads\/2022\/06\/Andrea-Moretta-comentarios.jpg\"><img loading=\"lazy\" decoding=\"async\" width=\"686\" height=\"551\" src=\"https:\/\/www.elsindical.com.ar\/notas\/var\/www\/html\/notas\/wp-content\/uploads\/2022\/06\/Andrea-Moretta-comentarios.jpg\" alt=\"\" class=\"wp-image-114572\" srcset=\"https:\/\/www.elsindical.com.ar\/notas\/var\/www\/html\/notas\/wp-content\/uploads\/2022\/06\/Andrea-Moretta-comentarios.jpg 686w, https:\/\/www.elsindical.com.ar\/notas\/var\/www\/html\/notas\/wp-content\/uploads\/2022\/06\/Andrea-Moretta-comentarios-300x241.jpg 300w, https:\/\/www.elsindical.com.ar\/notas\/var\/www\/html\/notas\/wp-content\/uploads\/2022\/06\/Andrea-Moretta-comentarios-374x300.jpg 374w\" sizes=\"auto, (max-width: 686px) 100vw, 686px\" \/><\/a><\/figure>\n<\/div>\n\n\n<p>Por Marcelo Ricardo Hawrylciw <\/p>\n","protected":false},"excerpt":{"rendered":"<p>No es una novedad que las redes sociales suelen ser una especie de \u00abcloaca\u00bb y de campo virtual donde muchas personas que no tienen un equilibrio emocional hacen catarsis y proyectan en sus comentarios su verdadera esencia. Hacer periodismo independiente e inteligente es en el mundo reconocido como una actividad de riesgo, m\u00e1s cuando abundan&hellip;<\/p>\n","protected":false},"author":1,"featured_media":114571,"comment_status":"open","ping_status":"open","sticky":false,"template":"","format":"standard","meta":{"footnotes":""},"categories":[10,25],"tags":[493,37572,4989,2450,23470,5885,1056,209,5025,932,32003],"class_list":["post-114570","post","type-post","status-publish","format-standard","has-post-thumbnail","hentry","category-editorial","category-sociedad","tag-allanamientos","tag-andrea-mariel-moretta","tag-banco-comafi","tag-diario-el-sindical","tag-diego-kravetz","tag-fiscales","tag-jueces","tag-lanus","tag-nestor-grindetti","tag-pornografia-infantil","tag-procurador-general-julio-conte-grand"],"_links":{"self":[{"href":"https:\/\/www.elsindical.com.ar\/notas\/wp-json\/wp\/v2\/posts\/114570","targetHints":{"allow":["GET"]}}],"collection":[{"href":"https:\/\/www.elsindical.com.ar\/notas\/wp-json\/wp\/v2\/posts"}],"about":[{"href":"https:\/\/www.elsindical.com.ar\/notas\/wp-json\/wp\/v2\/types\/post"}],"author":[{"embeddable":true,"href":"https:\/\/www.elsindical.com.ar\/notas\/wp-json\/wp\/v2\/users\/1"}],"replies":[{"embeddable":true,"href":"https:\/\/www.elsindical.com.ar\/notas\/wp-json\/wp\/v2\/comments?post=114570"}],"version-history":[{"count":1,"href":"https:\/\/www.elsindical.com.ar\/notas\/wp-json\/wp\/v2\/posts\/114570\/revisions"}],"predecessor-version":[{"id":114573,"href":"https:\/\/www.elsindical.com.ar\/notas\/wp-json\/wp\/v2\/posts\/114570\/revisions\/114573"}],"wp:featuredmedia":[{"embeddable":true,"href":"https:\/\/www.elsindical.com.ar\/notas\/wp-json\/wp\/v2\/media\/114571"}],"wp:attachment":[{"href":"https:\/\/www.elsindical.com.ar\/notas\/wp-json\/wp\/v2\/media?parent=114570"}],"wp:term":[{"taxonomy":"category","embeddable":true,"href":"https:\/\/www.elsindical.com.ar\/notas\/wp-json\/wp\/v2\/categories?post=114570"},{"taxonomy":"post_tag","embeddable":true,"href":"https:\/\/www.elsindical.com.ar\/notas\/wp-json\/wp\/v2\/tags?post=114570"}],"curies":[{"name":"wp","href":"https:\/\/api.w.org\/{rel}","templated":true}]}}