{"id":114568,"date":"2022-06-26T00:59:07","date_gmt":"2022-06-26T03:59:07","guid":{"rendered":"https:\/\/www.elsindical.com.ar\/notas\/?p=114568"},"modified":"2022-06-26T00:59:08","modified_gmt":"2022-06-26T03:59:08","slug":"lomas-de-zamora-asesinaron-a-un-joven-de-un-disparo-en-la-cabeza-en-un-ajuste-de-cuentas","status":"publish","type":"post","link":"https:\/\/www.elsindical.com.ar\/notas\/lomas-de-zamora-asesinaron-a-un-joven-de-un-disparo-en-la-cabeza-en-un-ajuste-de-cuentas\/","title":{"rendered":"Lomas de Zamora: Asesinaron a un joven de un disparo en la cabeza en un ajuste de cuentas"},"content":{"rendered":"<div class=\"wp-block-image\">\n<figure class=\"aligncenter size-full is-resized\"><a href=\"https:\/\/www.elsindical.com.ar\/notas\/var\/www\/html\/notas\/wp-content\/uploads\/2020\/09\/UPA-de-Fiorito.jpg\"><img loading=\"lazy\" decoding=\"async\" src=\"https:\/\/www.elsindical.com.ar\/notas\/var\/www\/html\/notas\/wp-content\/uploads\/2020\/09\/UPA-de-Fiorito.jpg\" alt=\"\" class=\"wp-image-98529\" width=\"721\" height=\"483\" srcset=\"https:\/\/www.elsindical.com.ar\/notas\/var\/www\/html\/notas\/wp-content\/uploads\/2020\/09\/UPA-de-Fiorito.jpg 640w, https:\/\/www.elsindical.com.ar\/notas\/var\/www\/html\/notas\/wp-content\/uploads\/2020\/09\/UPA-de-Fiorito-300x201.jpg 300w, https:\/\/www.elsindical.com.ar\/notas\/var\/www\/html\/notas\/wp-content\/uploads\/2020\/09\/UPA-de-Fiorito-448x300.jpg 448w\" sizes=\"auto, (max-width: 721px) 100vw, 721px\" \/><\/a><\/figure>\n<\/div>\n\n\n<p>Un joven de 18 a\u00f1os que estaba imputado en dos homicidios fue asesinado este s\u00e1bado de un balazo en la localidad bonaerense de Villa Fiorito, y los investigadores no descartaban un posible ajuste de cuentas, informaron fuentes judiciales.<\/p>\n\n\n\n<p>El hecho ocurri\u00f3 este s\u00e1bado por la madrugada en un pasillo ubicado a la altura de la calle Islandia al 400, en la mencionada localidad del partido de Lomas de Zamora, en la zona sur del conurbano.<\/p>\n\n\n\n<p>Fuentes judiciales informaron a T\u00e9lam que la v\u00edctima, identificada como Joel Pogonza, fue encontrada con un disparo en la cabeza y fue trasladada de urgencia en un auto particular a la Unidad de Pronta Atenci\u00f3n (UPA) situada en autopista Presidente Juan Domingo Per\u00f3n (ex Camino Negro) al 4800.<\/p>\n\n\n\n<p>All\u00ed, el joven fue atendido por personal m\u00e9dico pero falleci\u00f3 a los pocos minutos de haber ingresado como consecuencia de las lesiones sufridas.<\/p>\n\n\n\n<p>Efectivos de la comisar\u00eda 5ta. de Villa Fiorito fueron alertados por el crimen y comenzaron a recabar datos a trav\u00e9s de testigos.<\/p>\n\n\n\n<p>Adem\u00e1s, personal de Polic\u00eda Cient\u00edfica realiz\u00f3 esta ma\u00f1ana los peritajes correspondientes en el lugar del hallazgo del cuerpo, a\u00f1adieron las fuentes.<\/p>\n\n\n\n<p>El hecho es investigado por el fiscal Lorenzo Latorre, a cargo de la Unidad Funcional de Instrucci\u00f3n (UFI) 3 del Departamento Judicial Lomas de Zamora, quien dispuso que en las pr\u00f3ximas horas se realice la autopsia en una causa caratulada, en principio, como \u00abhomicidio agravado por el uso de arma de fuego\u00bb.<\/p>\n","protected":false},"excerpt":{"rendered":"<p>Un joven de 18 a\u00f1os que estaba imputado en dos homicidios fue asesinado este s\u00e1bado de un balazo en la localidad bonaerense de Villa Fiorito, y los investigadores no descartaban un posible ajuste de cuentas, informaron fuentes judiciales. El hecho ocurri\u00f3 este s\u00e1bado por la madrugada en un pasillo ubicado a la altura de la&hellip;<\/p>\n","protected":false},"author":1,"featured_media":98529,"comment_status":"open","ping_status":"open","sticky":false,"template":"","format":"standard","meta":{"footnotes":""},"categories":[22],"tags":[37571,2450,744,4292],"class_list":["post-114568","post","type-post","status-publish","format-standard","has-post-thumbnail","hentry","category-policiales","tag-comisaria-5ta-lomas-de-zamora","tag-diario-el-sindical","tag-lomas-de-zamora","tag-villa-fiorito"],"_links":{"self":[{"href":"https:\/\/www.elsindical.com.ar\/notas\/wp-json\/wp\/v2\/posts\/114568","targetHints":{"allow":["GET"]}}],"collection":[{"href":"https:\/\/www.elsindical.com.ar\/notas\/wp-json\/wp\/v2\/posts"}],"about":[{"href":"https:\/\/www.elsindical.com.ar\/notas\/wp-json\/wp\/v2\/types\/post"}],"author":[{"embeddable":true,"href":"https:\/\/www.elsindical.com.ar\/notas\/wp-json\/wp\/v2\/users\/1"}],"replies":[{"embeddable":true,"href":"https:\/\/www.elsindical.com.ar\/notas\/wp-json\/wp\/v2\/comments?post=114568"}],"version-history":[{"count":1,"href":"https:\/\/www.elsindical.com.ar\/notas\/wp-json\/wp\/v2\/posts\/114568\/revisions"}],"predecessor-version":[{"id":114569,"href":"https:\/\/www.elsindical.com.ar\/notas\/wp-json\/wp\/v2\/posts\/114568\/revisions\/114569"}],"wp:featuredmedia":[{"embeddable":true,"href":"https:\/\/www.elsindical.com.ar\/notas\/wp-json\/wp\/v2\/media\/98529"}],"wp:attachment":[{"href":"https:\/\/www.elsindical.com.ar\/notas\/wp-json\/wp\/v2\/media?parent=114568"}],"wp:term":[{"taxonomy":"category","embeddable":true,"href":"https:\/\/www.elsindical.com.ar\/notas\/wp-json\/wp\/v2\/categories?post=114568"},{"taxonomy":"post_tag","embeddable":true,"href":"https:\/\/www.elsindical.com.ar\/notas\/wp-json\/wp\/v2\/tags?post=114568"}],"curies":[{"name":"wp","href":"https:\/\/api.w.org\/{rel}","templated":true}]}}