{"id":114560,"date":"2022-06-25T00:13:39","date_gmt":"2022-06-25T03:13:39","guid":{"rendered":"https:\/\/www.elsindical.com.ar\/notas\/?p=114560"},"modified":"2022-06-25T00:13:40","modified_gmt":"2022-06-25T03:13:40","slug":"lanus-un-massista-es-el-nuevo-defensor-del-pueblo","status":"publish","type":"post","link":"https:\/\/www.elsindical.com.ar\/notas\/lanus-un-massista-es-el-nuevo-defensor-del-pueblo\/","title":{"rendered":"Lan\u00fas: Un massista es el nuevo Defensor del Pueblo"},"content":{"rendered":"<div class=\"wp-block-image\">\n<figure class=\"aligncenter size-full\"><a href=\"https:\/\/www.elsindical.com.ar\/notas\/var\/www\/html\/notas\/wp-content\/uploads\/2022\/06\/HCD-Lanus-2022.jpg\"><img loading=\"lazy\" decoding=\"async\" width=\"1024\" height=\"627\" src=\"https:\/\/www.elsindical.com.ar\/notas\/var\/www\/html\/notas\/wp-content\/uploads\/2022\/06\/HCD-Lanus-2022.jpg\" alt=\"\" class=\"wp-image-114561\" srcset=\"https:\/\/www.elsindical.com.ar\/notas\/var\/www\/html\/notas\/wp-content\/uploads\/2022\/06\/HCD-Lanus-2022.jpg 1024w, https:\/\/www.elsindical.com.ar\/notas\/var\/www\/html\/notas\/wp-content\/uploads\/2022\/06\/HCD-Lanus-2022-300x184.jpg 300w, https:\/\/www.elsindical.com.ar\/notas\/var\/www\/html\/notas\/wp-content\/uploads\/2022\/06\/HCD-Lanus-2022-768x470.jpg 768w, https:\/\/www.elsindical.com.ar\/notas\/var\/www\/html\/notas\/wp-content\/uploads\/2022\/06\/HCD-Lanus-2022-490x300.jpg 490w\" sizes=\"auto, (max-width: 1024px) 100vw, 1024px\" \/><\/a><\/figure>\n<\/div>\n\n\n<p>Tras dos a\u00f1os de espera, finalmente el Concejo Deliberante de Lan\u00fas <strong>convoc\u00f3 a una sesi\u00f3n extraordinaria para elegir al defensor del Pueblo.<\/strong> La elecci\u00f3n tendr\u00eda que haber sido en 2020, pero por la pandemia y la falta de acuerdos pol\u00edticos, la situaci\u00f3n se dilat\u00f3 hasta este viernes cuando <strong>el oficialismo logr\u00f3 acordar con el Frente Renovador y un sector del peronismo.<\/strong><\/p>\n\n\n\n<p>La sesi\u00f3n comenz\u00f3 con demora debido a que <strong>Juntos por el Cambio no ten\u00eda qu\u00f3rum propio para sesionar<\/strong>. Necesitaba 13 presentes y solo ten\u00eda 12 (once concejales de Juntos y una concejala del Frente Renovador). M\u00e1s de una hora y media de espera despu\u00e9s, finalmente <strong>la concejala del PJ J\u00e9sica Flores Barrios fue la que baj\u00f3 al recinto para dar qu\u00f3rum.<\/strong><\/p>\n\n\n\n<p>Sin la presencia de gran parte el Frente de Todos, el Cuerpo vot\u00f3 por <strong>13 votos afirmativo para que Mat\u00edas Mancebo sea el defensor del Pueblo<\/strong> por los pr\u00f3ximos cuatro a\u00f1os. El abogado ocupa actualmente el cargo de director de Legal y T\u00e9cnica en la Defensor\u00eda del Pueblo de Lan\u00fas.<\/p>\n\n\n\n<p><strong>Mancebo es un hombre del Frente Renovador.<\/strong> Cuando en 2020 se presentaron los candidatos, \u00e9l fue uno de los primeros en mencionarse. Por eso, no llamo la atenci\u00f3n que Ana Rodr\u00edguez, concejala massista estuviera presente.<\/p>\n\n\n\n<p>Luego, se vot\u00f3 por <strong>13 votos afirmativo a Alberto Cusano<\/strong> como primer defensor adjunto, quien responde a la l\u00ednea radical de <strong>Luc\u00eda \u201cPochi\u201d Stanco<\/strong>. Mientras que <strong>por 12 votos afirmativos y uno negativo se vot\u00f3 a Julieta Garc\u00eda<\/strong> como segunda defensora adjunta \u2013 quien es hija de Jorge Garc\u00eda, director administrativo de Jefatura de Gabinete municipal \u2013.<\/p>\n\n\n\n<p>De esta forma, qued\u00f3 conformada la nueva conducci\u00f3n de la Defensor\u00eda local, tras dos a\u00f1os de acefal\u00eda. Dos de los tres cargos responden al oficialismo.<\/p>\n","protected":false},"excerpt":{"rendered":"<p>Tras dos a\u00f1os de espera, finalmente el Concejo Deliberante de Lan\u00fas convoc\u00f3 a una sesi\u00f3n extraordinaria para elegir al defensor del Pueblo. La elecci\u00f3n tendr\u00eda que haber sido en 2020, pero por la pandemia y la falta de acuerdos pol\u00edticos, la situaci\u00f3n se dilat\u00f3 hasta este viernes cuando el oficialismo logr\u00f3 acordar con el Frente&hellip;<\/p>\n","protected":false},"author":1,"featured_media":114561,"comment_status":"open","ping_status":"open","sticky":false,"template":"","format":"standard","meta":{"footnotes":""},"categories":[13],"tags":[2450,16445,36789,31166,37570],"class_list":["post-114560","post","type-post","status-publish","format-standard","has-post-thumbnail","hentry","category-politica","tag-diario-el-sindical","tag-frente-renovador","tag-hcd-lanus","tag-juntos-por-el-cambio","tag-matias-mancebo"],"_links":{"self":[{"href":"https:\/\/www.elsindical.com.ar\/notas\/wp-json\/wp\/v2\/posts\/114560","targetHints":{"allow":["GET"]}}],"collection":[{"href":"https:\/\/www.elsindical.com.ar\/notas\/wp-json\/wp\/v2\/posts"}],"about":[{"href":"https:\/\/www.elsindical.com.ar\/notas\/wp-json\/wp\/v2\/types\/post"}],"author":[{"embeddable":true,"href":"https:\/\/www.elsindical.com.ar\/notas\/wp-json\/wp\/v2\/users\/1"}],"replies":[{"embeddable":true,"href":"https:\/\/www.elsindical.com.ar\/notas\/wp-json\/wp\/v2\/comments?post=114560"}],"version-history":[{"count":1,"href":"https:\/\/www.elsindical.com.ar\/notas\/wp-json\/wp\/v2\/posts\/114560\/revisions"}],"predecessor-version":[{"id":114562,"href":"https:\/\/www.elsindical.com.ar\/notas\/wp-json\/wp\/v2\/posts\/114560\/revisions\/114562"}],"wp:featuredmedia":[{"embeddable":true,"href":"https:\/\/www.elsindical.com.ar\/notas\/wp-json\/wp\/v2\/media\/114561"}],"wp:attachment":[{"href":"https:\/\/www.elsindical.com.ar\/notas\/wp-json\/wp\/v2\/media?parent=114560"}],"wp:term":[{"taxonomy":"category","embeddable":true,"href":"https:\/\/www.elsindical.com.ar\/notas\/wp-json\/wp\/v2\/categories?post=114560"},{"taxonomy":"post_tag","embeddable":true,"href":"https:\/\/www.elsindical.com.ar\/notas\/wp-json\/wp\/v2\/tags?post=114560"}],"curies":[{"name":"wp","href":"https:\/\/api.w.org\/{rel}","templated":true}]}}