{"id":114548,"date":"2022-06-24T12:45:32","date_gmt":"2022-06-24T15:45:32","guid":{"rendered":"https:\/\/www.elsindical.com.ar\/notas\/?p=114548"},"modified":"2022-06-24T12:45:36","modified_gmt":"2022-06-24T15:45:36","slug":"el-roca-extiende-su-horario-nocturno","status":"publish","type":"post","link":"https:\/\/www.elsindical.com.ar\/notas\/el-roca-extiende-su-horario-nocturno\/","title":{"rendered":"El Roca extiende su horario nocturno"},"content":{"rendered":"<div class=\"wp-block-image\">\n<figure class=\"aligncenter size-full\"><a href=\"https:\/\/www.elsindical.com.ar\/notas\/var\/www\/html\/notas\/wp-content\/uploads\/2017\/04\/Tren-Roca-nuevo.jpg\"><img loading=\"lazy\" decoding=\"async\" width=\"599\" height=\"399\" src=\"https:\/\/www.elsindical.com.ar\/notas\/var\/www\/html\/notas\/wp-content\/uploads\/2017\/04\/Tren-Roca-nuevo.jpg\" alt=\"\" class=\"wp-image-67413\" srcset=\"https:\/\/www.elsindical.com.ar\/notas\/var\/www\/html\/notas\/wp-content\/uploads\/2017\/04\/Tren-Roca-nuevo.jpg 599w, https:\/\/www.elsindical.com.ar\/notas\/var\/www\/html\/notas\/wp-content\/uploads\/2017\/04\/Tren-Roca-nuevo-300x200.jpg 300w, https:\/\/www.elsindical.com.ar\/notas\/var\/www\/html\/notas\/wp-content\/uploads\/2017\/04\/Tren-Roca-nuevo-450x300.jpg 450w\" sizes=\"auto, (max-width: 599px) 100vw, 599px\" \/><\/a><\/figure>\n<\/div>\n\n\n<p class=\"wp-block-paragraph\">Trenes Argentinos adelant\u00f3 hoy que inform\u00f3 que se realizar\u00e1n <strong>cambios en los horarios<\/strong> de las formaciones de la l\u00ednea Roca y confirm\u00f3 que aument\u00f3 la cantidad de servicios.<\/p>\n\n\n\n<p class=\"wp-block-paragraph\">La modificaci\u00f3n en el horario del \u00faltimo viaje afecta a todos los ramales, que van desde Plaza Constituci\u00f3n a Ezeiza, Glew, Alejandro Korn, La Plata y Bosques (v\u00eda Temperley)<\/p>\n\n\n\n<p class=\"wp-block-paragraph\">Los nuevos servicios del Roca son los siguientes:<\/p>\n\n\n\n<h3 class=\"wp-block-heading\">Desde Plaza Constituci\u00f3n a:<\/h3>\n\n\n\n<ul class=\"wp-block-list\"><li>Lavallol a las 23.01,<\/li><li>Ezeiza a las 23.05,<\/li><li>Alejandro Korn a las 22.40,<\/li><li>Glew a las 22.58,<\/li><li>Bosques a las 22.34,<\/li><li>Florencio Varela a las 22.46<\/li><li>La Plata a las 22.42.<\/li><\/ul>\n\n\n\n<h3 class=\"wp-block-heading\"><strong>Hacia Plaza Constituci\u00f3n:<\/strong><\/h3>\n\n\n\n<ul class=\"wp-block-list\"><li>Ezeiza a las 22.40,<\/li><li>Alejandro Korn a las 22.46,<\/li><li>Bosques (por Temperley) a las 23.37<\/li><li>La Plata a las 22.50<\/li><\/ul>\n","protected":false},"excerpt":{"rendered":"<p>Trenes Argentinos adelant\u00f3 hoy que inform\u00f3 que se realizar\u00e1n cambios en los horarios de las formaciones de la l\u00ednea Roca y confirm\u00f3 que aument\u00f3 la cantidad de servicios. La modificaci\u00f3n en el horario del \u00faltimo viaje afecta a todos los ramales, que van desde Plaza Constituci\u00f3n a Ezeiza, Glew, Alejandro Korn, La Plata y Bosques&hellip;<\/p>\n","protected":false},"author":1,"featured_media":67413,"comment_status":"open","ping_status":"open","sticky":false,"template":"","format":"standard","meta":{"footnotes":""},"categories":[25],"tags":[2450,7620,8490,22091,27603],"class_list":["post-114548","post","type-post","status-publish","format-standard","has-post-thumbnail","hentry","category-sociedad","tag-diario-el-sindical","tag-horarios","tag-servicios","tag-tren-roca","tag-trenes-argentinos"],"_links":{"self":[{"href":"https:\/\/www.elsindical.com.ar\/notas\/wp-json\/wp\/v2\/posts\/114548","targetHints":{"allow":["GET"]}}],"collection":[{"href":"https:\/\/www.elsindical.com.ar\/notas\/wp-json\/wp\/v2\/posts"}],"about":[{"href":"https:\/\/www.elsindical.com.ar\/notas\/wp-json\/wp\/v2\/types\/post"}],"author":[{"embeddable":true,"href":"https:\/\/www.elsindical.com.ar\/notas\/wp-json\/wp\/v2\/users\/1"}],"replies":[{"embeddable":true,"href":"https:\/\/www.elsindical.com.ar\/notas\/wp-json\/wp\/v2\/comments?post=114548"}],"version-history":[{"count":1,"href":"https:\/\/www.elsindical.com.ar\/notas\/wp-json\/wp\/v2\/posts\/114548\/revisions"}],"predecessor-version":[{"id":114549,"href":"https:\/\/www.elsindical.com.ar\/notas\/wp-json\/wp\/v2\/posts\/114548\/revisions\/114549"}],"wp:featuredmedia":[{"embeddable":true,"href":"https:\/\/www.elsindical.com.ar\/notas\/wp-json\/wp\/v2\/media\/67413"}],"wp:attachment":[{"href":"https:\/\/www.elsindical.com.ar\/notas\/wp-json\/wp\/v2\/media?parent=114548"}],"wp:term":[{"taxonomy":"category","embeddable":true,"href":"https:\/\/www.elsindical.com.ar\/notas\/wp-json\/wp\/v2\/categories?post=114548"},{"taxonomy":"post_tag","embeddable":true,"href":"https:\/\/www.elsindical.com.ar\/notas\/wp-json\/wp\/v2\/tags?post=114548"}],"curies":[{"name":"wp","href":"https:\/\/api.w.org\/{rel}","templated":true}]}}