{"id":114366,"date":"2022-06-18T00:47:05","date_gmt":"2022-06-18T03:47:05","guid":{"rendered":"https:\/\/www.elsindical.com.ar\/notas\/?p=114366"},"modified":"2022-06-18T00:47:07","modified_gmt":"2022-06-18T03:47:07","slug":"lanus-brindara-cursos-de-capacitacion-gratuitos","status":"publish","type":"post","link":"https:\/\/www.elsindical.com.ar\/notas\/lanus-brindara-cursos-de-capacitacion-gratuitos\/","title":{"rendered":"Lan\u00fas brindar\u00e1 cursos de capacitaci\u00f3n gratuitos"},"content":{"rendered":"<div class=\"wp-block-image\">\n<figure class=\"aligncenter size-large\"><a href=\"https:\/\/www.elsindical.com.ar\/notas\/var\/www\/html\/notas\/wp-content\/uploads\/2022\/06\/cursos-en-Lanus.jpg\"><img loading=\"lazy\" decoding=\"async\" width=\"1024\" height=\"576\" src=\"https:\/\/www.elsindical.com.ar\/notas\/var\/www\/html\/notas\/wp-content\/uploads\/2022\/06\/cursos-en-Lanus-1024x576.jpg\" alt=\"\" class=\"wp-image-114367\" srcset=\"https:\/\/www.elsindical.com.ar\/notas\/var\/www\/html\/notas\/wp-content\/uploads\/2022\/06\/cursos-en-Lanus-1024x576.jpg 1024w, https:\/\/www.elsindical.com.ar\/notas\/var\/www\/html\/notas\/wp-content\/uploads\/2022\/06\/cursos-en-Lanus-300x169.jpg 300w, https:\/\/www.elsindical.com.ar\/notas\/var\/www\/html\/notas\/wp-content\/uploads\/2022\/06\/cursos-en-Lanus-768x432.jpg 768w, https:\/\/www.elsindical.com.ar\/notas\/var\/www\/html\/notas\/wp-content\/uploads\/2022\/06\/cursos-en-Lanus-500x281.jpg 500w, https:\/\/www.elsindical.com.ar\/notas\/var\/www\/html\/notas\/wp-content\/uploads\/2022\/06\/cursos-en-Lanus-460x260.jpg 460w, https:\/\/www.elsindical.com.ar\/notas\/var\/www\/html\/notas\/wp-content\/uploads\/2022\/06\/cursos-en-Lanus.jpg 1280w\" sizes=\"auto, (max-width: 1024px) 100vw, 1024px\" \/><\/a><\/figure>\n<\/div>\n\n\n<p>El municipio de Lan\u00fas brindar\u00e1 una serie de cursos con el objetivo de que los vecinos del distrito puedan acceder se dar\u00e1n de forma h\u00edbrida a saberes relacionados a la <strong>empleabilidad, las industrias creativas y el emprendedurismo<\/strong>.<\/p>\n\n\n\n<p>Los cursos previstos son los de: cajero administrativo, taller de Monotributo, IIBB + ARBA, Design Thinking, Beneficios de formalizar tu negocio con monotributo, manipulaci\u00f3n de alimentos; Google Ads: promocion\u00e1 tu negocio online; y de Producci\u00f3n audiovisual con drone.<\/p>\n\n\n\n<p>En lo que va del a\u00f1o, m\u00e1s de 4.000 vecinos de Lan\u00fas ya participaron de los distintos cursos ofrecidos por el municipio y quienes quieren <strong>informaci\u00f3n y sumarse <\/strong>pueden hacerlo ingresando en <strong><a rel=\"noreferrer noopener\" href=\"http:\/\/www.lanus.gob.ar\/programatufuturo\" target=\"_blank\">www.lanus.gob.ar\/programatufuturo<\/a><\/strong><\/p>\n\n\n\n<p><strong>Nido Jard\u00edn suma actividades formativas<br><\/strong><br>Por otro lado, en la ex Casa del Futuro, actual Nido Jard\u00edn, Moreno 3864 y Pasaje Aguirre, Villa Jard\u00edn, tambi\u00e9n contin\u00faa el dictado de cursos y talleres de los que ya participaron 1.500 personas<strong>.<\/strong><\/p>\n\n\n\n<p>Entre las capacitaciones y talleres disponibles se encuentran la de <strong>Iniciaci\u00f3n al tatuaje<\/strong>, <strong>seminario de macetas y elementos en concreto<\/strong>, <strong>taller de Educaci\u00f3n Sexual Integral<\/strong> para infanciasm y un <strong>taller sobre uso de celulares para adultos mayores<\/strong>.<\/p>\n","protected":false},"excerpt":{"rendered":"<p>El municipio de Lan\u00fas brindar\u00e1 una serie de cursos con el objetivo de que los vecinos del distrito puedan acceder se dar\u00e1n de forma h\u00edbrida a saberes relacionados a la empleabilidad, las industrias creativas y el emprendedurismo. Los cursos previstos son los de: cajero administrativo, taller de Monotributo, IIBB + ARBA, Design Thinking, Beneficios de&hellip;<\/p>\n","protected":false},"author":1,"featured_media":114367,"comment_status":"open","ping_status":"open","sticky":false,"template":"","format":"standard","meta":{"footnotes":""},"categories":[5],"tags":[7659,2926,2450,209],"class_list":["post-114366","post","type-post","status-publish","format-standard","has-post-thumbnail","hentry","category-cultura","tag-capacitacion-2","tag-cursos","tag-diario-el-sindical","tag-lanus"],"_links":{"self":[{"href":"https:\/\/www.elsindical.com.ar\/notas\/wp-json\/wp\/v2\/posts\/114366","targetHints":{"allow":["GET"]}}],"collection":[{"href":"https:\/\/www.elsindical.com.ar\/notas\/wp-json\/wp\/v2\/posts"}],"about":[{"href":"https:\/\/www.elsindical.com.ar\/notas\/wp-json\/wp\/v2\/types\/post"}],"author":[{"embeddable":true,"href":"https:\/\/www.elsindical.com.ar\/notas\/wp-json\/wp\/v2\/users\/1"}],"replies":[{"embeddable":true,"href":"https:\/\/www.elsindical.com.ar\/notas\/wp-json\/wp\/v2\/comments?post=114366"}],"version-history":[{"count":1,"href":"https:\/\/www.elsindical.com.ar\/notas\/wp-json\/wp\/v2\/posts\/114366\/revisions"}],"predecessor-version":[{"id":114368,"href":"https:\/\/www.elsindical.com.ar\/notas\/wp-json\/wp\/v2\/posts\/114366\/revisions\/114368"}],"wp:featuredmedia":[{"embeddable":true,"href":"https:\/\/www.elsindical.com.ar\/notas\/wp-json\/wp\/v2\/media\/114367"}],"wp:attachment":[{"href":"https:\/\/www.elsindical.com.ar\/notas\/wp-json\/wp\/v2\/media?parent=114366"}],"wp:term":[{"taxonomy":"category","embeddable":true,"href":"https:\/\/www.elsindical.com.ar\/notas\/wp-json\/wp\/v2\/categories?post=114366"},{"taxonomy":"post_tag","embeddable":true,"href":"https:\/\/www.elsindical.com.ar\/notas\/wp-json\/wp\/v2\/tags?post=114366"}],"curies":[{"name":"wp","href":"https:\/\/api.w.org\/{rel}","templated":true}]}}