{"id":114364,"date":"2022-06-18T00:42:37","date_gmt":"2022-06-18T03:42:37","guid":{"rendered":"https:\/\/www.elsindical.com.ar\/notas\/?p=114364"},"modified":"2022-06-18T00:42:38","modified_gmt":"2022-06-18T03:42:38","slug":"la-corte-suprema-confirmo-la-condena-por-abuso-al-ex-futbolista-alexis-zarate","status":"publish","type":"post","link":"https:\/\/www.elsindical.com.ar\/notas\/la-corte-suprema-confirmo-la-condena-por-abuso-al-ex-futbolista-alexis-zarate\/","title":{"rendered":"La Corte Suprema confirm\u00f3 la condena por abuso al ex futbolista Alexis Z\u00e1rate"},"content":{"rendered":"\n<figure class=\"wp-block-image size-full\"><a href=\"https:\/\/www.elsindical.com.ar\/notas\/var\/www\/html\/notas\/wp-content\/uploads\/2019\/12\/Alexis-Z\u00e1rate-juicio-oral.jpg\"><img loading=\"lazy\" decoding=\"async\" width=\"810\" height=\"542\" src=\"https:\/\/www.elsindical.com.ar\/notas\/var\/www\/html\/notas\/wp-content\/uploads\/2019\/12\/Alexis-Z\u00e1rate-juicio-oral.jpg\" alt=\"\" class=\"wp-image-91959\" srcset=\"https:\/\/www.elsindical.com.ar\/notas\/var\/www\/html\/notas\/wp-content\/uploads\/2019\/12\/Alexis-Z\u00e1rate-juicio-oral.jpg 810w, https:\/\/www.elsindical.com.ar\/notas\/var\/www\/html\/notas\/wp-content\/uploads\/2019\/12\/Alexis-Z\u00e1rate-juicio-oral-300x201.jpg 300w, https:\/\/www.elsindical.com.ar\/notas\/var\/www\/html\/notas\/wp-content\/uploads\/2019\/12\/Alexis-Z\u00e1rate-juicio-oral-768x514.jpg 768w, https:\/\/www.elsindical.com.ar\/notas\/var\/www\/html\/notas\/wp-content\/uploads\/2019\/12\/Alexis-Z\u00e1rate-juicio-oral-448x300.jpg 448w\" sizes=\"auto, (max-width: 810px) 100vw, 810px\" \/><\/a><\/figure>\n\n\n\n<p>La Corte Suprema de Justicia de la Naci\u00f3n dej\u00f3 firme la condena a seis a\u00f1os y medio de prisi\u00f3n para el ex futbolista de Independiente Alexis Z\u00e1rate por el abuso sexual de una joven, cometido en 2014, en el partido bonaerense de Avellaneda.<\/p>\n\n\n\n<p>Los ministros Ricardo Lorenzetti, Juan Carlos Maqueda, Horacio Rosatti y Carlos Rosenkrantz desestimaron el recurso de queja extraordinario presentado por la defensa de Z\u00e1rate (28), quien desde julio de 2020 est\u00e1 preso en la Unidad Penal 19 de Saavedra, en el sur de la provincia de Buenos Aires.<\/p>\n\n\n\n<p><strong>De acuerdo al fallo de la Corte, los ministros rechazaron el planteo por cuestiones formales.<\/strong><\/p>\n\n\n\n<p>El exfutbolista qued\u00f3 detenido luego de que la Suprema Corte de Justicia bonaerense rechazara un recurso extraordinario federal para que se revisara la pena a la que hab\u00eda sido condenado.<\/p>\n\n\n\n<p>La detenci\u00f3n fue ordenada entonces en julio del 2020, poco despu\u00e9s del inicio del aislamiento por la pandemia del coronavirus, por el juez Nicol\u00e1s Plo, a cargo del Tribunal Oral en lo Criminal 1 de Lomas de Zamora.<\/p>\n\n\n\n<p>De acuerdo al c\u00f3mputo de la pena, Z\u00e1rate deber\u00e1 permanecer en prisi\u00f3n hasta principios del 2027, aunque en enero del 2025 podr\u00e1 solicitar alg\u00fan beneficio tras cumplir las dos terceras partes de la condena.<\/p>\n\n\n\n<p>El ex defensor de Independiente y Temperley fue condenado por haber abusado sexualmente de una joven en marzo de 2014, cuando el tambi\u00e9n jugador del equipo de Avellaneda Mart\u00edn Ben\u00edtez y la v\u00edctima, quien entonces era su novia, fueron a bailar a un boliche de Quilmes y regresaron al departamento de Z\u00e1rate, ubicado en Brandsen al 5900, en Wilde, donde tuvieron relaciones sexuales.<\/p>\n\n\n\n<p>Seg\u00fan se determin\u00f3 en el juicio oral, la pareja se qued\u00f3 dormida y fue en ese momento cuando Z\u00e1rate ingres\u00f3 a la habitaci\u00f3n y abus\u00f3 de la mujer, quien se despert\u00f3 y comenz\u00f3 a forcejear con \u00e9l y a gritar para que Ben\u00edtez la ayudara.<\/p>\n\n\n\n<p><strong>Despu\u00e9s de m\u00e1s tres a\u00f1os, la causa lleg\u00f3 a juicio oral en 2017, cuando el exfutbolista fue declarado culpable del delito de \u00ababuso sexual con acceso carnal\u00bb y condenado a seis a\u00f1os y medio de prisi\u00f3n.<\/strong><\/p>\n\n\n\n<p>Sin embargo, la defensa apel\u00f3 la decisi\u00f3n y mientras el Tribunal de Casaci\u00f3n resolv\u00eda la cuesti\u00f3n, el futbolista se hab\u00eda ido a jugar al equipo FK Liepaja de Letonia, de donde tuvo que regresar ante un pedido que hizo la abogada de la v\u00edctima, Raquel Hermida Leyenda.<\/p>\n\n\n\n<p>Luego, en noviembre de 2018, el tribunal le prohibi\u00f3 a Z\u00e1rate salir de la provincia de Buenos Aires y fij\u00f3 una perimetral para que no se acercara a la v\u00edctima.<\/p>\n","protected":false},"excerpt":{"rendered":"<p>La Corte Suprema de Justicia de la Naci\u00f3n dej\u00f3 firme la condena a seis a\u00f1os y medio de prisi\u00f3n para el ex futbolista de Independiente Alexis Z\u00e1rate por el abuso sexual de una joven, cometido en 2014, en el partido bonaerense de Avellaneda. Los ministros Ricardo Lorenzetti, Juan Carlos Maqueda, Horacio Rosatti y Carlos Rosenkrantz&hellip;<\/p>\n","protected":false},"author":1,"featured_media":91959,"comment_status":"open","ping_status":"open","sticky":false,"template":"","format":"standard","meta":{"footnotes":""},"categories":[20],"tags":[18311,461,11318,29641,9135,2450],"class_list":["post-114364","post","type-post","status-publish","format-standard","has-post-thumbnail","hentry","category-judiciales","tag-alexis-zarate","tag-avellaneda","tag-club-atletico-independiente","tag-condena-firme","tag-corte-suprema-de-justicia-de-la-nacion","tag-diario-el-sindical"],"_links":{"self":[{"href":"https:\/\/www.elsindical.com.ar\/notas\/wp-json\/wp\/v2\/posts\/114364","targetHints":{"allow":["GET"]}}],"collection":[{"href":"https:\/\/www.elsindical.com.ar\/notas\/wp-json\/wp\/v2\/posts"}],"about":[{"href":"https:\/\/www.elsindical.com.ar\/notas\/wp-json\/wp\/v2\/types\/post"}],"author":[{"embeddable":true,"href":"https:\/\/www.elsindical.com.ar\/notas\/wp-json\/wp\/v2\/users\/1"}],"replies":[{"embeddable":true,"href":"https:\/\/www.elsindical.com.ar\/notas\/wp-json\/wp\/v2\/comments?post=114364"}],"version-history":[{"count":1,"href":"https:\/\/www.elsindical.com.ar\/notas\/wp-json\/wp\/v2\/posts\/114364\/revisions"}],"predecessor-version":[{"id":114365,"href":"https:\/\/www.elsindical.com.ar\/notas\/wp-json\/wp\/v2\/posts\/114364\/revisions\/114365"}],"wp:featuredmedia":[{"embeddable":true,"href":"https:\/\/www.elsindical.com.ar\/notas\/wp-json\/wp\/v2\/media\/91959"}],"wp:attachment":[{"href":"https:\/\/www.elsindical.com.ar\/notas\/wp-json\/wp\/v2\/media?parent=114364"}],"wp:term":[{"taxonomy":"category","embeddable":true,"href":"https:\/\/www.elsindical.com.ar\/notas\/wp-json\/wp\/v2\/categories?post=114364"},{"taxonomy":"post_tag","embeddable":true,"href":"https:\/\/www.elsindical.com.ar\/notas\/wp-json\/wp\/v2\/tags?post=114364"}],"curies":[{"name":"wp","href":"https:\/\/api.w.org\/{rel}","templated":true}]}}