{"id":114362,"date":"2022-06-18T00:37:46","date_gmt":"2022-06-18T03:37:46","guid":{"rendered":"https:\/\/www.elsindical.com.ar\/notas\/?p=114362"},"modified":"2022-06-18T00:37:50","modified_gmt":"2022-06-18T03:37:50","slug":"efemerides-del-dia-18-de-junio-8","status":"publish","type":"post","link":"https:\/\/www.elsindical.com.ar\/notas\/efemerides-del-dia-18-de-junio-8\/","title":{"rendered":"EFEM\u00c9RIDES: DEL D\u00cdA 18 DE JUNIO"},"content":{"rendered":"\n<p>\u2013 D\u00eda del Orgullo Autista<\/p>\n\n\n\n<p>\u2013 D\u00eda de la Gastronom\u00eda Sostenible<\/p>\n\n\n\n<p>1812 \u2013 Comienza la Guerra de 1812: Estados Unidos le declara la guerra a Gran Breta\u00f1a.<\/p>\n\n\n\n<p>1814 \u2013 Nace Marco Avellaneda, enemigo del r\u00e9gimen de Rosas.<\/p>\n\n\n\n<p>1815 \u2013 Batalla de Waterloo: Napole\u00f3n es derrotado definitivamente por los aliados.<\/p>\n\n\n\n<p>1837 \u2013 Promulgaci\u00f3n de la Constituci\u00f3n liberal espa\u00f1ola que jura la Reina regente, Mar\u00eda Cristina de Borb\u00f3n.<\/p>\n\n\n\n<p>1877 \u2013 Nace James Montgomery Flagg, ilustrador, conocido por su afiche de reclutamiento con el T\u00edo Sam diciendo \u00abI want you\u00bb.<\/p>\n\n\n\n<p>1921 \u2013 Muere Eduardo Acevedo D\u00edaz, escritor y pol\u00edtico uruguayo.<\/p>\n\n\n\n<p>1929 \u2013 Nace J\u00fcrgen Habermas, soci\u00f3logo y fil\u00f3sofo alem\u00e1n.<\/p>\n\n\n\n<p>1931 \u2013 Nace Fernando Henrique Cardoso, pol\u00edtico y expresidente de Brasil.<\/p>\n\n\n\n<p>1942 \u2013 Las tropas ingleses capitulan en Tobruck ante los alemanes, que capturan a m\u00e1s de 33.000 prisioneros y abundante material de guerra.<\/p>\n\n\n\n<p>1942 \u2013 Nace James Paul McCartney, cantante y compositor brit\u00e1nico.<\/p>\n\n\n\n<p>1943 \u2013 Nace Raffaella Carr\u00e0, cantante y presentadora de televisi\u00f3n italiana.<\/p>\n\n\n\n<p>1946 \u2013 Nace Fabio Capello, director t\u00e9cnico de f\u00fatbol.<\/p>\n\n\n\n<p>1946 \u2013 Proclamaci\u00f3n de la Rep\u00fablica en Italia. El rey Humberto II se exilia en Portugal.<\/p>\n\n\n\n<p>1948 \u2013 Nace Ra\u00fal Rizzo, actor argentino.<\/p>\n\n\n\n<p>1949 \u2013 Nace Lech Kaczy\u0144ski, pol\u00edtico y presidente polaco.<\/p>\n\n\n\n<p>1949 \u2013 Nace Jaros\u0142aw Kaczy\u0144ski, pol\u00edtico y primer ministro polaco, hermano gemelo del presidente Lech Kaczy\u0144ski.<\/p>\n\n\n\n<p>1952 \u2013 Nace la actriz italiana Isabella Rossellini.<\/p>\n\n\n\n<p>1953 \u2013 Se proclama la Rep\u00fablica en Egipto.<\/p>\n\n\n\n<p>1956 \u2013 Los ingleses abandonan definitivamente Egipto, despu\u00e9s de un periodo de dominio de 74 a\u00f1os en el que hab\u00edan controlado el canal de Suez desde su construcci\u00f3n.<\/p>\n\n\n\n<p>1963 \u2013 Muere Pedro Armend\u00e1riz, actor mexicano.<\/p>\n\n\n\n<p>1970 \u2013 Nace Gerardo Roz\u00edn, periodista y presentador argentino de radio y televisi\u00f3n.<\/p>\n\n\n\n<p>1970 \u2013 La Junta de comandantes en jefe de las Fuerzas Armadas nombra al general Roberto M. Levingston como presidente de Argentina.<\/p>\n\n\n\n<p>1974 \u2013 Muere Georgy Konstantinovich Zhukov, militar ruso.<\/p>\n\n\n\n<p>1979 \u2013 Rusia y los EEUU firman en Viena el SALT II, tratado de limitaci\u00f3n de armas nucleares.<\/p>\n\n\n\n<p>1981 \u2013 Aparece ahorcado en Londres el italiano Roberto Calvi, presidente del Banco Ambrosiano.<\/p>\n\n\n\n<p>1982 \u2013 Muerte de John Cheever, escritor estadounidense.<\/p>\n\n\n\n<p>1983 \u2013 Nace Liz Solari, modelo argentina.<\/p>\n\n\n\n<p>1994 \u2013 Se despiden las tropas de EE.UU., Francia y Gran Breta\u00f1a, encargadas de la defensa del sector occidental de Berl\u00edn desde el final de la Segunda Guerra Mundial.<\/p>\n\n\n\n<p>1994 \u2013 Estados Unidos empata 1-1 con Suiza en su primer partido de la Copa Mundial de f\u00fatbol de 1994<\/p>\n\n\n\n<p>1997 \u2013 Rendici\u00f3n de Pol Pot, l\u00edder camboyano de los jemeres rojos.<\/p>\n\n\n\n<p>1999 \u2013 La cumbre del G-7 reunida en la ciudad alemana de Colonia acuerda condonar m\u00e1s de 65.000 millones de d\u00f3lares de la deuda exterior de las naciones m\u00e1s pobres y endeudadas del planeta<\/p>\n\n\n\n<p>2004 \u2013 Los 25 pa\u00edses de la Uni\u00f3n Europea aprueban el texto de la futura Constituci\u00f3n para el continente unificado.<\/p>\n\n\n\n<p>2005 \u2013 Muere Manuel Sadosky, matem\u00e1tico argentino.<\/p>\n\n\n\n<p>2007 \u2013 Muere Pablo Estram\u00edn, cantante uruguayo.<\/p>\n\n\n\n<p>2007 \u2013 Muere Vilma Esp\u00edn, qu\u00edmica y pol\u00edtica cubana.<\/p>\n\n\n\n<p>2010 \u2013 Muere Jos\u00e9 Saramago, escritor, periodista y dramaturgo portugu\u00e9s, premio nobel de literatura en 1998.<\/p>\n\n\n\n<p>2014 \u2013 Muere Horace Silver, m\u00fasico de jazz y compositor estadounidense.<\/p>\n","protected":false},"excerpt":{"rendered":"<p>\u2013 D\u00eda del Orgullo Autista \u2013 D\u00eda de la Gastronom\u00eda Sostenible 1812 \u2013 Comienza la Guerra de 1812: Estados Unidos le declara la guerra a Gran Breta\u00f1a. 1814 \u2013 Nace Marco Avellaneda, enemigo del r\u00e9gimen de Rosas. 1815 \u2013 Batalla de Waterloo: Napole\u00f3n es derrotado definitivamente por los aliados. 1837 \u2013 Promulgaci\u00f3n de la Constituci\u00f3n&hellip;<\/p>\n","protected":false},"author":1,"featured_media":0,"comment_status":"open","ping_status":"open","sticky":false,"template":"","format":"standard","meta":{"footnotes":""},"categories":[14],"tags":[2450,22026],"class_list":["post-114362","post","type-post","status-publish","format-standard","hentry","category-efemerides","tag-diario-el-sindical","tag-efemerides"],"_links":{"self":[{"href":"https:\/\/www.elsindical.com.ar\/notas\/wp-json\/wp\/v2\/posts\/114362","targetHints":{"allow":["GET"]}}],"collection":[{"href":"https:\/\/www.elsindical.com.ar\/notas\/wp-json\/wp\/v2\/posts"}],"about":[{"href":"https:\/\/www.elsindical.com.ar\/notas\/wp-json\/wp\/v2\/types\/post"}],"author":[{"embeddable":true,"href":"https:\/\/www.elsindical.com.ar\/notas\/wp-json\/wp\/v2\/users\/1"}],"replies":[{"embeddable":true,"href":"https:\/\/www.elsindical.com.ar\/notas\/wp-json\/wp\/v2\/comments?post=114362"}],"version-history":[{"count":1,"href":"https:\/\/www.elsindical.com.ar\/notas\/wp-json\/wp\/v2\/posts\/114362\/revisions"}],"predecessor-version":[{"id":114363,"href":"https:\/\/www.elsindical.com.ar\/notas\/wp-json\/wp\/v2\/posts\/114362\/revisions\/114363"}],"wp:attachment":[{"href":"https:\/\/www.elsindical.com.ar\/notas\/wp-json\/wp\/v2\/media?parent=114362"}],"wp:term":[{"taxonomy":"category","embeddable":true,"href":"https:\/\/www.elsindical.com.ar\/notas\/wp-json\/wp\/v2\/categories?post=114362"},{"taxonomy":"post_tag","embeddable":true,"href":"https:\/\/www.elsindical.com.ar\/notas\/wp-json\/wp\/v2\/tags?post=114362"}],"curies":[{"name":"wp","href":"https:\/\/api.w.org\/{rel}","templated":true}]}}