{"id":114333,"date":"2022-06-16T11:36:53","date_gmt":"2022-06-16T14:36:53","guid":{"rendered":"https:\/\/www.elsindical.com.ar\/notas\/?p=114333"},"modified":"2022-06-16T11:36:54","modified_gmt":"2022-06-16T14:36:54","slug":"maximiliano-gallucci-habla-de-transparencia-pero-esconde-informacion-sobre-lo-que-denuncia","status":"publish","type":"post","link":"https:\/\/www.elsindical.com.ar\/notas\/maximiliano-gallucci-habla-de-transparencia-pero-esconde-informacion-sobre-lo-que-denuncia\/","title":{"rendered":"Maximiliano Gallucci, habla de transparencia, pero esconde informaci\u00f3n sobre lo que denuncia"},"content":{"rendered":"<div class=\"wp-block-image\">\n<figure class=\"aligncenter size-large\"><a href=\"https:\/\/www.elsindical.com.ar\/notas\/var\/www\/html\/notas\/wp-content\/uploads\/2022\/06\/Maximiliano-Gallucci-duro.jpg\"><img loading=\"lazy\" decoding=\"async\" width=\"1024\" height=\"576\" src=\"https:\/\/www.elsindical.com.ar\/notas\/var\/www\/html\/notas\/wp-content\/uploads\/2022\/06\/Maximiliano-Gallucci-duro-1024x576.jpg\" alt=\"\" class=\"wp-image-114335\" srcset=\"https:\/\/www.elsindical.com.ar\/notas\/var\/www\/html\/notas\/wp-content\/uploads\/2022\/06\/Maximiliano-Gallucci-duro-1024x576.jpg 1024w, https:\/\/www.elsindical.com.ar\/notas\/var\/www\/html\/notas\/wp-content\/uploads\/2022\/06\/Maximiliano-Gallucci-duro-300x169.jpg 300w, https:\/\/www.elsindical.com.ar\/notas\/var\/www\/html\/notas\/wp-content\/uploads\/2022\/06\/Maximiliano-Gallucci-duro-768x432.jpg 768w, https:\/\/www.elsindical.com.ar\/notas\/var\/www\/html\/notas\/wp-content\/uploads\/2022\/06\/Maximiliano-Gallucci-duro-500x281.jpg 500w, https:\/\/www.elsindical.com.ar\/notas\/var\/www\/html\/notas\/wp-content\/uploads\/2022\/06\/Maximiliano-Gallucci-duro-460x260.jpg 460w, https:\/\/www.elsindical.com.ar\/notas\/var\/www\/html\/notas\/wp-content\/uploads\/2022\/06\/Maximiliano-Gallucci-duro.jpg 1280w\" sizes=\"auto, (max-width: 1024px) 100vw, 1024px\" \/><\/a><\/figure>\n<\/div>\n\n\n<p>   Sigue jugando a la pol\u00edtica est\u00fapida, esa que subestima la memoria y la inteligencia de los vecinos, as\u00ed hace pol\u00edtica el presidente del bloque de Juntos por el Cambio de Avellaneda, que no duda en hacer declaraciones rid\u00edculas y reclamar se cumpla lo que \u00e9l mismo no va a cumplir.<\/p>\n\n\n\n<p>Cuando un pol\u00edtico \u00abtira\u00bb una denuncia medi\u00e1tica, que no la lleva a la justicia ni es acompa\u00f1ada por su propio espacio como una batalla por los intereses de los ciudadanos, es porque en realidad lo que se hace es \u00abmeter palos en la rueda\u00bb y negociar para sacar el palo, es decir, no tenga dudas de que se est\u00e1 frente a una rosca pol\u00edtica donde el que puede hace y el que es oposici\u00f3n trata de rascar algo, definido de forma sencilla para que se entienda.<\/p>\n\n\n\n<p>Vamos a las declaraciones del impresentable presidente del bloque del PRO Gallucci:<\/p>\n\n\n\n<p><strong><em>\u201cen Avellaneda la falta de transparencia es moneda corriente\u201d<\/em><\/strong><\/p>\n\n\n\n<p><strong><em>El titular del bloque de Juntos renov\u00f3 cr\u00edticas contra el Frente de Todos. Adem\u00e1s, consider\u00f3 que \u201ces una falta de respeto al vecino\u201d hablar de candidaturas.<\/em><\/strong><\/p>\n\n\n\n<p><strong><em>El presidente del bloque de concejales de Juntos en Avellaneda, Maximiliano Gallucci, volvi\u00f3 a criticar al oficialismo local al sostener que \u201cen el distrito nada es trasparente ya hace un tiempo\u201d.<\/em><\/strong><\/p>\n\n\n\n<p><strong><em>\u201cEn la \u00faltima sesi\u00f3n se aprob\u00f3 un convenio de 44 viviendas. La realidad es que como en Avellaneda la falta de transparencia es moneda corriente, no sabemos c\u00f3mo es el proceso de adjudicaci\u00f3n, ni qui\u00e9nes son los beneficiarios. Hemos realizado un pedido de informes para que nos den detalles pero eso lo tienen escondido ellos\u201d, dispar\u00f3 el edil en declaraciones para Pol\u00edtica del Sur.<\/em><\/strong><\/p>\n\n\n\n<p><strong><em>Otro de los proyectos que gener\u00f3 pol\u00e9mica en la \u00faltima sesi\u00f3n del Concejo Deliberante fue por la expropiaci\u00f3n de un terreno en Pi\u00f1eyro. \u201cCuando nos lleg\u00f3 el expediente, el dictamen de la Secretar\u00eda de Legales del municipio dec\u00eda que estaba con posibilidad de invasi\u00f3n inminente y no dec\u00eda qui\u00e9n era el due\u00f1o. La concejal Silvia Diana se fue hasta el lugar, charl\u00f3 con los vecinos y nos damos cuenta que en ese lugar funciona una cooperativa, Mate Amargo, que tiene un v\u00ednculo muy cercano y responder\u00eda pol\u00edticamente con el ex vicegobernador Gabriel Mariotto. Por eso lo votamos en contra\u201d, justific\u00f3.<\/em><\/strong><\/p>\n\n\n\n<p><strong><em>Mientras que sobre la compra de un terreno en Sarand\u00ed indic\u00f3 que \u201chay una sucesi\u00f3n que est\u00e1 embargada y el Municipio va a pagar 235 millones de pesos a los herederos que no iban a ser los verdaderos due\u00f1os, con plata de todos los vecinos se est\u00e1 comprando un problema\u201d.<\/em><\/strong><\/p>\n\n\n\n<p><strong><em>\u201cPlanteamos estos argumentos en la sesi\u00f3n y por eso no acompa\u00f1amos ese expediente, somos una oposici\u00f3n constructiva en donde entendemos que lo que est\u00e1 bien hay que acompa\u00f1arlo pero lo que est\u00e1 mal hay que decirlo y expresarlo\u201d, enfatiz\u00f3.<\/em><\/strong><\/p>\n\n\n\n<p>Bueno, vamos a se\u00f1alar las incongruencias de Maximiliano Gallucci y su pandilla porque cuesta creer que gente con estudios y profesionales no sepan c\u00f3mo actuar ante la posibilidad de que se est\u00e9 gestando alg\u00fan delito en perjuicio de la administraci\u00f3n del dinero del municipio que le pertenece a los vecinos.<\/p>\n\n\n\n<p>Tema de adjudicaci\u00f3n de viviendas, a la fecha nunca se ha realizado un seguimiento de las licitaciones, no se ha investigado sobre los terrenos que se usan para viviendas, esto lo menciono porque en Avellaneda se han usado terrenos donde exist\u00edan materiales contaminantes que los hac\u00edan no aptos para construir viviendas y se hicieron igual, incluso con los votos de varios de los que hoy son oposici\u00f3n.<\/p>\n\n\n\n<p>Tambi\u00e9n es habitual que los m\u00e1s beneficiados sean los que est\u00e1n cerca del poder local sea militando por amistad o por las relaciones de los tipos que se quieran imaginar porque funciona as\u00ed, se sabe y no aporta nada nuevo Gallucci quien forma parte de un espacio que hace lo mismo a un nivel superior, tampoco aporta detalles, si \u00e9l no sabe los nombres de los implicados entonces que mejor se quede callado porque es un rid\u00edculo que hace mal su trabajo, o que hable y de los nombres para que todos los vecinos sepan como viene el tongo.<\/p>\n\n\n\n<p>Ahora viene la mejor parte de la nota del \u00abnegociador\u00bb, que sirve para demostrar sin dudas la rosca pol\u00edtica, dice que se recomienda la expropiaci\u00f3n de un terreno en Pi\u00f1eiro con un dictamen de legales del municipio por una inminente ocupaci\u00f3n y se\u00f1ala que en el lugar funciona una Cooperativa vinculada al ex vicegobernador Gabriel Mariotto, y mete en la operaci\u00f3n rosca a la concejal Silvia Diana quien vale recordar es abogada, es decir, no se trata de alguien que no sabe como proceder conforme a derecho, seg\u00fan Gallucci ella estuvo con los vecinos investigando, curiosamente no han documentado nada de esto lo que hace improbable sus dichos, pero vamos a tratar de desarrollar su relato no contado.<\/p>\n\n\n<div class=\"wp-block-image\">\n<figure class=\"aligncenter size-full\"><a href=\"https:\/\/www.elsindical.com.ar\/notas\/var\/www\/html\/notas\/wp-content\/uploads\/2022\/06\/Silvia-Diana-y-Lousteau.jpg\"><img loading=\"lazy\" decoding=\"async\" width=\"960\" height=\"640\" src=\"https:\/\/www.elsindical.com.ar\/notas\/var\/www\/html\/notas\/wp-content\/uploads\/2022\/06\/Silvia-Diana-y-Lousteau.jpg\" alt=\"\" class=\"wp-image-114336\" srcset=\"https:\/\/www.elsindical.com.ar\/notas\/var\/www\/html\/notas\/wp-content\/uploads\/2022\/06\/Silvia-Diana-y-Lousteau.jpg 960w, https:\/\/www.elsindical.com.ar\/notas\/var\/www\/html\/notas\/wp-content\/uploads\/2022\/06\/Silvia-Diana-y-Lousteau-300x200.jpg 300w, https:\/\/www.elsindical.com.ar\/notas\/var\/www\/html\/notas\/wp-content\/uploads\/2022\/06\/Silvia-Diana-y-Lousteau-768x512.jpg 768w, https:\/\/www.elsindical.com.ar\/notas\/var\/www\/html\/notas\/wp-content\/uploads\/2022\/06\/Silvia-Diana-y-Lousteau-450x300.jpg 450w\" sizes=\"auto, (max-width: 960px) 100vw, 960px\" \/><\/a><\/figure>\n<\/div>\n\n\n<p>La propiedad en cuesti\u00f3n se ubica en la calle Gorriti 547, un amplio terreno que debe ser codiciado para negocios pol\u00edticos o inmobiliarios, m\u00e1s que por una horda de usurpadores, algo improbable y que deber\u00eda contarnos Maximiliano Gallucci quienes son los responsables de firmar semejante payasada y mentira, seg\u00fan el municipio, el responsable de la Secretaria de Legal y T\u00e9cnica es el Dr. Sergio Daniel Ceballos, de quien nos vamos a ocupar en otro informe sobre qui\u00e9n es este se\u00f1or que suena m\u00e1s que un sonajero.<\/p>\n\n\n<div class=\"wp-block-image\">\n<figure class=\"aligncenter size-full\"><a href=\"https:\/\/www.elsindical.com.ar\/notas\/var\/www\/html\/notas\/wp-content\/uploads\/2022\/06\/Cooperativa-Mate-Amargo-edificio-calle-Gorriti.jpg\"><img loading=\"lazy\" decoding=\"async\" width=\"850\" height=\"464\" src=\"https:\/\/www.elsindical.com.ar\/notas\/var\/www\/html\/notas\/wp-content\/uploads\/2022\/06\/Cooperativa-Mate-Amargo-edificio-calle-Gorriti.jpg\" alt=\"\" class=\"wp-image-114337\" srcset=\"https:\/\/www.elsindical.com.ar\/notas\/var\/www\/html\/notas\/wp-content\/uploads\/2022\/06\/Cooperativa-Mate-Amargo-edificio-calle-Gorriti.jpg 850w, https:\/\/www.elsindical.com.ar\/notas\/var\/www\/html\/notas\/wp-content\/uploads\/2022\/06\/Cooperativa-Mate-Amargo-edificio-calle-Gorriti-300x164.jpg 300w, https:\/\/www.elsindical.com.ar\/notas\/var\/www\/html\/notas\/wp-content\/uploads\/2022\/06\/Cooperativa-Mate-Amargo-edificio-calle-Gorriti-768x419.jpg 768w, https:\/\/www.elsindical.com.ar\/notas\/var\/www\/html\/notas\/wp-content\/uploads\/2022\/06\/Cooperativa-Mate-Amargo-edificio-calle-Gorriti-500x273.jpg 500w\" sizes=\"auto, (max-width: 850px) 100vw, 850px\" \/><\/a><\/figure>\n<\/div>\n\n\n<p>Cuando Gallucci habla de ocultar, de falta de transparencia y falta de respeto, hay que recordarle que se pasa en el a\u00f1o 2015 al PRO de la mano de Gladys Gonz\u00e1lez, pero antes su militancia era en La C\u00e1mpora de Avellaneda, esto es importante porque la Cooperativa Mate Amargo ya operaba en Pi\u00f1eiro, por el a\u00f1o 2014 se realizaban encuentros, venta de alimentos y hasta se realiz\u00f3 un documental con la productora Bondiola, que integra la Red PAC. Con lo cual dudo que reci\u00e9n ahora y por una supuesta investigaci\u00f3n de Silvia Diana Gallucci sepa de la existencia de esta Cooperativa que no solo tiene v\u00ednculos con Mariotto, sino con referentes pol\u00edticos de distintos espacios y de la CTA.<\/p>\n\n\n<div class=\"wp-block-image\">\n<figure class=\"aligncenter size-full\"><a href=\"https:\/\/www.elsindical.com.ar\/notas\/var\/www\/html\/notas\/wp-content\/uploads\/2022\/06\/Cooperativa-Mate-Amargo-2014.jpg\"><img loading=\"lazy\" decoding=\"async\" width=\"960\" height=\"720\" src=\"https:\/\/www.elsindical.com.ar\/notas\/var\/www\/html\/notas\/wp-content\/uploads\/2022\/06\/Cooperativa-Mate-Amargo-2014.jpg\" alt=\"\" class=\"wp-image-114338\" srcset=\"https:\/\/www.elsindical.com.ar\/notas\/var\/www\/html\/notas\/wp-content\/uploads\/2022\/06\/Cooperativa-Mate-Amargo-2014.jpg 960w, https:\/\/www.elsindical.com.ar\/notas\/var\/www\/html\/notas\/wp-content\/uploads\/2022\/06\/Cooperativa-Mate-Amargo-2014-300x225.jpg 300w, https:\/\/www.elsindical.com.ar\/notas\/var\/www\/html\/notas\/wp-content\/uploads\/2022\/06\/Cooperativa-Mate-Amargo-2014-768x576.jpg 768w, https:\/\/www.elsindical.com.ar\/notas\/var\/www\/html\/notas\/wp-content\/uploads\/2022\/06\/Cooperativa-Mate-Amargo-2014-400x300.jpg 400w\" sizes=\"auto, (max-width: 960px) 100vw, 960px\" \/><\/a><\/figure>\n<\/div>\n\n\n<p>Tampoco hace referencia Gallucci a que varios de los que actuaron y act\u00faan en la cooperativa hoy son empleados del municipio de Avellaneda, lo que genera dudas de la honestidad de Gallucci cuando habla de honestidad y verdad.<\/p>\n\n\n\n<p>Cuando habla de la compra de un terreno en Sarand\u00ed donde hay que indemnizar a unos herederos por un embargo en la sucesi\u00f3n por un monto de 235 millones de pesos vuelve a hablar en general algo que no est\u00e1 bien si vas a prender el ventilador, salvo que la idea sea decir y ocultar para negociar, no identifica el lugar, pero de una investigaci\u00f3n sobre propiedades en condiciones similares en Sarand\u00ed, solo surge una donde hace muchos a\u00f1os funciona una especie de Centro Cultural con muchas denuncias de parte de los vecinos, si es ese el lugar al que hace referencia Gallucci, se queda corto con los montos que dice le va a costar al municipio, ya que ese monto ser\u00eda una parte del total que se debe pagar pero en d\u00f3lares a los herederos y que se encuentra hace ya unos 4 a\u00f1os en la Legislatura Bonaerense, el pedido fue presentado por el senador provincial y ex concejal de Avellaneda Emmanuel Gonz\u00e1lez Santalla, dirigente de La C\u00e1mpora donde estuvo Gallucci, entonces, \u00bfpor qu\u00e9 no lo nombra?.<\/p>\n\n\n<div class=\"wp-block-image\">\n<figure class=\"aligncenter size-full is-resized\"><a href=\"https:\/\/www.elsindical.com.ar\/notas\/var\/www\/html\/notas\/wp-content\/uploads\/2022\/06\/Centro-Cultural-Patas-Arriba.jpg\"><img loading=\"lazy\" decoding=\"async\" src=\"https:\/\/www.elsindical.com.ar\/notas\/var\/www\/html\/notas\/wp-content\/uploads\/2022\/06\/Centro-Cultural-Patas-Arriba.jpg\" alt=\"\" class=\"wp-image-114340\" width=\"752\" height=\"501\" srcset=\"https:\/\/www.elsindical.com.ar\/notas\/var\/www\/html\/notas\/wp-content\/uploads\/2022\/06\/Centro-Cultural-Patas-Arriba.jpg 512w, https:\/\/www.elsindical.com.ar\/notas\/var\/www\/html\/notas\/wp-content\/uploads\/2022\/06\/Centro-Cultural-Patas-Arriba-300x200.jpg 300w, https:\/\/www.elsindical.com.ar\/notas\/var\/www\/html\/notas\/wp-content\/uploads\/2022\/06\/Centro-Cultural-Patas-Arriba-450x300.jpg 450w\" sizes=\"auto, (max-width: 752px) 100vw, 752px\" \/><\/a><\/figure>\n<\/div>\n\n\n<p>Y ya que estamos, durante los \u00faltimos 7 a\u00f1os se han expropiado varias propiedades en el partido de Avellaneda, algunas pagando sumas en d\u00f3lares por sobre el valor que se podr\u00edan haber vendido beneficiando a algunos familiares de funcionarios, hay alrededor de 12 pedidos de expropiaci\u00f3n en la Legislatura Bonaerense todos presentados por Emmanuel Gonz\u00e1lez Santalla, pero al parecer la oposici\u00f3n y los supuestos medios locales nada dicen.<\/p>\n\n\n\n<p>Solo coincido en que la falta de transparencia, la mentira y el ocultar es faltarle el respeto al vecino, vos Gallucci, Silvia Diana y el resto de los impresentables de tu espacio son igual de corruptos que los que denuncias, porque dudo que no sepan ser oposici\u00f3n y dudo que no sepan hacer las cosas bien, de paso te voy a recordar una vez m\u00e1s que vos, sos el tipo que cobraba tres sueldos y no presentaba declaraci\u00f3n jurada entre otras cositas de las que ya me he referido.<\/p>\n\n\n\n<p>Vecino no se dej\u00e9 enga\u00f1ar, piense antes de votar y sepa que se puede estar mejor.<\/p>\n\n\n\n<p><\/p>\n\n\n\n<p>Por Marcelo Ricardo Hawrylciw<\/p>\n","protected":false},"excerpt":{"rendered":"<p>Sigue jugando a la pol\u00edtica est\u00fapida, esa que subestima la memoria y la inteligencia de los vecinos, as\u00ed hace pol\u00edtica el presidente del bloque de Juntos por el Cambio de Avellaneda, que no duda en hacer declaraciones rid\u00edculas y reclamar se cumpla lo que \u00e9l mismo no va a cumplir. Cuando un pol\u00edtico \u00abtira\u00bb una&hellip;<\/p>\n","protected":false},"author":1,"featured_media":114335,"comment_status":"open","ping_status":"open","sticky":false,"template":"","format":"standard","meta":{"footnotes":""},"categories":[10,13],"tags":[461,37487,184,22020,2450,19350,37488,4779,16587,31166,7669,23213,17982,33635,32134,13708],"class_list":["post-114333","post","type-post","status-publish","format-standard","has-post-thumbnail","hentry","category-editorial","category-politica","tag-avellaneda","tag-cooperativa-mate-amargo","tag-cta","tag-denuncias","tag-diario-el-sindical","tag-emmanuel-gonzalez-santalla","tag-expropiaciones","tag-gabriel-mariotto","tag-hcd","tag-juntos-por-el-cambio","tag-la-campora","tag-maximiliano-galucci","tag-pineiro","tag-sergio-daniel-ceballos","tag-silvia-diana","tag-transparencia"],"_links":{"self":[{"href":"https:\/\/www.elsindical.com.ar\/notas\/wp-json\/wp\/v2\/posts\/114333","targetHints":{"allow":["GET"]}}],"collection":[{"href":"https:\/\/www.elsindical.com.ar\/notas\/wp-json\/wp\/v2\/posts"}],"about":[{"href":"https:\/\/www.elsindical.com.ar\/notas\/wp-json\/wp\/v2\/types\/post"}],"author":[{"embeddable":true,"href":"https:\/\/www.elsindical.com.ar\/notas\/wp-json\/wp\/v2\/users\/1"}],"replies":[{"embeddable":true,"href":"https:\/\/www.elsindical.com.ar\/notas\/wp-json\/wp\/v2\/comments?post=114333"}],"version-history":[{"count":3,"href":"https:\/\/www.elsindical.com.ar\/notas\/wp-json\/wp\/v2\/posts\/114333\/revisions"}],"predecessor-version":[{"id":114341,"href":"https:\/\/www.elsindical.com.ar\/notas\/wp-json\/wp\/v2\/posts\/114333\/revisions\/114341"}],"wp:featuredmedia":[{"embeddable":true,"href":"https:\/\/www.elsindical.com.ar\/notas\/wp-json\/wp\/v2\/media\/114335"}],"wp:attachment":[{"href":"https:\/\/www.elsindical.com.ar\/notas\/wp-json\/wp\/v2\/media?parent=114333"}],"wp:term":[{"taxonomy":"category","embeddable":true,"href":"https:\/\/www.elsindical.com.ar\/notas\/wp-json\/wp\/v2\/categories?post=114333"},{"taxonomy":"post_tag","embeddable":true,"href":"https:\/\/www.elsindical.com.ar\/notas\/wp-json\/wp\/v2\/tags?post=114333"}],"curies":[{"name":"wp","href":"https:\/\/api.w.org\/{rel}","templated":true}]}}