{"id":114327,"date":"2022-06-16T01:14:06","date_gmt":"2022-06-16T04:14:06","guid":{"rendered":"https:\/\/www.elsindical.com.ar\/notas\/?p=114327"},"modified":"2022-06-16T01:14:07","modified_gmt":"2022-06-16T04:14:07","slug":"salud-mental-salud-aprobo-las-nuevas-directrices","status":"publish","type":"post","link":"https:\/\/www.elsindical.com.ar\/notas\/salud-mental-salud-aprobo-las-nuevas-directrices\/","title":{"rendered":"Salud Mental: Salud aprob\u00f3 las nuevas directrices"},"content":{"rendered":"\n<figure class=\"wp-block-image size-large\"><a href=\"https:\/\/www.elsindical.com.ar\/notas\/var\/www\/html\/notas\/wp-content\/uploads\/2022\/06\/Carla-Vizzotti-oficina.jpg\"><img loading=\"lazy\" decoding=\"async\" width=\"1024\" height=\"576\" src=\"https:\/\/www.elsindical.com.ar\/notas\/var\/www\/html\/notas\/wp-content\/uploads\/2022\/06\/Carla-Vizzotti-oficina-1024x576.jpg\" alt=\"\" class=\"wp-image-114328\" srcset=\"https:\/\/www.elsindical.com.ar\/notas\/var\/www\/html\/notas\/wp-content\/uploads\/2022\/06\/Carla-Vizzotti-oficina-1024x576.jpg 1024w, https:\/\/www.elsindical.com.ar\/notas\/var\/www\/html\/notas\/wp-content\/uploads\/2022\/06\/Carla-Vizzotti-oficina-300x169.jpg 300w, https:\/\/www.elsindical.com.ar\/notas\/var\/www\/html\/notas\/wp-content\/uploads\/2022\/06\/Carla-Vizzotti-oficina-768x432.jpg 768w, https:\/\/www.elsindical.com.ar\/notas\/var\/www\/html\/notas\/wp-content\/uploads\/2022\/06\/Carla-Vizzotti-oficina-500x281.jpg 500w, https:\/\/www.elsindical.com.ar\/notas\/var\/www\/html\/notas\/wp-content\/uploads\/2022\/06\/Carla-Vizzotti-oficina-460x260.jpg 460w, https:\/\/www.elsindical.com.ar\/notas\/var\/www\/html\/notas\/wp-content\/uploads\/2022\/06\/Carla-Vizzotti-oficina.jpg 1280w\" sizes=\"auto, (max-width: 1024px) 100vw, 1024px\" \/><\/a><\/figure>\n\n\n\n<p class=\"wp-block-paragraph\">Las medidas se inscribe en la transformaci\u00f3n del modelo de salud mental. La Ley 26.657 fue aprobada en 2010.<\/p>\n\n\n\n<p class=\"wp-block-paragraph\"><strong>El Ministerio de Salud aprob\u00f3 las nuevas directrices para la organizaci\u00f3n y funcionamiento de los servicios de salud mental y la grilla para su categorizaci\u00f3n<\/strong>, adem\u00e1s de los requisitos de acreditaci\u00f3n del personal directivo y las condiciones para la modalidad de teleasistencia, se inform\u00f3 oficialmente.<\/p>\n\n\n\n<p class=\"wp-block-paragraph\">A trav\u00e9s de la Resoluci\u00f3n 1178\/2022, publicada hoy en el Bolet\u00edn Oficial, estas directrices y requisitos para los servicios de salud mental fueron incorporadas al Programa Nacional de Garant\u00eda de Calidad de la Atenci\u00f3n M\u00e9dica.<\/p>\n\n\n\n<p class=\"wp-block-paragraph\"><strong>Estas nuevas medidas tienen como objetivo \u201cproporcionar recomendaciones que orienten la elaboraci\u00f3n y adecuaci\u00f3n de las normas de habilitaci\u00f3n jurisdiccionales en establecimientos de salud mental y adicciones p\u00fablicos, privados y de la seguridad social<\/strong>\u201d, destac\u00f3 la cartera sanitaria a trav\u00e9s de un comunicado de prensa. Adem\u00e1s, \u201c<strong>se inscribe en un contexto de transformaci\u00f3n global y profunda del modelo de atenci\u00f3n en salud mental<\/strong>, que requiere la implementaci\u00f3n de acciones que exceden la adecuaci\u00f3n de las instituciones neuropsiqui\u00e1tricas a la Ley Nacional 26.657\u201d.<\/p>\n\n\n\n<p class=\"wp-block-paragraph\"><strong>Esta norma, sancionada a fines de 2010, proh\u00edbe la creaci\u00f3n de nuevos manicomios, neuropsiqui\u00e1tricos o instituciones de internaci\u00f3n monovalentes, p\u00fablicos o privados y establece que los ya existentes \u201cse deben adaptar a los objetivos y principios expuestos, hasta su sustituci\u00f3n definitiva por los dispositivos alternativos.<\/strong><\/p>\n\n\n\n<p class=\"wp-block-paragraph\">El decreto 603\/13 que reglament\u00f3 la ley fij\u00f3 en 2020 el plazo para la sustituci\u00f3n definitiva, de acuerdo al Consenso de Panam\u00e1 adoptado por la Conferencia Regional de Salud Mental convocada por la Organizaci\u00f3n Panamericana de la Salud (OPS). Para la transformaci\u00f3n del modelo, desde la cartera sanitaria consideraron que es \u201cnecesario trabajar sobre modalidades de funcionamiento y pr\u00e1cticas instituidas en una l\u00f3gica de sistema, reorganizando la funci\u00f3n de cada uno de sus componentes y creando nuevos dispositivos de atenci\u00f3n y cuidados en base a un sistema solidario, que funcione en red\u201d.<\/p>\n\n\n\n<p class=\"wp-block-paragraph\">\u201c<strong>Es de vital importancia que este sistema considere los distintos momentos inherentes a los procesos de atenci\u00f3n de personas por motivos de salud mental, donde los dispositivos con base en la comunidad, incluyendo los hospitales generales, ocupen la centralidad de la atenci\u00f3n y se prioricen las trayectorias y necesidades de las personas con padecimientos en salud mental<\/strong>\u201d, sostiene la resoluci\u00f3n 1178\/2022 en sus considerandos.<\/p>\n\n\n\n<p class=\"wp-block-paragraph\">Las nuevas directrices fueron elaboradas con la colaboraci\u00f3n de la Asociaci\u00f3n Argentina de Salud Mental (AASM), la Asociaci\u00f3n Argentina de Terapistas Ocupacionales (AATO), la Federaci\u00f3n Argentina de Asociaciones Profesionales de Servicio Social (FAAPSS) y la Federaci\u00f3n Argentina de Enfermer\u00eda. Tambi\u00e9n brindaron su aporte el \u00d3rgano de Revisi\u00f3n Nacional de Salud Mental, el Instituto Nacional de Servicios Sociales para Jubilados y Pensionados, la Secretar\u00eda de Pol\u00edticas Integrales sobre Drogas de la Naci\u00f3n, la Superintendencia de Servicios De Salud, y la Direcci\u00f3n Nacional de Protecci\u00f3n de Grupos en Situaci\u00f3n de Vulnerabilidad del Ministerio de Justicia y Derechos Humanos de la Naci\u00f3n, seg\u00fan se inform\u00f3.<\/p>\n\n\n\n<p class=\"wp-block-paragraph\">\u201cEl objetivo es contar con recomendaciones de organizaci\u00f3n y funcionamiento de los establecimientos de salud y de adicciones que integran la red de servicios del \u00e1mbito p\u00fablico, privado y de la seguridad social, a fin de orientar la elaboraci\u00f3n y adecuaci\u00f3n de las normas de habilitaci\u00f3n jurisdiccionales en materia de salud mental. En ese sentido, la cartera sanitaria nacional invita a las jurisdicciones a adherir a la resoluci\u00f3n\u201d, sostuvo la cartera conducida por Carla Vizzotti.<\/p>\n","protected":false},"excerpt":{"rendered":"<p>Las medidas se inscribe en la transformaci\u00f3n del modelo de salud mental. La Ley 26.657 fue aprobada en 2010. El Ministerio de Salud aprob\u00f3 las nuevas directrices para la organizaci\u00f3n y funcionamiento de los servicios de salud mental y la grilla para su categorizaci\u00f3n, adem\u00e1s de los requisitos de acreditaci\u00f3n del personal directivo y las&hellip;<\/p>\n","protected":false},"author":1,"featured_media":114328,"comment_status":"open","ping_status":"open","sticky":false,"template":"","format":"standard","meta":{"footnotes":""},"categories":[23],"tags":[1295,32751,2450,37484,37485],"class_list":["post-114327","post","type-post","status-publish","format-standard","has-post-thumbnail","hentry","category-salud","tag-boletin-oficial","tag-carla-vizzotti","tag-diario-el-sindical","tag-ley-26-657","tag-resolucion-1178-2022"],"_links":{"self":[{"href":"https:\/\/www.elsindical.com.ar\/notas\/wp-json\/wp\/v2\/posts\/114327","targetHints":{"allow":["GET"]}}],"collection":[{"href":"https:\/\/www.elsindical.com.ar\/notas\/wp-json\/wp\/v2\/posts"}],"about":[{"href":"https:\/\/www.elsindical.com.ar\/notas\/wp-json\/wp\/v2\/types\/post"}],"author":[{"embeddable":true,"href":"https:\/\/www.elsindical.com.ar\/notas\/wp-json\/wp\/v2\/users\/1"}],"replies":[{"embeddable":true,"href":"https:\/\/www.elsindical.com.ar\/notas\/wp-json\/wp\/v2\/comments?post=114327"}],"version-history":[{"count":1,"href":"https:\/\/www.elsindical.com.ar\/notas\/wp-json\/wp\/v2\/posts\/114327\/revisions"}],"predecessor-version":[{"id":114329,"href":"https:\/\/www.elsindical.com.ar\/notas\/wp-json\/wp\/v2\/posts\/114327\/revisions\/114329"}],"wp:featuredmedia":[{"embeddable":true,"href":"https:\/\/www.elsindical.com.ar\/notas\/wp-json\/wp\/v2\/media\/114328"}],"wp:attachment":[{"href":"https:\/\/www.elsindical.com.ar\/notas\/wp-json\/wp\/v2\/media?parent=114327"}],"wp:term":[{"taxonomy":"category","embeddable":true,"href":"https:\/\/www.elsindical.com.ar\/notas\/wp-json\/wp\/v2\/categories?post=114327"},{"taxonomy":"post_tag","embeddable":true,"href":"https:\/\/www.elsindical.com.ar\/notas\/wp-json\/wp\/v2\/tags?post=114327"}],"curies":[{"name":"wp","href":"https:\/\/api.w.org\/{rel}","templated":true}]}}