{"id":114226,"date":"2022-06-11T10:07:39","date_gmt":"2022-06-11T13:07:39","guid":{"rendered":"https:\/\/www.elsindical.com.ar\/notas\/?p=114226"},"modified":"2022-06-11T10:07:42","modified_gmt":"2022-06-11T13:07:42","slug":"lomas-de-zamora-el-juez-rechazo-la-detencion-de-sebastian-villa-y-genero-repudios-por-haber-beneficiado-a-otro-acusado-de-violacion","status":"publish","type":"post","link":"https:\/\/www.elsindical.com.ar\/notas\/lomas-de-zamora-el-juez-rechazo-la-detencion-de-sebastian-villa-y-genero-repudios-por-haber-beneficiado-a-otro-acusado-de-violacion\/","title":{"rendered":"Lomas de Zamora: El Juez rechaz\u00f3 la detenci\u00f3n de Sebasti\u00e1n Villa y gener\u00f3 repudios por haber beneficiado a otro acusado de violaci\u00f3n"},"content":{"rendered":"<div class=\"wp-block-image\">\n<figure class=\"aligncenter size-full\"><a href=\"https:\/\/www.elsindical.com.ar\/notas\/var\/www\/html\/notas\/wp-content\/uploads\/2022\/06\/Sebastian-Villa-violencia-de-genero.png\"><img loading=\"lazy\" decoding=\"async\" width=\"696\" height=\"392\" src=\"https:\/\/www.elsindical.com.ar\/notas\/var\/www\/html\/notas\/wp-content\/uploads\/2022\/06\/Sebastian-Villa-violencia-de-genero.png\" alt=\"\" class=\"wp-image-114227\" srcset=\"https:\/\/www.elsindical.com.ar\/notas\/var\/www\/html\/notas\/wp-content\/uploads\/2022\/06\/Sebastian-Villa-violencia-de-genero.png 696w, https:\/\/www.elsindical.com.ar\/notas\/var\/www\/html\/notas\/wp-content\/uploads\/2022\/06\/Sebastian-Villa-violencia-de-genero-300x169.png 300w, https:\/\/www.elsindical.com.ar\/notas\/var\/www\/html\/notas\/wp-content\/uploads\/2022\/06\/Sebastian-Villa-violencia-de-genero-500x282.png 500w, https:\/\/www.elsindical.com.ar\/notas\/var\/www\/html\/notas\/wp-content\/uploads\/2022\/06\/Sebastian-Villa-violencia-de-genero-460x260.png 460w\" sizes=\"auto, (max-width: 696px) 100vw, 696px\" \/><\/a><\/figure>\n<\/div>\n\n\n<p class=\"wp-block-paragraph\"><strong>Un juez de Garant\u00edas de Lomas de Zamora rechaz\u00f3 esta tarde el pedido de detenci\u00f3n del futbolista colombiano Sebasti\u00e1n Villa<\/strong>, quien est\u00e1 imputado en una causa como autor del abuso sexual de una joven, ocurrido en junio del a\u00f1o pasado en una casa de un country de Canning, informaron hoy fuentes judiciales.<\/p>\n\n\n\n<p class=\"wp-block-paragraph\">El juez de Garant\u00edas 2 de Lomas de Zamora,<strong> Javier Maffucci Moore, rechaz\u00f3 el pedido de detenci\u00f3n que hab\u00eda solicitado la fiscal Vanesa Gonz\u00e1lez,<\/strong> a cargo de la Unidad Funcional de Instrucci\u00f3n (UFI) 3 Especializada en Violencia de G\u00e9nero de Esteban Echeverr\u00eda, quien ahora deber\u00e1 evaluar si lo cita a declaraci\u00f3n indagatoria.<\/p>\n\n\n\n<p class=\"wp-block-paragraph\">Una joven\u00a0<strong>denunci\u00f3 que en junio del a\u00f1o pasado, Villa\u00a0abus\u00f3 sexualmente de ella<\/strong>\u00a0e intent\u00f3 matarla en su domicilio de un barrio privado en la zona de Canning. Explic\u00f3 que Villa\u00a0<strong>\u201chab\u00eda tomado mucho alcohol y m\u00e1s de una botella de whisky\u201d<\/strong>\u00a0y que le reprochaba que \u201chab\u00eda mirado\u201d a sus compa\u00f1eros futbolistas.\u00a0<strong>Tambi\u00e9n dijo que le ofreci\u00f3 5000 pesos para no hablar del tema.<\/strong><\/p>\n\n\n\n<p class=\"wp-block-paragraph\"><strong>El caso anterior<\/strong><\/p>\n\n\n\n<p class=\"wp-block-paragraph\">El juez de Garant\u00edas de Esteban Echeverr\u00eda, Javier Mafucci Moore, dispuso excarcelar,<strong> \u00abpor falta de pruebas\u00bb,\u00a0<\/strong>a Jorge Adri\u00e1n Cardozo, acusado de abusar sexualmente de su hija de cinco a\u00f1os.\u00a0<\/p>\n\n\n\n<p class=\"wp-block-paragraph\">Cardozo estaba detenido desde el domingo, luego de las declaraciones de la ni\u00f1a en c\u00e1mara Gesell, aunque el caso hab\u00eda tomado relevancia p\u00fablica el d\u00eda anterior, con la viralizaci\u00f3n de los audios de WhatsApp en los que el propio acusado contaba detalles del abuso.&nbsp;<\/p>\n\n\n\n<p class=\"wp-block-paragraph\">Seg\u00fan difundi\u00f3 el portal Diario Conurbano,&nbsp;el magistrado consider\u00f3 que esos audios,<strong> \u00aba modo de confesi\u00f3n\u00bb<\/strong>, no eran prueba suficiente para sostener la detenci\u00f3nya que el Reconocimiento M\u00e9dico Legal (RML) realizado a la ni\u00f1a con el correspondiente protocolo por abuso sexual, que determina si hubo acceso carnal o no,&nbsp; habr\u00eda dado resultado negativo<strong>.<\/strong><\/p>\n\n\n\n<p class=\"wp-block-paragraph\">Por considerar que no hab\u00eda pruebas suficientes, el juez decidi\u00f3 liberar al acusado e imponerle un impedimento para acercarse a su hija.&nbsp;<\/p>\n\n\n\n<p class=\"wp-block-paragraph\">En referencia a la actuaci\u00f3n de <strong>la fiscal Magdalena Gonz\u00e1lez,&nbsp;<\/strong>de la UFI 3 de Esteban Echeverr\u00eda, que este domingo hab\u00eda dispuesto la detenci\u00f3n de Cardozo,el magistrado sostuvoque<strong> no se puede \u201csalir a tontas y a locas a querer satisfacer reclamos del vulgo o de los pelafustanes de siempre<\/strong>\u00ab.&nbsp;<\/p>\n\n\n\n<p class=\"wp-block-paragraph\">\u201cLa investigaci\u00f3n de un presunto delito penal exige antes que nada serenidad y seriedad y no dejarse llevar por los apuros propios del prime time de la caja boba, o la ansiedad del periodismo malsano por conseguir alg\u00fan titular escandaloso\u201d, sostuvo Maffucci Moore en su resoluci\u00f3n.<\/p>\n\n\n\n<p class=\"wp-block-paragraph\">\u00abLa encuesta delictiva reclama seriedad y paciencia, los tiempos de una investigaci\u00f3n no son los tiempos de los medios y debe hacerse o\u00eddos sordos a esos reclamos indebidos pues est\u00e1n en juego valores y bienes jur\u00eddicos mucho m\u00e1s importantes que los pareceres y sentires de quienes pululan en las redes y los medios\u00bb, continu\u00f3 el juez.<\/p>\n\n\n\n<p class=\"wp-block-paragraph\">A partir de ahora, Cardozo seguir\u00e1 investigado por el delito \u201cabuso sexual agravado por el v\u00ednculo y acceso carnal\u201d, pero permanecer\u00e1 en libertad.<\/p>\n","protected":false},"excerpt":{"rendered":"<p>Un juez de Garant\u00edas de Lomas de Zamora rechaz\u00f3 esta tarde el pedido de detenci\u00f3n del futbolista colombiano Sebasti\u00e1n Villa, quien est\u00e1 imputado en una causa como autor del abuso sexual de una joven, ocurrido en junio del a\u00f1o pasado en una casa de un country de Canning, informaron hoy fuentes judiciales. El juez de&hellip;<\/p>\n","protected":false},"author":1,"featured_media":114227,"comment_status":"open","ping_status":"open","sticky":false,"template":"","format":"standard","meta":{"footnotes":""},"categories":[20],"tags":[783,26084,2450,37451,37449,744,572],"class_list":["post-114226","post","type-post","status-publish","format-standard","has-post-thumbnail","hentry","category-judiciales","tag-abuso-sexual","tag-canning","tag-diario-el-sindical","tag-fiscal-vanesa-gonzalez","tag-juez-javier-maffucci-moore","tag-lomas-de-zamora","tag-violencia-de-genero"],"_links":{"self":[{"href":"https:\/\/www.elsindical.com.ar\/notas\/wp-json\/wp\/v2\/posts\/114226","targetHints":{"allow":["GET"]}}],"collection":[{"href":"https:\/\/www.elsindical.com.ar\/notas\/wp-json\/wp\/v2\/posts"}],"about":[{"href":"https:\/\/www.elsindical.com.ar\/notas\/wp-json\/wp\/v2\/types\/post"}],"author":[{"embeddable":true,"href":"https:\/\/www.elsindical.com.ar\/notas\/wp-json\/wp\/v2\/users\/1"}],"replies":[{"embeddable":true,"href":"https:\/\/www.elsindical.com.ar\/notas\/wp-json\/wp\/v2\/comments?post=114226"}],"version-history":[{"count":1,"href":"https:\/\/www.elsindical.com.ar\/notas\/wp-json\/wp\/v2\/posts\/114226\/revisions"}],"predecessor-version":[{"id":114228,"href":"https:\/\/www.elsindical.com.ar\/notas\/wp-json\/wp\/v2\/posts\/114226\/revisions\/114228"}],"wp:featuredmedia":[{"embeddable":true,"href":"https:\/\/www.elsindical.com.ar\/notas\/wp-json\/wp\/v2\/media\/114227"}],"wp:attachment":[{"href":"https:\/\/www.elsindical.com.ar\/notas\/wp-json\/wp\/v2\/media?parent=114226"}],"wp:term":[{"taxonomy":"category","embeddable":true,"href":"https:\/\/www.elsindical.com.ar\/notas\/wp-json\/wp\/v2\/categories?post=114226"},{"taxonomy":"post_tag","embeddable":true,"href":"https:\/\/www.elsindical.com.ar\/notas\/wp-json\/wp\/v2\/tags?post=114226"}],"curies":[{"name":"wp","href":"https:\/\/api.w.org\/{rel}","templated":true}]}}