{"id":114223,"date":"2022-06-11T09:53:37","date_gmt":"2022-06-11T12:53:37","guid":{"rendered":"https:\/\/www.elsindical.com.ar\/notas\/?p=114223"},"modified":"2022-06-11T09:53:38","modified_gmt":"2022-06-11T12:53:38","slug":"diputados-bonaerenses-buscan-desterrar-el-lenguaje-inclusivo-en-el-estado-y-la-educacion-dentro-de-la-provincia","status":"publish","type":"post","link":"https:\/\/www.elsindical.com.ar\/notas\/diputados-bonaerenses-buscan-desterrar-el-lenguaje-inclusivo-en-el-estado-y-la-educacion-dentro-de-la-provincia\/","title":{"rendered":"Diputados bonaerenses buscan desterrar el lenguaje inclusivo en el Estado y la educaci\u00f3n dentro de la Provincia"},"content":{"rendered":"\n<figure class=\"wp-block-image size-large\"><a href=\"https:\/\/www.elsindical.com.ar\/notas\/var\/www\/html\/notas\/wp-content\/uploads\/2022\/06\/ejemplo-lenguaje-inclusivo.jpg\"><img loading=\"lazy\" decoding=\"async\" width=\"1024\" height=\"560\" src=\"https:\/\/www.elsindical.com.ar\/notas\/var\/www\/html\/notas\/wp-content\/uploads\/2022\/06\/ejemplo-lenguaje-inclusivo-1024x560.jpg\" alt=\"\" class=\"wp-image-114224\" srcset=\"https:\/\/www.elsindical.com.ar\/notas\/var\/www\/html\/notas\/wp-content\/uploads\/2022\/06\/ejemplo-lenguaje-inclusivo-1024x560.jpg 1024w, https:\/\/www.elsindical.com.ar\/notas\/var\/www\/html\/notas\/wp-content\/uploads\/2022\/06\/ejemplo-lenguaje-inclusivo-300x164.jpg 300w, https:\/\/www.elsindical.com.ar\/notas\/var\/www\/html\/notas\/wp-content\/uploads\/2022\/06\/ejemplo-lenguaje-inclusivo-768x420.jpg 768w, https:\/\/www.elsindical.com.ar\/notas\/var\/www\/html\/notas\/wp-content\/uploads\/2022\/06\/ejemplo-lenguaje-inclusivo-500x273.jpg 500w, https:\/\/www.elsindical.com.ar\/notas\/var\/www\/html\/notas\/wp-content\/uploads\/2022\/06\/ejemplo-lenguaje-inclusivo.jpg 1280w\" sizes=\"auto, (max-width: 1024px) 100vw, 1024px\" \/><\/a><\/figure>\n\n\n\n<p>Un proyecto de ley para que se <strong>proh\u00edba el uso del llamado lenguaje inclusivo en el Estado y en el sistema educativo <\/strong>bonaerense fue presentado hoy, un pu\u00f1ado de horas despu\u00e9s de que el gobierno de la Ciudad Aut\u00f3noma de Buenos Aires dispusiera esa medida en las escuelas porte\u00f1as.<\/p>\n\n\n\n<p>La iniciativa fue presentada por los legisladores Guillermo Castello de Avanza Libertad y Mat\u00edas Ranzini que integra el bloque de Juntos por el Cambio quienes en su proyecto afirman que \u201cbuscan <strong>evitar distorsiones o deformaciones ling\u00fc\u00edsticas que conspiren contra la adecuada comprensi\u00f3n de lo que se quiere comunicar<\/strong>, como as\u00ed tambi\u00e9n evitar expresiones que resulten expresiones que resulten impronunciables verbalmente\u201d.<\/p>\n\n\n\n<p>As\u00ed describieron a uso de la letra e como relevo del gen\u00e9rico masculino y tambi\u00e9n el empleo de signos como la letra equis o la arroba.<\/p>\n\n\n\n<p>Los diputados enfatizaron que la prohibici\u00f3n resulta necesaria \u201cen el \u00e1mbito educativo, porque <strong>una deformaci\u00f3n del lenguaje puede conspirar contra el correcto desarrollo de las habilidades de lectura y escritur<\/strong>a\u201d.<\/p>\n\n\n\n<p>Castello, est\u00e1 referenciado en el diputado nacional Jos\u00e9 Luis Espert, mientras que Ranzini, milita en el PRO de la segunda secci\u00f3n electoral y milita en el espacio de Cristian Ritondo.<\/p>\n\n\n\n<p>Para los diputados el uso del lenguaje inclusivo representa \u201cuna posici\u00f3n <strong>claramente minoritaria de la sociedad<\/strong>, que de ning\u00fan modo puede reconocerse como una evoluci\u00f3n espont\u00e1nea del lenguaje\u201d y sostuvieron que \u201cel lenguaje oficial debe <strong>facilitar la publicidad de los actos de gobierno <\/strong>.<\/p>\n\n\n\n<p>La iniciativa llega en el mismo momento en el que la ministro de Educaci\u00f3n porte\u00f1a, Soledad Acu\u00f1a, junto al jefe de Gobierno, Horacio Rodr\u00edguez Larreta, presentaron <strong>una recomendaci\u00f3n a los docentes de la ciudad para que en las escuelas de esa jurisdicci\u00f3n no se use el lenguaje inclusivo<\/strong>, lo que dispar\u00f3 una denuncia de los gremios docentes de la jurisdicci\u00f3n, que consideran que se afecta la libertad de expresi\u00f3n.<\/p>\n","protected":false},"excerpt":{"rendered":"<p>Un proyecto de ley para que se proh\u00edba el uso del llamado lenguaje inclusivo en el Estado y en el sistema educativo bonaerense fue presentado hoy, un pu\u00f1ado de horas despu\u00e9s de que el gobierno de la Ciudad Aut\u00f3noma de Buenos Aires dispusiera esa medida en las escuelas porte\u00f1as. La iniciativa fue presentada por los&hellip;<\/p>\n","protected":false},"author":1,"featured_media":114224,"comment_status":"open","ping_status":"open","sticky":false,"template":"","format":"standard","meta":{"footnotes":""},"categories":[13],"tags":[2450,5561,849,37447,31166,37440,37448],"class_list":["post-114223","post","type-post","status-publish","format-standard","has-post-thumbnail","hentry","category-politica","tag-diario-el-sindical","tag-educacion","tag-estado","tag-guillermo-castello","tag-juntos-por-el-cambio","tag-lenguaje-inclusivo","tag-matias-ranzini"],"_links":{"self":[{"href":"https:\/\/www.elsindical.com.ar\/notas\/wp-json\/wp\/v2\/posts\/114223","targetHints":{"allow":["GET"]}}],"collection":[{"href":"https:\/\/www.elsindical.com.ar\/notas\/wp-json\/wp\/v2\/posts"}],"about":[{"href":"https:\/\/www.elsindical.com.ar\/notas\/wp-json\/wp\/v2\/types\/post"}],"author":[{"embeddable":true,"href":"https:\/\/www.elsindical.com.ar\/notas\/wp-json\/wp\/v2\/users\/1"}],"replies":[{"embeddable":true,"href":"https:\/\/www.elsindical.com.ar\/notas\/wp-json\/wp\/v2\/comments?post=114223"}],"version-history":[{"count":1,"href":"https:\/\/www.elsindical.com.ar\/notas\/wp-json\/wp\/v2\/posts\/114223\/revisions"}],"predecessor-version":[{"id":114225,"href":"https:\/\/www.elsindical.com.ar\/notas\/wp-json\/wp\/v2\/posts\/114223\/revisions\/114225"}],"wp:featuredmedia":[{"embeddable":true,"href":"https:\/\/www.elsindical.com.ar\/notas\/wp-json\/wp\/v2\/media\/114224"}],"wp:attachment":[{"href":"https:\/\/www.elsindical.com.ar\/notas\/wp-json\/wp\/v2\/media?parent=114223"}],"wp:term":[{"taxonomy":"category","embeddable":true,"href":"https:\/\/www.elsindical.com.ar\/notas\/wp-json\/wp\/v2\/categories?post=114223"},{"taxonomy":"post_tag","embeddable":true,"href":"https:\/\/www.elsindical.com.ar\/notas\/wp-json\/wp\/v2\/tags?post=114223"}],"curies":[{"name":"wp","href":"https:\/\/api.w.org\/{rel}","templated":true}]}}