{"id":114116,"date":"2022-06-07T11:50:16","date_gmt":"2022-06-07T14:50:16","guid":{"rendered":"https:\/\/www.elsindical.com.ar\/notas\/?p=114116"},"modified":"2022-06-07T11:50:17","modified_gmt":"2022-06-07T14:50:17","slug":"argentina-el-papa-francisco-y-una-deuda-pendiente-con-miles-de-victimas","status":"publish","type":"post","link":"https:\/\/www.elsindical.com.ar\/notas\/argentina-el-papa-francisco-y-una-deuda-pendiente-con-miles-de-victimas\/","title":{"rendered":"Argentina, el Papa Francisco y una deuda pendiente con miles de v\u00edctimas"},"content":{"rendered":"\n<figure class=\"wp-block-image size-full\"><a href=\"https:\/\/www.elsindical.com.ar\/notas\/var\/www\/html\/notas\/wp-content\/uploads\/2022\/06\/PFA-en-el-Vaticano-2.jpg\"><img loading=\"lazy\" decoding=\"async\" width=\"1024\" height=\"683\" src=\"https:\/\/www.elsindical.com.ar\/notas\/var\/www\/html\/notas\/wp-content\/uploads\/2022\/06\/PFA-en-el-Vaticano-2.jpg\" alt=\"\" class=\"wp-image-114117\" srcset=\"https:\/\/www.elsindical.com.ar\/notas\/var\/www\/html\/notas\/wp-content\/uploads\/2022\/06\/PFA-en-el-Vaticano-2.jpg 1024w, https:\/\/www.elsindical.com.ar\/notas\/var\/www\/html\/notas\/wp-content\/uploads\/2022\/06\/PFA-en-el-Vaticano-2-300x200.jpg 300w, https:\/\/www.elsindical.com.ar\/notas\/var\/www\/html\/notas\/wp-content\/uploads\/2022\/06\/PFA-en-el-Vaticano-2-768x512.jpg 768w, https:\/\/www.elsindical.com.ar\/notas\/var\/www\/html\/notas\/wp-content\/uploads\/2022\/06\/PFA-en-el-Vaticano-2-450x300.jpg 450w\" sizes=\"auto, (max-width: 1024px) 100vw, 1024px\" \/><\/a><\/figure>\n\n\n\n<p>   La PFA public\u00f3 en el d\u00eda de hoy unas fotos de la visita del Jefe de la Polic\u00eda Federal Argentina, el Comisario General Juan Carlos Hern\u00e1ndez, en el marco de la reuni\u00f3n del @santamartagroup contra el tr\u00e1fico humano. Lo acompa\u00f1\u00f3 el Jefe de la Secretar\u00eda de Control Legal y T\u00e9cnico Crio. Mayor Pablo BRUNI.<\/p>\n\n\n\n<p>El evento se trata de la Conferencia del Grupo de Santa Marta, al concluir su reuni\u00f3n de tres d\u00edas sobre la trata de personas en la Academia Pontificia de Ciencias Sociales en la Casina Pio IV del Vaticano.<\/p>\n\n\n\n<h3 class=\"wp-block-heading\">Fundada en 2014<\/h3>\n\n\n\n<p>El grupo, dirigido por el cardenal Vincent Nichols, arzobispo de Westminster, se estableci\u00f3 en 2014 para prometer una cooperaci\u00f3n m\u00e1s estrecha en las iniciativas contra la trata de personas entre la Iglesia cat\u00f3lica y los organismos encargados de hacer cumplir la ley en todo el mundo, ya que este flagelo contin\u00faa creciendo y un mayor n\u00famero de personas vulnerables est\u00e1n cayendo. presa de las organizaciones criminales.<\/p>\n\n\n\n<p>Recibi\u00f3 el nombre de la residencia papal donde se alojaron los participantes de la Conferencia del Vaticano en abril de 2014 y result\u00f3 en una &#8216;Declaraci\u00f3n de compromiso&#8217; firmada por todos los jefes de polic\u00eda presentes para trabajar juntos en el escenario internacional para desarrollar estrategias en prevenci\u00f3n, cuidado pastoral. y la reintegraci\u00f3n.<\/p>\n\n\n\n<p>Desde ese primer evento, jefes de polic\u00eda, l\u00edderes de la sociedad civil, obispos y religiosas se han reunido regularmente para compartir experiencias y buenas pr\u00e1cticas. Tambi\u00e9n buscan fortalecer la cooperaci\u00f3n a nivel internacional, nacional y local para mejorar y hacer cumplir mejor las legislaciones existentes contra la trata de personas, que el Papa Francisco ha descrito como \u201cun crimen contra la humanidad\u201d y \u201cuna herida en el cuerpo de Cristo\u201d.<\/p>\n\n\n\n<h3 class=\"has-medium-font-size wp-block-heading\">Las situaci\u00f3n en Argentina<\/h3>\n\n\n\n<p>Poco hay por celebrar en materia de \u00e9xitos en la lucha contra el tr\u00e1fico humano, desde hace ya varios a\u00f1os la Argentina es se\u00f1alada como un pa\u00eds con un elevado <strong>\u00abturismo sexual de menores\u00bb<\/strong>, esto lo se\u00f1alan organizaciones contra la trata sexual y la propia UNESCO.<\/p>\n\n\n\n<p>La Organizaci\u00f3n Internacional para las Migraciones (OIM) elabora informes sobre desde el 2006 sobre la Trata de Personas en Chile, Uruguay y la Argentina, situando la base de operaciones en la provincia de Buenos Aires. <\/p>\n\n\n\n<p>Buenos Aires, C\u00f3rdoba, Mendoza y Santa Cruz. Seg\u00fan un informe hecho por el gobierno de los Estados Unidos, mujeres extranjeras, especialmente de Paraguay y Brasil, son llevadas a Argentina para explotaci\u00f3n sexual, mientras que bolivianos y peruanos son transportados al pa\u00eds para trabajo forzado en talleres textiles y en la agricultura. Con los a\u00f1os, surgieron nuevos migrantes sometidos a distintos tipos de explotaci\u00f3n laboral, como ser los venezolanos que llegaron al pa\u00eds sin contactos pol\u00edticos y los senegaleses que se los suele ver ofreciendo productos en la modalidad \u00abventa ambulante\u00bb.<\/p>\n\n\n\n<p>Aunque Argentina es un pa\u00eds de origen, tr\u00e1nsito y destino de v\u00edctimas de trata (tanto interna como externa), la historia de la trata de personas y sus pr\u00e1cticas de esclavitud sexual y laboral en el pa\u00eds no es reciente. En la actualidad, la mayor parte de las v\u00edctimas tienen origen y destino en el pa\u00eds, y provienen de \u00e1reas rurales a urbanas. Las v\u00edctimas en su mayor\u00eda son originarias de las provincias del norte del pa\u00eds (Misiones, Tucum\u00e1n, Jujuy, Salta, Santiago del Estero, Corrientes, Chaco y Santa Fe), pero tambi\u00e9n de los pa\u00edses lim\u00edtrofes (principalmente Brasil, Paraguay y Bolivia) y otros pa\u00edses latinoamericanos, como la Rep\u00fablica Dominicana o Colombia. Una caracter\u00edstica com\u00fan de estas v\u00edctimas es la falta de formaci\u00f3n educativa y la vulnerabilidad social y econ\u00f3mica en las que se encontraban en sus hogares.<\/p>\n\n\n\n<p>Junto a la Trata de Personas, algunas provincias han experimentado un crecimiento descomunal del narcotr\u00e1fico, como ha ocurrido con C\u00f3rdoba, Santa Fe, Corrientes, Neuqu\u00e9n, La Pampa, Misiones, Entre R\u00edos, con un importante lavado de dinero en obras que curiosamente no han sido investigados por el gobierno y la justicia.<\/p>\n\n\n\n<p>Dentro de los \u00f3rganos encargados de la coordinaci\u00f3n de la persecuci\u00f3n criminal del delito, el Estado nacional cre\u00f3 en 2008 la <em>Unidad Fiscal de Asistencia en Secuestros Extorsivos y Trata de Personas<\/em> (UFASE), que efectu\u00f3 un importante trabajo de coordinaci\u00f3n con fiscales federales en las regiones del pa\u00eds, a la vez de iniciar un proceso de sistematizaci\u00f3n de informaci\u00f3n sobre procesos judiciales contra tratantes. A su vez, en 2013, dicho organismo fue reemplazado por la Procuradur\u00eda de Trata y Explotaci\u00f3n de Personas (Protex) en \u00e1mbito de la Procuraci\u00f3n General de la Naci\u00f3n, a la vez que se implementaron otras iniciativas a nivel federal.<\/p>\n\n\n\n<p>Personalmente he criticado con fundamentos en las estad\u00edsticas el trabajo de la Procuraci\u00f3n General de la Naci\u00f3n en cuanto a la baja productividad de investigaciones que permitan condenas a los implicados en la mafia de la Trata de Personas, las condenas por el delito de Trata de Personas es casi nulo, los juicios tienen bajas condenas y en general terminan siendo condenas por reducci\u00f3n a la servidumbre una pena mucho menor y que deja una estad\u00edstica irreal en los papeles. Hoy la PROTEX la conducen <strong>Marcelo Colombo y Mar\u00eda Alejandra M\u00e1ngano<\/strong>.<\/p>\n\n\n\n<figure class=\"wp-block-image size-full\"><a href=\"https:\/\/www.elsindical.com.ar\/notas\/var\/www\/html\/notas\/wp-content\/uploads\/2022\/06\/Maria-Alejandra-Mangano-y-Marcelo-Colombo.jpg\"><img loading=\"lazy\" decoding=\"async\" width=\"1024\" height=\"1024\" src=\"https:\/\/www.elsindical.com.ar\/notas\/var\/www\/html\/notas\/wp-content\/uploads\/2022\/06\/Maria-Alejandra-Mangano-y-Marcelo-Colombo.jpg\" alt=\"\" class=\"wp-image-114122\" srcset=\"https:\/\/www.elsindical.com.ar\/notas\/var\/www\/html\/notas\/wp-content\/uploads\/2022\/06\/Maria-Alejandra-Mangano-y-Marcelo-Colombo.jpg 1024w, https:\/\/www.elsindical.com.ar\/notas\/var\/www\/html\/notas\/wp-content\/uploads\/2022\/06\/Maria-Alejandra-Mangano-y-Marcelo-Colombo-300x300.jpg 300w, https:\/\/www.elsindical.com.ar\/notas\/var\/www\/html\/notas\/wp-content\/uploads\/2022\/06\/Maria-Alejandra-Mangano-y-Marcelo-Colombo-150x150.jpg 150w, https:\/\/www.elsindical.com.ar\/notas\/var\/www\/html\/notas\/wp-content\/uploads\/2022\/06\/Maria-Alejandra-Mangano-y-Marcelo-Colombo-768x768.jpg 768w, https:\/\/www.elsindical.com.ar\/notas\/var\/www\/html\/notas\/wp-content\/uploads\/2022\/06\/Maria-Alejandra-Mangano-y-Marcelo-Colombo-50x50.jpg 50w\" sizes=\"auto, (max-width: 1024px) 100vw, 1024px\" \/><\/a><\/figure>\n\n\n\n<p>A partir de la modificaci\u00f3n de la Ley de Trata de Personas en 2012, se cre\u00f3 tambi\u00e9n un sistema federal de seguimiento y coordinaci\u00f3n de pol\u00edticas p\u00fablicas para la lucha contra la trata de personas, denominado Consejo Federal para la Lucha contra la Trata y la Explotaci\u00f3n de Personas y para la Protecci\u00f3n y Asistencia a las V\u00edctimas, implementado a partir de 2015. El encargado de coordinar dichas pol\u00edticas es el Comit\u00e9 Ejecutivo para la lucha contra la trata y explotaci\u00f3n de personas y para la protecci\u00f3n y asistencia de las v\u00edctimas, dependiente de la Jefatura de Gabinete de Ministros del Estado Nacional. Dentro de los desaf\u00edos que se enfrenta este \u00f3rgano nacional es lograr una adecuada coordinaci\u00f3n con los puntos focales previstos en las normas nacionales y locales.<\/p>\n\n\n\n<p>Hoy el titular y Director del Comit\u00e9 Ejecutivo de Lucha contra la trata y explotaci\u00f3n de Personas y para la Protecci\u00f3n y Asistencia a las Victimas, es Gustavo Vera, un docente, activista y pol\u00edtico, que es adem\u00e1s el titular de la ONG La Alameda y confeso amigo del Papa Francisco, que protagoniz\u00f3 medi\u00e1ticas marchas por el trabajo esclavo y la trata, con el apoyo de algunos medios y periodistas como Mercedes Nilsin, pero la realidad es que m\u00e1s all\u00e1 de la puesta en escena, los resultados reales es que la Trata y el Trabajo Esclavo siguieron creciendo y Vera ingres\u00f3 a la pol\u00edtica, para hacer lo que hacen los pol\u00edticos, autobombo, viajar, publicar sus conferencias que no conducen a nada y vivir del Estado.<\/p>\n\n\n\n<figure class=\"wp-block-image size-large\"><a href=\"https:\/\/www.elsindical.com.ar\/notas\/var\/www\/html\/notas\/wp-content\/uploads\/2022\/06\/Gustavo-Vera-en-el-Vaticano.jpeg\"><img loading=\"lazy\" decoding=\"async\" width=\"1024\" height=\"682\" src=\"https:\/\/www.elsindical.com.ar\/notas\/var\/www\/html\/notas\/wp-content\/uploads\/2022\/06\/Gustavo-Vera-en-el-Vaticano-1024x682.jpeg\" alt=\"\" class=\"wp-image-114118\" srcset=\"https:\/\/www.elsindical.com.ar\/notas\/var\/www\/html\/notas\/wp-content\/uploads\/2022\/06\/Gustavo-Vera-en-el-Vaticano-1024x682.jpeg 1024w, https:\/\/www.elsindical.com.ar\/notas\/var\/www\/html\/notas\/wp-content\/uploads\/2022\/06\/Gustavo-Vera-en-el-Vaticano-300x200.jpeg 300w, https:\/\/www.elsindical.com.ar\/notas\/var\/www\/html\/notas\/wp-content\/uploads\/2022\/06\/Gustavo-Vera-en-el-Vaticano-768x512.jpeg 768w, https:\/\/www.elsindical.com.ar\/notas\/var\/www\/html\/notas\/wp-content\/uploads\/2022\/06\/Gustavo-Vera-en-el-Vaticano-450x300.jpeg 450w, https:\/\/www.elsindical.com.ar\/notas\/var\/www\/html\/notas\/wp-content\/uploads\/2022\/06\/Gustavo-Vera-en-el-Vaticano.jpeg 1280w\" sizes=\"auto, (max-width: 1024px) 100vw, 1024px\" \/><\/a><\/figure>\n\n\n\n<p>Lo desaf\u00edo p\u00fablicamente a Gustavo Vera a que nos muestre logros reales y concretos contra la trata de personas, las calles de los barrios por donde alguna vez march\u00f3 denunciando explotaci\u00f3n sexual incluso de menores hoy est\u00e1n peor que antes, lo que evidencia una incoherencia en su \u00e9tica y honor, cuando no era funcionario y sin recursos sab\u00eda d\u00f3nde ir, denunciaba y marchaba, ahora con todos los recursos del Estado, viaja a otros pa\u00edses mientras ac\u00e1 no se hace nada.<\/p>\n\n\n\n<p>La trata de personas con fines de explotaci\u00f3n sexual (principalmente de mujeres) representa la mayor pr\u00e1ctica de este delito en el pa\u00eds. Seg\u00fan datos de autoridades argentinas, de los casos investigados por trata de personas, el 69% est\u00e1n relacionados con fines de explotaci\u00f3n sexual, y de ese porcentaje, el 73% es contra las mujeres. Por su parte, el 31% corresponde a explotaci\u00f3n laboral.<\/p>\n\n\n\n<p>De all\u00ed la importancia de una adecuada perspectiva de g\u00e9nero al estudiarse sus causas y consecuencias. En este tipo de trata de personas, los \u201cservicios sexuales\u201d se asocian al rol femenino. As\u00ed, esta pr\u00e1ctica sexual es vista como un \u201ctrabajo o servicio\u201d en el que la mujer es posicionada en el papel de proveedora de una necesidad masculina. Ello implica una mayor estigmatizaci\u00f3n y violencia como fruto de las percepciones prejuiciosas sobre el g\u00e9nero. En el contexto de este delito, sus cuerpos son vendidos a decenas de hombres por d\u00eda -en donde se perfilan aspectos de poder e impunidad- en grandes ciudades o localidades alejadas, y donde la adolescencia o la juventud de las v\u00edctimas es un com\u00fan denominador.<\/p>\n\n\n\n<p>Ac\u00e1 es importante destacar la ineficiencia y poco compromiso de la actual Ministra de la Mujer, G\u00e9neros y Diversidad Elizabeth G\u00f3mez Alcorta, quien fue funcionaria del Ministerio P\u00fablico Fiscal de la Naci\u00f3n, conoce muy bien los delitos de narcotr\u00e1fico y trata, se supone que adem\u00e1s tiene una especializaci\u00f3n en Derechos Humanos integrando la Comisi\u00f3n Directiva del CELS, pero con todo eso, no ha tenido un rol relevante en la defensa de los g\u00e9neros m\u00e1s vulnerables sometidos a las distintas explotaciones de estas mafias. Ser\u00eda interesante que alguna vez se baje de la nube donde habita y nos cuente a todos los ciudadanos en qu\u00e9 usa sus horas y en qu\u00e9 gasta los recursos del ministerio, porque los resultados generales no la acompa\u00f1an.<\/p>\n\n\n\n<figure class=\"wp-block-image size-full\"><a href=\"https:\/\/www.elsindical.com.ar\/notas\/var\/www\/html\/notas\/wp-content\/uploads\/2022\/06\/Gomez-Alcorta-y-CELS.jpg\"><img loading=\"lazy\" decoding=\"async\" width=\"752\" height=\"440\" src=\"https:\/\/www.elsindical.com.ar\/notas\/var\/www\/html\/notas\/wp-content\/uploads\/2022\/06\/Gomez-Alcorta-y-CELS.jpg\" alt=\"\" class=\"wp-image-114120\" srcset=\"https:\/\/www.elsindical.com.ar\/notas\/var\/www\/html\/notas\/wp-content\/uploads\/2022\/06\/Gomez-Alcorta-y-CELS.jpg 752w, https:\/\/www.elsindical.com.ar\/notas\/var\/www\/html\/notas\/wp-content\/uploads\/2022\/06\/Gomez-Alcorta-y-CELS-300x176.jpg 300w, https:\/\/www.elsindical.com.ar\/notas\/var\/www\/html\/notas\/wp-content\/uploads\/2022\/06\/Gomez-Alcorta-y-CELS-500x293.jpg 500w\" sizes=\"auto, (max-width: 752px) 100vw, 752px\" \/><\/a><\/figure>\n\n\n\n<p>Y ya en los Jefes de las Fuerzas de Seguridad federales y provinciales, se sabe que sin controles superiores, sin secretarios y ministros capacitados y honorables es una utop\u00eda creer que pers\u00e9 van a investigar y cuando alguno lo hace, encuentra a Fiscales o Jueces que tienen otros intereses distintos a honrar la magistratura. No es una novedad que las fuerzas como la Polic\u00eda Federal Argentina, la Gendarmer\u00eda Nacional y la Prefectura Naval est\u00e1n bajo sospecha hace a\u00f1os, ejemplos sobran y quiz\u00e1s por ellos algunas investigaciones judiciales son llevadas adelante en este tipo de delitos por la PSA (Polic\u00eda de Seguridad Aeron\u00e1utica), con la creaci\u00f3n de la Polic\u00eda de la Ciudad, la \u00abcaja negra\u00bb de recaudaci\u00f3n ilegal de narcotr\u00e1fico y trata de personas, pas\u00f3 a ser un tema del Jefe de Gobierno Horacio Rodr\u00edguez Larreta, quien a la fecha ni el ni los responsables del Ministerio P\u00fablico Fiscal de CABA se han expedido al respecto de estos delitos, salvo un poco del circo de quemar algunos kilos de marihuana secuestrados durante un a\u00f1o, que representan menos de lo que circula a diario, entonces las cuentas dan mal.<\/p>\n\n\n\n<p>En CABA la oferta sexual es de la m\u00e1s variada, p\u00e1ginas, redes sociales, mensajer\u00edas y hasta las cl\u00e1sicas pegatinas con direcci\u00f3n, foto y tel\u00e9fono ofreciendo sexo siguen vigentes en el microcentro.<\/p>\n\n\n\n<p>Bergoglio es el Papa que m\u00e1s sabe del tema, lo he conocido en reuniones en La Alameda y en misas en barrios como Constituci\u00f3n, Retiro y Liniers, como tambi\u00e9n sabe muy bien de los abusos sexuales cometidos por algunos sacerdotes y algunos de los que dicen combatir estos delitos, pero son lobos jugando a ser corderos.<\/p>\n\n\n\n<p>Argentina duele con estos delitos que agreden a los m\u00e1s vulnerables, todos los mencionados est\u00e1n invitados a explicar lo inexplicable o a cumplir con lo que dicen y tener algo de dignidad, honor y respeto por las v\u00edctimas.<\/p>\n\n\n\n<p><\/p>\n\n\n\n<p>Por Marcelo Ricardo Hawrylciw<\/p>\n","protected":false},"excerpt":{"rendered":"<p>La PFA public\u00f3 en el d\u00eda de hoy unas fotos de la visita del Jefe de la Polic\u00eda Federal Argentina, el Comisario General Juan Carlos Hern\u00e1ndez, en el marco de la reuni\u00f3n del @santamartagroup contra el tr\u00e1fico humano. Lo acompa\u00f1\u00f3 el Jefe de la Secretar\u00eda de Control Legal y T\u00e9cnico Crio. Mayor Pablo BRUNI. El&hellip;<\/p>\n","protected":false},"author":1,"featured_media":114117,"comment_status":"open","ping_status":"open","sticky":false,"template":"","format":"standard","meta":{"footnotes":""},"categories":[8,10],"tags":[809,2450,32047,37422,3592,1943,21034,37421,204,15984,20120,315,2213],"class_list":["post-114116","post","type-post","status-publish","format-standard","has-post-thumbnail","hentry","category-derechos-humanos","category-editorial","tag-cels","tag-diario-el-sindical","tag-elizabeth-gomez-alcorta","tag-grupo-de-santa-marta","tag-gustavo-vera","tag-horacio-rodriguez-larreta","tag-marcelo-colombo","tag-maria-alejandra-mangano","tag-narcotrafico","tag-papa-francisco","tag-protex","tag-trata-de-personas","tag-vaticano"],"_links":{"self":[{"href":"https:\/\/www.elsindical.com.ar\/notas\/wp-json\/wp\/v2\/posts\/114116","targetHints":{"allow":["GET"]}}],"collection":[{"href":"https:\/\/www.elsindical.com.ar\/notas\/wp-json\/wp\/v2\/posts"}],"about":[{"href":"https:\/\/www.elsindical.com.ar\/notas\/wp-json\/wp\/v2\/types\/post"}],"author":[{"embeddable":true,"href":"https:\/\/www.elsindical.com.ar\/notas\/wp-json\/wp\/v2\/users\/1"}],"replies":[{"embeddable":true,"href":"https:\/\/www.elsindical.com.ar\/notas\/wp-json\/wp\/v2\/comments?post=114116"}],"version-history":[{"count":4,"href":"https:\/\/www.elsindical.com.ar\/notas\/wp-json\/wp\/v2\/posts\/114116\/revisions"}],"predecessor-version":[{"id":114124,"href":"https:\/\/www.elsindical.com.ar\/notas\/wp-json\/wp\/v2\/posts\/114116\/revisions\/114124"}],"wp:featuredmedia":[{"embeddable":true,"href":"https:\/\/www.elsindical.com.ar\/notas\/wp-json\/wp\/v2\/media\/114117"}],"wp:attachment":[{"href":"https:\/\/www.elsindical.com.ar\/notas\/wp-json\/wp\/v2\/media?parent=114116"}],"wp:term":[{"taxonomy":"category","embeddable":true,"href":"https:\/\/www.elsindical.com.ar\/notas\/wp-json\/wp\/v2\/categories?post=114116"},{"taxonomy":"post_tag","embeddable":true,"href":"https:\/\/www.elsindical.com.ar\/notas\/wp-json\/wp\/v2\/tags?post=114116"}],"curies":[{"name":"wp","href":"https:\/\/api.w.org\/{rel}","templated":true}]}}