{"id":114004,"date":"2022-06-03T12:03:02","date_gmt":"2022-06-03T15:03:02","guid":{"rendered":"https:\/\/www.elsindical.com.ar\/notas\/?p=114004"},"modified":"2022-06-03T12:03:03","modified_gmt":"2022-06-03T15:03:03","slug":"monica-litza-y-el-culto-a-la-pavada-politica","status":"publish","type":"post","link":"https:\/\/www.elsindical.com.ar\/notas\/monica-litza-y-el-culto-a-la-pavada-politica\/","title":{"rendered":"M\u00f3nica Litza y el culto a la pavada pol\u00edtica"},"content":{"rendered":"\n<figure class=\"wp-block-image size-full\"><a href=\"https:\/\/www.elsindical.com.ar\/notas\/var\/www\/html\/notas\/wp-content\/uploads\/2022\/06\/Monica-Litza-diputada-nacional-FR.jpg\"><img loading=\"lazy\" decoding=\"async\" width=\"880\" height=\"512\" src=\"https:\/\/www.elsindical.com.ar\/notas\/var\/www\/html\/notas\/wp-content\/uploads\/2022\/06\/Monica-Litza-diputada-nacional-FR.jpg\" alt=\"\" class=\"wp-image-114005\" srcset=\"https:\/\/www.elsindical.com.ar\/notas\/var\/www\/html\/notas\/wp-content\/uploads\/2022\/06\/Monica-Litza-diputada-nacional-FR.jpg 880w, https:\/\/www.elsindical.com.ar\/notas\/var\/www\/html\/notas\/wp-content\/uploads\/2022\/06\/Monica-Litza-diputada-nacional-FR-300x175.jpg 300w, https:\/\/www.elsindical.com.ar\/notas\/var\/www\/html\/notas\/wp-content\/uploads\/2022\/06\/Monica-Litza-diputada-nacional-FR-768x447.jpg 768w, https:\/\/www.elsindical.com.ar\/notas\/var\/www\/html\/notas\/wp-content\/uploads\/2022\/06\/Monica-Litza-diputada-nacional-FR-500x291.jpg 500w\" sizes=\"auto, (max-width: 880px) 100vw, 880px\" \/><\/a><\/figure>\n\n\n\n<p>   Sin dudas que en Avellaneda han surgido muchas mujeres vinculadas a la pol\u00edtica, algunas, muy pocas con capacidad y m\u00e9ritos propios, otras por el solo hecho de acompa\u00f1ar a pol\u00edticos \u00abfuertes\u00bb locales, as\u00ed el camino es m\u00e1s sencillo, solo es cuesti\u00f3n de \u00abcolgarse\u00bb del que financia y negocia la pol\u00edtica, incluso algunas durante a\u00f1os no daban entrevistas a los medios con los que no ten\u00edan pauta por su incapacidad para responder las preguntas y lo poco que se conoc\u00eda era producido.<\/p>\n\n\n\n<p>Esta realidad de la pol\u00edtica local le toca a todos los partidos y lo saben muy bien, las verdaderas militantes, esas que convocan y que movilizan rara vez han ocupado un cargo y son \u00abtemidas\u00bb por las mujeres del poder.<\/p>\n\n\n\n<p>En ese universo del digamos \u00abmetaverso\u00bb est\u00e1 sin lugar a dudas M\u00f3nica Litza, esposa del m\u00edtico concejal y ex candidato a intendente Armando Bertolotto, un hombre que siempre estuvo en todas las negociaciones importantes del municipio y la pol\u00edtica, uno de los hombres m\u00e1s ricos de Avellaneda aunque el mantenga esa apariencia de tipo modesto y viviendo en Pi\u00f1eiro, lo de M\u00f3nica Litza es muy distinto a ella le gusta mostrarse, la seduce el poder y el cholulismo, tambi\u00e9n los que le cantan a la \u00abfelicidad\u00bb.<\/p>\n\n\n\n<p>Con esa posici\u00f3n ha sabido ocupar distintos cargos pol\u00edticos, en ninguno se ha destacado porque no es una virtuosa en cuanto a formaci\u00f3n acad\u00e9mica y tampoco tiene vocaci\u00f3n de servicio por la Patria, lo suyo es detentar algo de poder y las relaciones sociales.<\/p>\n\n\n\n<p>Anclada en el FR ahora habla de una candidatura de Sergio Massa a pesar de que los n\u00fameros hoy le dan peor que antes al jefe de la bancada oficialista en diputados, pero como en la pol\u00edtica no solo se gana con los votos, sino que tambi\u00e9n hay quienes ganan con la rosca pol\u00edtica, a M\u00f3nica Litza, le viene bien seguir \u00abmonoteando\u00bb alg\u00fan cargo.<\/p>\n\n\n\n<p>Algunas de las frases rid\u00edculas de Litza<strong><em> \u201cAntes que el 2023, est\u00e1 el 2022 y estamos abocados a gestionar. Tenemos que asumir la responsabilidad como Gobierno y hacer aquello para lo que fuimos votados, que es mejorar el bienestar de los argentinos\u201d, indic\u00f3.<\/em><\/strong><\/p>\n\n\n\n<p>En qu\u00e9 cabeza coherente cabe decir que en el 2022 este gobierno est\u00e1 abocada en gestionar?? mucho menos alguien con una pizca de moral y \u00e9tica hablar\u00eda de que este gobierno con Litza incluida trabajan por el bienestar de los argentinos.<\/p>\n\n\n\n<p><strong><em>\u201cComo el propio Presidente (Alberto Fern\u00e1ndez) dijo en su momento, me imagino unas PASO que son una herramienta formidable para dirimir las candidaturas. A Massa lo veo presidenciable al cien por ciento, ya mostr\u00f3 su vocaci\u00f3n y conoce al Estado como nadie. Tiene una capacidad de trabajo incre\u00edble\u201d<\/em><\/strong><\/p>\n\n\n\n<p>Ya mencionar a Alberto es \u00abbaj\u00e1rsela\u00bb al votante, es un presidente d\u00e9bil y sin aceptaci\u00f3n, lo de Massa es otra cosa, se le puede reconocer una capacidad de insistir, de negociar, pero arrastra muchas malas decisiones y eso en pol\u00edtica te deja devaluado cuando para peor quedas pegado a un tipo como Fern\u00e1ndez, preferible que te puteen por estar con la vicepresidente que por ser otro m\u00e1s del circo de Alberto.<\/p>\n\n\n\n<p><\/p>\n\n\n\n<p>Por Marcelo Ricardo Hawrylciw<\/p>\n","protected":false},"excerpt":{"rendered":"<p>Sin dudas que en Avellaneda han surgido muchas mujeres vinculadas a la pol\u00edtica, algunas, muy pocas con capacidad y m\u00e9ritos propios, otras por el solo hecho de acompa\u00f1ar a pol\u00edticos \u00abfuertes\u00bb locales, as\u00ed el camino es m\u00e1s sencillo, solo es cuesti\u00f3n de \u00abcolgarse\u00bb del que financia y negocia la pol\u00edtica, incluso algunas durante a\u00f1os no&hellip;<\/p>\n","protected":false},"author":1,"featured_media":114005,"comment_status":"open","ping_status":"open","sticky":false,"template":"","format":"standard","meta":{"footnotes":""},"categories":[10,13],"tags":[11223,1285,461,2450,1286,22025,3918],"class_list":["post-114004","post","type-post","status-publish","format-standard","has-post-thumbnail","hentry","category-editorial","category-politica","tag-alberto-fernandez","tag-armando-bertolotto","tag-avellaneda","tag-diario-el-sindical","tag-monica-litza","tag-politica","tag-sergio-massa"],"_links":{"self":[{"href":"https:\/\/www.elsindical.com.ar\/notas\/wp-json\/wp\/v2\/posts\/114004","targetHints":{"allow":["GET"]}}],"collection":[{"href":"https:\/\/www.elsindical.com.ar\/notas\/wp-json\/wp\/v2\/posts"}],"about":[{"href":"https:\/\/www.elsindical.com.ar\/notas\/wp-json\/wp\/v2\/types\/post"}],"author":[{"embeddable":true,"href":"https:\/\/www.elsindical.com.ar\/notas\/wp-json\/wp\/v2\/users\/1"}],"replies":[{"embeddable":true,"href":"https:\/\/www.elsindical.com.ar\/notas\/wp-json\/wp\/v2\/comments?post=114004"}],"version-history":[{"count":1,"href":"https:\/\/www.elsindical.com.ar\/notas\/wp-json\/wp\/v2\/posts\/114004\/revisions"}],"predecessor-version":[{"id":114006,"href":"https:\/\/www.elsindical.com.ar\/notas\/wp-json\/wp\/v2\/posts\/114004\/revisions\/114006"}],"wp:featuredmedia":[{"embeddable":true,"href":"https:\/\/www.elsindical.com.ar\/notas\/wp-json\/wp\/v2\/media\/114005"}],"wp:attachment":[{"href":"https:\/\/www.elsindical.com.ar\/notas\/wp-json\/wp\/v2\/media?parent=114004"}],"wp:term":[{"taxonomy":"category","embeddable":true,"href":"https:\/\/www.elsindical.com.ar\/notas\/wp-json\/wp\/v2\/categories?post=114004"},{"taxonomy":"post_tag","embeddable":true,"href":"https:\/\/www.elsindical.com.ar\/notas\/wp-json\/wp\/v2\/tags?post=114004"}],"curies":[{"name":"wp","href":"https:\/\/api.w.org\/{rel}","templated":true}]}}