{"id":113995,"date":"2022-06-03T11:23:58","date_gmt":"2022-06-03T14:23:58","guid":{"rendered":"https:\/\/www.elsindical.com.ar\/notas\/?p=113995"},"modified":"2022-06-03T11:23:59","modified_gmt":"2022-06-03T14:23:59","slug":"red-de-sobrevivientes-de-abuso-eclesiastico-victimas-que-luchan-contra-curas-pedofilos","status":"publish","type":"post","link":"https:\/\/www.elsindical.com.ar\/notas\/red-de-sobrevivientes-de-abuso-eclesiastico-victimas-que-luchan-contra-curas-pedofilos\/","title":{"rendered":"Red de Sobrevivientes de Abuso Eclesi\u00e1stico: v\u00edctimas que luchan contra curas ped\u00f3filos"},"content":{"rendered":"\n<figure class=\"wp-block-image size-large\"><a href=\"https:\/\/www.elsindical.com.ar\/notas\/var\/www\/html\/notas\/wp-content\/uploads\/2022\/06\/Daniel-Vera.jpg\"><img loading=\"lazy\" decoding=\"async\" width=\"1024\" height=\"768\" src=\"https:\/\/www.elsindical.com.ar\/notas\/var\/www\/html\/notas\/wp-content\/uploads\/2022\/06\/Daniel-Vera-1024x768.jpg\" alt=\"\" class=\"wp-image-113996\" srcset=\"https:\/\/www.elsindical.com.ar\/notas\/var\/www\/html\/notas\/wp-content\/uploads\/2022\/06\/Daniel-Vera-1024x768.jpg 1024w, https:\/\/www.elsindical.com.ar\/notas\/var\/www\/html\/notas\/wp-content\/uploads\/2022\/06\/Daniel-Vera-300x225.jpg 300w, https:\/\/www.elsindical.com.ar\/notas\/var\/www\/html\/notas\/wp-content\/uploads\/2022\/06\/Daniel-Vera-768x576.jpg 768w, https:\/\/www.elsindical.com.ar\/notas\/var\/www\/html\/notas\/wp-content\/uploads\/2022\/06\/Daniel-Vera-400x300.jpg 400w, https:\/\/www.elsindical.com.ar\/notas\/var\/www\/html\/notas\/wp-content\/uploads\/2022\/06\/Daniel-Vera.jpg 1170w\" sizes=\"auto, (max-width: 1024px) 100vw, 1024px\" \/><\/a><\/figure>\n\n\n\n<p>Hace una d\u00e9cada comenz\u00f3 esta organizaci\u00f3n de v\u00edctimas que luchan contra los abusos eclesi\u00e1sticos en nuestro pa\u00eds.<\/p>\n\n\n\n<p>Hace casi una d\u00e9cada se form\u00f3 en nuestro pa\u00eds la <strong>Red de Sobrevivientes de Abuso Eclesi\u00e1stico<\/strong>, un espacio que re\u00fane a v\u00edctimas que buscan llevar a la Justicia a los curas ped\u00f3filos.<\/p>\n\n\n\n<p>En una entrevista con el <strong>diario El Pa\u00eds de Espa\u00f1a, Daniel\u00a0Vera,<\/strong> integrante de la Red y v\u00edctima de abuso del cura <strong>Walter\u00a0Avanzini,<\/strong> asegur\u00f3:\u00a0<strong>\u201cCuantos m\u00e1s casos salen m\u00e1s f\u00e1cil es asumir el propio. Uno ve y escucha a los dem\u00e1s y se anima a hablar porque tiene mucho apoyo\u201d.<\/strong><\/p>\n\n\n\n<p>En 1986, Vera ten\u00eda 17 a\u00f1os y Avanzini lo invit\u00f3 a ir a una misi\u00f3n juvenil que se hac\u00eda como preparaci\u00f3n previa al ingreso al seminario. \u201cU<strong>n d\u00eda entr\u00f3 al ba\u00f1o cuando me estaba ba\u00f1ando para alcanzarme la toalla y me pregunt\u00f3 si no me dol\u00eda el pene cuando se erectaba porque ten\u00eda el prepucio muy largo<\/strong>\u201d, relata. Le pareci\u00f3 extra\u00f1o pero no le dio mucha importancia. Lo tom\u00f3 como \u201cun comentario m\u00e9dico de alguien que era su amigo\u201d, cont\u00f3 al medio espa\u00f1ol.<\/p>\n\n\n\n<p>Una de las noches siguientes le pidi\u00f3 que fuese a su habitaci\u00f3n para contarle c\u00f3mo le iba. \u201cMe dijo que me recostara un rato con \u00e9l. Ah\u00ed empez\u00f3 a acariciarme. Me pidi\u00f3 que le mostrara el pene por lo del prepucio y me bes\u00f3 en la boca. <strong>No s\u00e9 c\u00f3mo me fui de su habitaci\u00f3n\u201d<\/strong>, dice Vera, a sus 53 a\u00f1os, desde la casa en C\u00f3rdoba que comparte con su pareja y sus dos hijos.<\/p>\n\n\n\n<p>El Papa declar\u00f3 obligatorio abrir una investigaci\u00f3n can\u00f3nica ante cada denuncia de abuso presentada. <strong>Las v\u00edctimas argentinas, sin embargo, sostienen que muchas veces esa orden se incumple.<\/strong><\/p>\n","protected":false},"excerpt":{"rendered":"<p>Hace una d\u00e9cada comenz\u00f3 esta organizaci\u00f3n de v\u00edctimas que luchan contra los abusos eclesi\u00e1sticos en nuestro pa\u00eds. Hace casi una d\u00e9cada se form\u00f3 en nuestro pa\u00eds la Red de Sobrevivientes de Abuso Eclesi\u00e1stico, un espacio que re\u00fane a v\u00edctimas que buscan llevar a la Justicia a los curas ped\u00f3filos. En una entrevista con el diario&hellip;<\/p>\n","protected":false},"author":1,"featured_media":113996,"comment_status":"open","ping_status":"open","sticky":false,"template":"","format":"standard","meta":{"footnotes":""},"categories":[25],"tags":[37375,37376,37373,2450,37372,37374],"class_list":["post-113995","post","type-post","status-publish","format-standard","has-post-thumbnail","hentry","category-sociedad","tag-abuso-sexuales","tag-curas-pedofilos","tag-daniel-vera","tag-diario-el-sindical","tag-red-de-sobrevivientes-de-abuso-eclesiastico","tag-walter-avanzini"],"_links":{"self":[{"href":"https:\/\/www.elsindical.com.ar\/notas\/wp-json\/wp\/v2\/posts\/113995","targetHints":{"allow":["GET"]}}],"collection":[{"href":"https:\/\/www.elsindical.com.ar\/notas\/wp-json\/wp\/v2\/posts"}],"about":[{"href":"https:\/\/www.elsindical.com.ar\/notas\/wp-json\/wp\/v2\/types\/post"}],"author":[{"embeddable":true,"href":"https:\/\/www.elsindical.com.ar\/notas\/wp-json\/wp\/v2\/users\/1"}],"replies":[{"embeddable":true,"href":"https:\/\/www.elsindical.com.ar\/notas\/wp-json\/wp\/v2\/comments?post=113995"}],"version-history":[{"count":1,"href":"https:\/\/www.elsindical.com.ar\/notas\/wp-json\/wp\/v2\/posts\/113995\/revisions"}],"predecessor-version":[{"id":113997,"href":"https:\/\/www.elsindical.com.ar\/notas\/wp-json\/wp\/v2\/posts\/113995\/revisions\/113997"}],"wp:featuredmedia":[{"embeddable":true,"href":"https:\/\/www.elsindical.com.ar\/notas\/wp-json\/wp\/v2\/media\/113996"}],"wp:attachment":[{"href":"https:\/\/www.elsindical.com.ar\/notas\/wp-json\/wp\/v2\/media?parent=113995"}],"wp:term":[{"taxonomy":"category","embeddable":true,"href":"https:\/\/www.elsindical.com.ar\/notas\/wp-json\/wp\/v2\/categories?post=113995"},{"taxonomy":"post_tag","embeddable":true,"href":"https:\/\/www.elsindical.com.ar\/notas\/wp-json\/wp\/v2\/tags?post=113995"}],"curies":[{"name":"wp","href":"https:\/\/api.w.org\/{rel}","templated":true}]}}