{"id":113992,"date":"2022-06-03T11:05:00","date_gmt":"2022-06-03T14:05:00","guid":{"rendered":"https:\/\/www.elsindical.com.ar\/notas\/?p=113992"},"modified":"2022-06-03T11:05:04","modified_gmt":"2022-06-03T14:05:04","slug":"5-000-000-de-recompensa-por-uno-de-los-acusados-de-asesinar-a-lara-fernandez","status":"publish","type":"post","link":"https:\/\/www.elsindical.com.ar\/notas\/5-000-000-de-recompensa-por-uno-de-los-acusados-de-asesinar-a-lara-fernandez\/","title":{"rendered":"$ 5.000.000 de recompensa por uno de los acusados de asesinar a Lara Fern\u00e1ndez"},"content":{"rendered":"<div class=\"wp-block-image\">\n<figure class=\"aligncenter size-full\"><a href=\"https:\/\/www.elsindical.com.ar\/notas\/var\/www\/html\/notas\/wp-content\/uploads\/2022\/06\/profugo-Leandro-Nicolas-Strassera.jpeg\"><img loading=\"lazy\" decoding=\"async\" width=\"906\" height=\"1024\" src=\"https:\/\/www.elsindical.com.ar\/notas\/var\/www\/html\/notas\/wp-content\/uploads\/2022\/06\/profugo-Leandro-Nicolas-Strassera.jpeg\" alt=\"\" class=\"wp-image-113993\" srcset=\"https:\/\/www.elsindical.com.ar\/notas\/var\/www\/html\/notas\/wp-content\/uploads\/2022\/06\/profugo-Leandro-Nicolas-Strassera.jpeg 906w, https:\/\/www.elsindical.com.ar\/notas\/var\/www\/html\/notas\/wp-content\/uploads\/2022\/06\/profugo-Leandro-Nicolas-Strassera-265x300.jpeg 265w, https:\/\/www.elsindical.com.ar\/notas\/var\/www\/html\/notas\/wp-content\/uploads\/2022\/06\/profugo-Leandro-Nicolas-Strassera-768x868.jpeg 768w\" sizes=\"auto, (max-width: 906px) 100vw, 906px\" \/><\/a><\/figure>\n<\/div>\n\n\n<p>El Ministerio de Seguridad de la Provincia de Buenos Aires hizo p\u00fablica hoy la oferta de una recompensa por un valor que puede llegar hasta los cinco millones de pesos para toda persona que aporte <strong>datos fehacientes que permitan localizar y detener a Leandro Nicol\u00e1s Strassera.<\/strong><\/p>\n\n\n\n<p>El pr\u00f3fugo est\u00e1 imputado por el delito de <strong>homicidio criminis causa<\/strong> en la localidad lomense de Ingeniero Budge durante la madrugada del 1 de enero cuando asesinaron a la joven Lara Fern\u00e1ndez.<\/p>\n\n\n\n<p>Quienes tengan informaci\u00f3n deben llamar al <strong>0221-4293015<\/strong> o comunicarse con la Fiscal\u00eda que interviene en la causa, la Unidad Funcional de Instrucci\u00f3n y Juicio en lo Criminal y Correccional 1 del Departamento Judicial de Lomas de Zamora.<\/p>\n\n\n\n<p>Lara Valentina Fern\u00e1ndez, fue <strong>asesinada en la madrugada del 1 de enero<\/strong>, mientras festejaba con amigos en las calles de Parque Bar\u00f3n, y cuatro delincuentes, intentaron robarle un celular a lo que la chica se resisti\u00f3.<\/p>\n\n\n\n<p>Como respuesta, <strong>los asesinos le pegaron un culatazo, primero, y luego le dispararon en la parte posterior del cuello<\/strong>, caus\u00e1ndole la muerte casi inmediata.<\/p>\n\n\n\n<p>El ataque se llev\u00f3 a cabo en el cruce de <strong>Olmos y Homero<\/strong>, y la adolescente fue trasladada de inmediato al hospital Municipal de Llavallol, donde finalmente ingres\u00f3 fallecida a ra\u00edz de la gravedad de la herida de arma de fuego.<\/p>\n\n\n\n<p><\/p>\n","protected":false},"excerpt":{"rendered":"<p>El Ministerio de Seguridad de la Provincia de Buenos Aires hizo p\u00fablica hoy la oferta de una recompensa por un valor que puede llegar hasta los cinco millones de pesos para toda persona que aporte datos fehacientes que permitan localizar y detener a Leandro Nicol\u00e1s Strassera. El pr\u00f3fugo est\u00e1 imputado por el delito de homicidio&hellip;<\/p>\n","protected":false},"author":1,"featured_media":113993,"comment_status":"open","ping_status":"open","sticky":false,"template":"","format":"standard","meta":{"footnotes":""},"categories":[22,25],"tags":[2450,36294,37371,744,658],"class_list":["post-113992","post","type-post","status-publish","format-standard","has-post-thumbnail","hentry","category-policiales","category-sociedad","tag-diario-el-sindical","tag-lara-fernandez","tag-leandro-nicolas-strassera","tag-lomas-de-zamora","tag-profugo"],"_links":{"self":[{"href":"https:\/\/www.elsindical.com.ar\/notas\/wp-json\/wp\/v2\/posts\/113992","targetHints":{"allow":["GET"]}}],"collection":[{"href":"https:\/\/www.elsindical.com.ar\/notas\/wp-json\/wp\/v2\/posts"}],"about":[{"href":"https:\/\/www.elsindical.com.ar\/notas\/wp-json\/wp\/v2\/types\/post"}],"author":[{"embeddable":true,"href":"https:\/\/www.elsindical.com.ar\/notas\/wp-json\/wp\/v2\/users\/1"}],"replies":[{"embeddable":true,"href":"https:\/\/www.elsindical.com.ar\/notas\/wp-json\/wp\/v2\/comments?post=113992"}],"version-history":[{"count":1,"href":"https:\/\/www.elsindical.com.ar\/notas\/wp-json\/wp\/v2\/posts\/113992\/revisions"}],"predecessor-version":[{"id":113994,"href":"https:\/\/www.elsindical.com.ar\/notas\/wp-json\/wp\/v2\/posts\/113992\/revisions\/113994"}],"wp:featuredmedia":[{"embeddable":true,"href":"https:\/\/www.elsindical.com.ar\/notas\/wp-json\/wp\/v2\/media\/113993"}],"wp:attachment":[{"href":"https:\/\/www.elsindical.com.ar\/notas\/wp-json\/wp\/v2\/media?parent=113992"}],"wp:term":[{"taxonomy":"category","embeddable":true,"href":"https:\/\/www.elsindical.com.ar\/notas\/wp-json\/wp\/v2\/categories?post=113992"},{"taxonomy":"post_tag","embeddable":true,"href":"https:\/\/www.elsindical.com.ar\/notas\/wp-json\/wp\/v2\/tags?post=113992"}],"curies":[{"name":"wp","href":"https:\/\/api.w.org\/{rel}","templated":true}]}}