{"id":113984,"date":"2022-06-02T13:15:06","date_gmt":"2022-06-02T16:15:06","guid":{"rendered":"https:\/\/www.elsindical.com.ar\/notas\/?p=113984"},"modified":"2022-06-02T13:15:07","modified_gmt":"2022-06-02T16:15:07","slug":"comision-directiva-de-los-andes-aseguro-que-kravetz-miente-y-le-reclamo-que-pida-disculpas","status":"publish","type":"post","link":"https:\/\/www.elsindical.com.ar\/notas\/comision-directiva-de-los-andes-aseguro-que-kravetz-miente-y-le-reclamo-que-pida-disculpas\/","title":{"rendered":"Comisi\u00f3n directiva de Los Andes aseguro que Kravetz \u201cmiente\u201d y le reclam\u00f3 que pida disculpas"},"content":{"rendered":"\n<figure class=\"wp-block-image size-large\"><a href=\"https:\/\/www.elsindical.com.ar\/notas\/var\/www\/html\/notas\/wp-content\/uploads\/2022\/06\/Diego-Kravetz-centro-de-monitoreo.jpg\"><img loading=\"lazy\" decoding=\"async\" width=\"1024\" height=\"625\" src=\"https:\/\/www.elsindical.com.ar\/notas\/var\/www\/html\/notas\/wp-content\/uploads\/2022\/06\/Diego-Kravetz-centro-de-monitoreo-1024x625.jpg\" alt=\"\" class=\"wp-image-113985\" srcset=\"https:\/\/www.elsindical.com.ar\/notas\/var\/www\/html\/notas\/wp-content\/uploads\/2022\/06\/Diego-Kravetz-centro-de-monitoreo-1024x625.jpg 1024w, https:\/\/www.elsindical.com.ar\/notas\/var\/www\/html\/notas\/wp-content\/uploads\/2022\/06\/Diego-Kravetz-centro-de-monitoreo-300x183.jpg 300w, https:\/\/www.elsindical.com.ar\/notas\/var\/www\/html\/notas\/wp-content\/uploads\/2022\/06\/Diego-Kravetz-centro-de-monitoreo-768x468.jpg 768w, https:\/\/www.elsindical.com.ar\/notas\/var\/www\/html\/notas\/wp-content\/uploads\/2022\/06\/Diego-Kravetz-centro-de-monitoreo-492x300.jpg 492w, https:\/\/www.elsindical.com.ar\/notas\/var\/www\/html\/notas\/wp-content\/uploads\/2022\/06\/Diego-Kravetz-centro-de-monitoreo.jpg 1133w\" sizes=\"auto, (max-width: 1024px) 100vw, 1024px\" \/><\/a><\/figure>\n\n\n\n<p class=\"wp-block-paragraph\">La Comisi\u00f3n Directiva del Club Atl\u00e9tico Los Andes cuestion\u00f3 duramente al jefe de Gabinete de Lan\u00fas, Diego Kravetz, quien el martes pidi\u00f3 y logr\u00f3 que el conjunto de Lomas y Tigre no jugaran con p\u00fablico por la Copa Argentina. El conjunto MIlrayitas decidi\u00f3 no presentarse al partido ante esa decisi\u00f3n de la AFA, perdi\u00f3 el cotejo y seguramente ser\u00e1 sancionado.<\/p>\n\n\n\n<p class=\"wp-block-paragraph\">El funcionario de Lan\u00fas hab\u00eda fundamentado su pedido en problemas de seguridad que pod\u00eda llegar a ocasionar la hinchada del Milrayitas. La respuesta del club fue muy dura.<\/p>\n\n\n\n<p class=\"wp-block-paragraph\"><strong>\u201cKravetz miente cuando dice que los socios e hinchas de Los Andes est\u00e1n sumergidos en la violencia. Miente, cuando afirma que corr\u00edan riesgo los vecinos de Lan\u00fas\u201d, expreso Los Andes a trav\u00e9s de un comunicado de prensa.<\/strong><\/p>\n\n\n\n<p class=\"wp-block-paragraph\">En tanto, la Comisi\u00f3n Directiva del club sostuvo que \u201cel partido de la Copa Argentina se hab\u00eda organizado como una fiesta, y se hab\u00edan dado las garant\u00edas ante las m\u00e1ximas autoridades del Ministerio de Seguridad de la provincia de Buenos Aires, a trav\u00e9s de su Presidente, de la responsabilidad de la parcialidad lomense\u201d.<\/p>\n\n\n\n<p class=\"wp-block-paragraph\">\u201cFrente a este acto provocador y discriminatorio hacia nuestra instituci\u00f3n, hacia nuestros socios e hinchas, exigimos las disculpas pertinentes\u201d, plante\u00f3 el club, en referencia a los dichos de Kravetz.<\/p>\n","protected":false},"excerpt":{"rendered":"<p>La Comisi\u00f3n Directiva del Club Atl\u00e9tico Los Andes cuestion\u00f3 duramente al jefe de Gabinete de Lan\u00fas, Diego Kravetz, quien el martes pidi\u00f3 y logr\u00f3 que el conjunto de Lomas y Tigre no jugaran con p\u00fablico por la Copa Argentina. El conjunto MIlrayitas decidi\u00f3 no presentarse al partido ante esa decisi\u00f3n de la AFA, perdi\u00f3 el&hellip;<\/p>\n","protected":false},"author":1,"featured_media":113985,"comment_status":"open","ping_status":"open","sticky":false,"template":"","format":"standard","meta":{"footnotes":""},"categories":[7,13],"tags":[1961,2450,23470,984,209,37366,18523],"class_list":["post-113984","post","type-post","status-publish","format-standard","has-post-thumbnail","hentry","category-deportes","category-politica","tag-afa","tag-diario-el-sindical","tag-diego-kravetz","tag-inseguridad","tag-lanus","tag-los-andes","tag-violentos"],"_links":{"self":[{"href":"https:\/\/www.elsindical.com.ar\/notas\/wp-json\/wp\/v2\/posts\/113984","targetHints":{"allow":["GET"]}}],"collection":[{"href":"https:\/\/www.elsindical.com.ar\/notas\/wp-json\/wp\/v2\/posts"}],"about":[{"href":"https:\/\/www.elsindical.com.ar\/notas\/wp-json\/wp\/v2\/types\/post"}],"author":[{"embeddable":true,"href":"https:\/\/www.elsindical.com.ar\/notas\/wp-json\/wp\/v2\/users\/1"}],"replies":[{"embeddable":true,"href":"https:\/\/www.elsindical.com.ar\/notas\/wp-json\/wp\/v2\/comments?post=113984"}],"version-history":[{"count":1,"href":"https:\/\/www.elsindical.com.ar\/notas\/wp-json\/wp\/v2\/posts\/113984\/revisions"}],"predecessor-version":[{"id":113986,"href":"https:\/\/www.elsindical.com.ar\/notas\/wp-json\/wp\/v2\/posts\/113984\/revisions\/113986"}],"wp:featuredmedia":[{"embeddable":true,"href":"https:\/\/www.elsindical.com.ar\/notas\/wp-json\/wp\/v2\/media\/113985"}],"wp:attachment":[{"href":"https:\/\/www.elsindical.com.ar\/notas\/wp-json\/wp\/v2\/media?parent=113984"}],"wp:term":[{"taxonomy":"category","embeddable":true,"href":"https:\/\/www.elsindical.com.ar\/notas\/wp-json\/wp\/v2\/categories?post=113984"},{"taxonomy":"post_tag","embeddable":true,"href":"https:\/\/www.elsindical.com.ar\/notas\/wp-json\/wp\/v2\/tags?post=113984"}],"curies":[{"name":"wp","href":"https:\/\/api.w.org\/{rel}","templated":true}]}}