{"id":113913,"date":"2022-05-30T10:58:08","date_gmt":"2022-05-30T13:58:08","guid":{"rendered":"https:\/\/www.elsindical.com.ar\/notas\/?p=113913"},"modified":"2022-05-30T10:58:09","modified_gmt":"2022-05-30T13:58:09","slug":"cuando-termine-este-gobierno-algunos-vamos-a-ir-presos-y-otros-iran-a-dar-clases-jorge-ferraresi","status":"publish","type":"post","link":"https:\/\/www.elsindical.com.ar\/notas\/cuando-termine-este-gobierno-algunos-vamos-a-ir-presos-y-otros-iran-a-dar-clases-jorge-ferraresi\/","title":{"rendered":"\u201cCuando termine este Gobierno, algunos vamos a ir presos y otros ir\u00e1n a dar clases\u201d Jorge Ferraresi"},"content":{"rendered":"\n<figure class=\"wp-block-image size-full\"><a href=\"https:\/\/www.elsindical.com.ar\/notas\/var\/www\/html\/notas\/wp-content\/uploads\/2022\/05\/Ferraresi-acto-por-Leonardo-Favio.jpg\"><img loading=\"lazy\" decoding=\"async\" width=\"960\" height=\"639\" src=\"https:\/\/www.elsindical.com.ar\/notas\/var\/www\/html\/notas\/wp-content\/uploads\/2022\/05\/Ferraresi-acto-por-Leonardo-Favio.jpg\" alt=\"\" class=\"wp-image-113914\" srcset=\"https:\/\/www.elsindical.com.ar\/notas\/var\/www\/html\/notas\/wp-content\/uploads\/2022\/05\/Ferraresi-acto-por-Leonardo-Favio.jpg 960w, https:\/\/www.elsindical.com.ar\/notas\/var\/www\/html\/notas\/wp-content\/uploads\/2022\/05\/Ferraresi-acto-por-Leonardo-Favio-300x200.jpg 300w, https:\/\/www.elsindical.com.ar\/notas\/var\/www\/html\/notas\/wp-content\/uploads\/2022\/05\/Ferraresi-acto-por-Leonardo-Favio-768x511.jpg 768w, https:\/\/www.elsindical.com.ar\/notas\/var\/www\/html\/notas\/wp-content\/uploads\/2022\/05\/Ferraresi-acto-por-Leonardo-Favio-451x300.jpg 451w\" sizes=\"auto, (max-width: 960px) 100vw, 960px\" \/><\/a><\/figure>\n\n\n\n<p>El intendente en uso de licencia de Avellaneda y ministro de Desarrollo Territorial y H\u00e1bitat, Jorge Ferraresi, alert\u00f3 sobre las consecuencias que puede tener la interna del Frente de Todos de cara a las elecciones presidenciales de 2023: \u201cCuando termine este Gobierno <strong>algunos vamos a ir presos y otros ir\u00e1n a dar clases en las universidades internacionales\u201d.<\/strong><\/p>\n\n\n\n<p>\u201cOtros que volveremos al barro, volveremos al territorio, donde nunca hemos dejado de estar y tendremos las consecuencias\u201d, alert\u00f3 en un acto para conmemorar los 19 a\u00f1os de la asunci\u00f3n presidencial de N\u00e9stor Kirchner, el 25 de mayo de 2003, y en el que pidi\u00f3 por la unidad en el oficialismo \u201cpara que nunca m\u00e1s vuelva el neoliberalismo a la Argentina\u201d y consider\u00f3 que si el oficialismo pierde el a\u00f1o pr\u00f3ximo habr\u00eda <strong>\u201cpersecuciones a los dirigentes populares\u201d.<\/strong><\/p>\n\n\n\n<p>\u201cLo importante no es ganar una elecci\u00f3n, sino mantener las convicciones y esas convicciones que tenemos que mantener tienen que ver con el camino hacia la utop\u00eda\u201d, cit\u00f3 Ferraresi al expresidente Kirchner en un evento en el que no nombr\u00f3 al Presidente Alberto Fern\u00e1ndez, pero elogi\u00f3 a la vicepresidente Cristina Kirchner: <strong>\u201cLas verdaderas peleas, las peleas m\u00e1s fuertes, las m\u00e1s desiguales, las dio la titular del Senado con la fuerza de la militancia de la gente\u201d.<\/strong><\/p>\n\n\n\n<p>En ese sentido, Ferraresi le envi\u00f3 un mensaje a la militancia: \u201cNo nos tienen que contar los esfuerzos que tenemos que hacer los militantes. Lo tenemos que hacer por nuestra esencia, nuestra obligaci\u00f3n y nuestro compromiso por los compa\u00f1eros; <strong>muchos dieron la vida para que hoy nosotros estemos ac\u00e1<\/strong>\u201d.<\/p>\n\n\n\n<p>\u201cVamos a trabajar para cumplir con el mandato del 2019, <strong>pero con la obligaci\u00f3n de construir el 2023 <\/strong>con un gobierno nacional y popular que profundice las pol\u00edticas y ponga a la Argentina de pie\u201d, finaliz\u00f3 el funcionario.<\/p>\n","protected":false},"excerpt":{"rendered":"<p>El intendente en uso de licencia de Avellaneda y ministro de Desarrollo Territorial y H\u00e1bitat, Jorge Ferraresi, alert\u00f3 sobre las consecuencias que puede tener la interna del Frente de Todos de cara a las elecciones presidenciales de 2023: \u201cCuando termine este Gobierno algunos vamos a ir presos y otros ir\u00e1n a dar clases en las&hellip;<\/p>\n","protected":false},"author":1,"featured_media":113914,"comment_status":"open","ping_status":"open","sticky":false,"template":"","format":"standard","meta":{"footnotes":""},"categories":[13],"tags":[2450,1062,5544,767,22025,1226],"class_list":["post-113913","post","type-post","status-publish","format-standard","has-post-thumbnail","hentry","category-politica","tag-diario-el-sindical","tag-jorge-ferraresi","tag-militancia","tag-nestor-kirchner","tag-politica","tag-presos"],"_links":{"self":[{"href":"https:\/\/www.elsindical.com.ar\/notas\/wp-json\/wp\/v2\/posts\/113913","targetHints":{"allow":["GET"]}}],"collection":[{"href":"https:\/\/www.elsindical.com.ar\/notas\/wp-json\/wp\/v2\/posts"}],"about":[{"href":"https:\/\/www.elsindical.com.ar\/notas\/wp-json\/wp\/v2\/types\/post"}],"author":[{"embeddable":true,"href":"https:\/\/www.elsindical.com.ar\/notas\/wp-json\/wp\/v2\/users\/1"}],"replies":[{"embeddable":true,"href":"https:\/\/www.elsindical.com.ar\/notas\/wp-json\/wp\/v2\/comments?post=113913"}],"version-history":[{"count":1,"href":"https:\/\/www.elsindical.com.ar\/notas\/wp-json\/wp\/v2\/posts\/113913\/revisions"}],"predecessor-version":[{"id":113915,"href":"https:\/\/www.elsindical.com.ar\/notas\/wp-json\/wp\/v2\/posts\/113913\/revisions\/113915"}],"wp:featuredmedia":[{"embeddable":true,"href":"https:\/\/www.elsindical.com.ar\/notas\/wp-json\/wp\/v2\/media\/113914"}],"wp:attachment":[{"href":"https:\/\/www.elsindical.com.ar\/notas\/wp-json\/wp\/v2\/media?parent=113913"}],"wp:term":[{"taxonomy":"category","embeddable":true,"href":"https:\/\/www.elsindical.com.ar\/notas\/wp-json\/wp\/v2\/categories?post=113913"},{"taxonomy":"post_tag","embeddable":true,"href":"https:\/\/www.elsindical.com.ar\/notas\/wp-json\/wp\/v2\/tags?post=113913"}],"curies":[{"name":"wp","href":"https:\/\/api.w.org\/{rel}","templated":true}]}}