{"id":113910,"date":"2022-05-30T10:50:03","date_gmt":"2022-05-30T13:50:03","guid":{"rendered":"https:\/\/www.elsindical.com.ar\/notas\/?p=113910"},"modified":"2022-05-30T10:50:12","modified_gmt":"2022-05-30T13:50:12","slug":"cayo-un-40-el-numero-de-personas-inscriptas-para-adoptar","status":"publish","type":"post","link":"https:\/\/www.elsindical.com.ar\/notas\/cayo-un-40-el-numero-de-personas-inscriptas-para-adoptar\/","title":{"rendered":"Cay\u00f3 un 40% el n\u00famero de personas inscriptas para adoptar"},"content":{"rendered":"<div class=\"wp-block-image\">\n<figure class=\"aligncenter size-full\"><a href=\"https:\/\/www.elsindical.com.ar\/notas\/var\/www\/html\/notas\/wp-content\/uploads\/2022\/05\/evolucion-adopciones.jpg\"><img loading=\"lazy\" decoding=\"async\" width=\"655\" height=\"368\" src=\"https:\/\/www.elsindical.com.ar\/notas\/var\/www\/html\/notas\/wp-content\/uploads\/2022\/05\/evolucion-adopciones.jpg\" alt=\"\" class=\"wp-image-113911\" srcset=\"https:\/\/www.elsindical.com.ar\/notas\/var\/www\/html\/notas\/wp-content\/uploads\/2022\/05\/evolucion-adopciones.jpg 655w, https:\/\/www.elsindical.com.ar\/notas\/var\/www\/html\/notas\/wp-content\/uploads\/2022\/05\/evolucion-adopciones-300x169.jpg 300w, https:\/\/www.elsindical.com.ar\/notas\/var\/www\/html\/notas\/wp-content\/uploads\/2022\/05\/evolucion-adopciones-500x281.jpg 500w\" sizes=\"auto, (max-width: 655px) 100vw, 655px\" \/><\/a><\/figure>\n<\/div>\n\n\n<p>M\u00e1s de <strong>600 ni\u00f1as, ni\u00f1os y adolescentes aguardan ser adoptados en la provincia de Buenos Aires por alguna de las 2.500 personas inscriptas <\/strong>como potenciales adoptantes de los cuales casi la mitad pertenecen al registro bonaerense aunque casi el 90 por ciento de los inscriptos quieren beb\u00e9s de hasta un a\u00f1o, cuando las infancias en situaci\u00f3n de adoptabilidad tienen, en promedio, 8 a\u00f1os sin contar que muchos poseen alg\u00fan problema de salud y son parte de grupos de hermanos.<\/p>\n\n\n\n<p>El problema se agrava se se considera que 2018, hab\u00eda <strong>4900 solicitantes a nivel nacional un n\u00famero que en la Provincia baj\u00f3 de 1.778 en ese a\u00f1os a los 1.041 de la actualidad.<\/strong><\/p>\n\n\n\n<p>\u201cLa tendencia que s\u00ed se viene sosteniendo es que <strong>la mayor\u00eda de los interesados en adoptar se postulan para chicos muy peque\u00f1os y sanos. <\/strong>De esta manera bajan las posibilidades para los m\u00e1s grandes\u201d, indica Claudia Portillo, directora del Registro Central de Aspirantes a Guarda con Fines de Adopci\u00f3n provincial.<\/p>\n\n\n\n<p>Portillo tambi\u00e9n recalc\u00f3 que ahora se pone m\u00e1s el acento en aspectos que antes no se ten\u00edan tan en cuenta, como por ejemplo, <strong>\u201camplitud y sensibilidad, abordaje de la identidad, cuestiones que se eval\u00faan ahora m\u00e1s certeramente <\/strong>para garantizar que estas personas tengan esa capacidad parental adoptiva, y que sean saludables y duraderas\u201d.<\/p>\n\n\n\n<p>\u201cEl <strong>mayor acceso a las t\u00e9cnicas de fertilizaci\u00f3n <\/strong>por parte de la comunidad que antes resultaba prohibitivo, ha generado muchas bajas por nacimiento de hijos\u201d, se\u00f1ala Portillo quien destac\u00f3 los <strong>imperativos sociales referidos a la maternidad <\/strong>\u201cya no son tales, entonces hay muchas mujeres que han elegido no hacerlo y plantean un proyecto de vida sin hijos\u201d.<\/p>\n\n\n\n<p>Por su parte, el Director Nacional del Registro \u00danico de Aspirantes a Guarda con Fines Adoptivos (DNRUA), Juan Jos\u00e9 Jeannot, sostuvo que la pandemia \u201cgener\u00f3 una <strong>sensaci\u00f3n de inseguridad en cuestiones econ\u00f3micas<\/strong>, replanteos de proyectos familiares, reformulaci\u00f3n de las parejas, tambi\u00e9n cambios en las situaciones habitacionales\u201d.<\/p>\n\n\n\n<p>Otro aspecto es el llamado <strong>\u201cdisponibilidad adoptiva\u201d, <\/strong>que es el punto donde las personas elijen hasta qu\u00e9 edad estar\u00edan dispuestas a adoptar y si aceptar\u00edan a alguien con alg\u00fan problema de salud o discapacidad o a un grupos de hermanos.<\/p>\n\n\n\n<p>En ese sentido, el director de la DNRUA se\u00f1ala que la mayor\u00eda de quienes se inscriben tienen voluntades adoptivas muy acotadas: <strong>\u201cUna de cada 100 personas inscriptas estar\u00eda dispuesta a adoptar un ni\u00f1o de 12 a\u00f1os, mientras que si pensamos en beb\u00e9s, son nueve de cada diez\u201d, <\/strong>grafica Jeannot y dice que ese es uno de los temas que m\u00e1s lo ocupa de su gesti\u00f3n: trabajar para ampliar esa disponibilidad.<\/p>\n\n\n\n<p>En tanto, el titular del Juzgado de Familia de San Miguel, Pablo Raffo, explic\u00f3 que \u201cllegan 20 legajos y ah\u00ed el equipo t\u00e9cnico empieza a llamar y <strong>se encuentra con que, de todas esas carpetas, probablemente ninguna se adec\u00fae<\/strong>\u201d.<\/p>\n\n\n\n<p>Quienes se inscriben con voluntades adoptivas amplias, en cambio, pueden ser llamados varias veces. Para difundir esos casos, hay varias familias que con el hashtag <strong>#AdoptenNi\u00f1esGrandes<\/strong> comparten sus historias y experiencias en Twitter.<\/p>\n\n\n\n<p>Portillo enumera aspectos desconocidos: <strong>no hay que contar con un abogado, salvo para el final del proceso <\/strong>en algunas jurisdicciones e incluso puede tramitarse uno gratuito; <strong>no hay que ser propietario ni tener ingresos muy altos<\/strong>, sino poder garantizar los gastos que lleva la crianza de un ni\u00f1o o una ni\u00f1a; <strong>si es una pareja, pueden trabajar los dos <\/strong>o no; y <strong>todas las personas pueden inscribirse<\/strong>: solas cualquiera sea se g\u00e9nero e identidad, matrimonios igualitarios o familias con hijos.<\/p>\n\n\n\n<p>\u201cEs importante que todas las conformaciones familiares est\u00e9n presentes en el registro porque hay muchos ni\u00f1os, ni\u00f1as y adolescentes que los esperan. <strong>Adoptar es sencillo, posible, r\u00e1pido y es gratuito<\/strong>\u201d, concluye Portillo.<\/p>\n\n\n\n<h4 class=\"wp-block-heading\">D\u00f3nde informarse e inscribirse<\/h4>\n\n\n\n<p><strong>Para todo el pa\u00eds<\/strong>: En la <strong><a href=\"https:\/\/www.argentina.gob.ar\/justicia\/adopcion\">web de la DNRUA<\/a><\/strong> est\u00e1n todos los pasos a seguir para inscribirse en un registro de postulantes a guarda adoptiva y despejar dudas sobre el proceso de adopci\u00f3n en la Argentina. <strong>La inscripci\u00f3n es \u00fanica y v\u00e1lida para todo el pa\u00eds<\/strong>, pero debe realizarse en el registro que corresponde seg\u00fan el domicilio.<\/p>\n\n\n\n<p>Adem\u00e1s, es posible participar de <strong>charlas informativas online <\/strong>que el organismo brinda una vez por mes. Tambi\u00e9n hay encuentros para familias o personas que ya tienen el alta de inscripci\u00f3n, con la idea de que tengan una espera activa, prepar\u00e1ndose para el momento en que llegue la vinculaci\u00f3n con una infancia.<\/p>\n\n\n\n<p><strong>Provincia de Buenos Aires: <\/strong>El Registro Central de Aspirantes a Guardas con fines de Adopci\u00f3n realiza todos los primeros viernes de cada mes, a las 16, charlas informativas online.<\/p>\n\n\n\n<p>Para participar, hay que escribir a <strong><a href=\"mailto:cursoadopcion@scba.gov.ar\">cursoadopcion@scba.gov.ar<\/a><\/strong>. En la <strong><a href=\"https:\/\/www.scba.gov.ar\/paginas.asp?id=40314\">web se puede realizar la preinscripci\u00f3n virtual<\/a><\/strong> y encontrar la informaci\u00f3n necesaria.<\/p>\n","protected":false},"excerpt":{"rendered":"<p>M\u00e1s de 600 ni\u00f1as, ni\u00f1os y adolescentes aguardan ser adoptados en la provincia de Buenos Aires por alguna de las 2.500 personas inscriptas como potenciales adoptantes de los cuales casi la mitad pertenecen al registro bonaerense aunque casi el 90 por ciento de los inscriptos quieren beb\u00e9s de hasta un a\u00f1o, cuando las infancias en&hellip;<\/p>\n","protected":false},"author":1,"featured_media":113911,"comment_status":"open","ping_status":"open","sticky":false,"template":"","format":"standard","meta":{"footnotes":""},"categories":[25],"tags":[3228,2450,37334,21084],"class_list":["post-113910","post","type-post","status-publish","format-standard","has-post-thumbnail","hentry","category-sociedad","tag-adopciones","tag-diario-el-sindical","tag-dnrua","tag-inscripciones"],"_links":{"self":[{"href":"https:\/\/www.elsindical.com.ar\/notas\/wp-json\/wp\/v2\/posts\/113910","targetHints":{"allow":["GET"]}}],"collection":[{"href":"https:\/\/www.elsindical.com.ar\/notas\/wp-json\/wp\/v2\/posts"}],"about":[{"href":"https:\/\/www.elsindical.com.ar\/notas\/wp-json\/wp\/v2\/types\/post"}],"author":[{"embeddable":true,"href":"https:\/\/www.elsindical.com.ar\/notas\/wp-json\/wp\/v2\/users\/1"}],"replies":[{"embeddable":true,"href":"https:\/\/www.elsindical.com.ar\/notas\/wp-json\/wp\/v2\/comments?post=113910"}],"version-history":[{"count":1,"href":"https:\/\/www.elsindical.com.ar\/notas\/wp-json\/wp\/v2\/posts\/113910\/revisions"}],"predecessor-version":[{"id":113912,"href":"https:\/\/www.elsindical.com.ar\/notas\/wp-json\/wp\/v2\/posts\/113910\/revisions\/113912"}],"wp:featuredmedia":[{"embeddable":true,"href":"https:\/\/www.elsindical.com.ar\/notas\/wp-json\/wp\/v2\/media\/113911"}],"wp:attachment":[{"href":"https:\/\/www.elsindical.com.ar\/notas\/wp-json\/wp\/v2\/media?parent=113910"}],"wp:term":[{"taxonomy":"category","embeddable":true,"href":"https:\/\/www.elsindical.com.ar\/notas\/wp-json\/wp\/v2\/categories?post=113910"},{"taxonomy":"post_tag","embeddable":true,"href":"https:\/\/www.elsindical.com.ar\/notas\/wp-json\/wp\/v2\/tags?post=113910"}],"curies":[{"name":"wp","href":"https:\/\/api.w.org\/{rel}","templated":true}]}}