{"id":113907,"date":"2022-05-30T10:46:07","date_gmt":"2022-05-30T13:46:07","guid":{"rendered":"https:\/\/www.elsindical.com.ar\/notas\/?p=113907"},"modified":"2022-05-30T10:46:12","modified_gmt":"2022-05-30T13:46:12","slug":"un-policia-de-la-ciudad-fue-detenido-tras-matar-a-un-presunto-motochorro-en-alejandro-korn","status":"publish","type":"post","link":"https:\/\/www.elsindical.com.ar\/notas\/un-policia-de-la-ciudad-fue-detenido-tras-matar-a-un-presunto-motochorro-en-alejandro-korn\/","title":{"rendered":"Un polic\u00eda de la Ciudad fue detenido tras matar a un presunto \u201cmotochorro\u201d en Alejandro Korn"},"content":{"rendered":"\n<figure class=\"wp-block-image size-large\"><a href=\"https:\/\/www.elsindical.com.ar\/notas\/var\/www\/html\/notas\/wp-content\/uploads\/2022\/05\/motochorro-abatido.jpeg\"><img loading=\"lazy\" decoding=\"async\" width=\"1024\" height=\"580\" src=\"https:\/\/www.elsindical.com.ar\/notas\/var\/www\/html\/notas\/wp-content\/uploads\/2022\/05\/motochorro-abatido-1024x580.jpeg\" alt=\"\" class=\"wp-image-113908\" srcset=\"https:\/\/www.elsindical.com.ar\/notas\/var\/www\/html\/notas\/wp-content\/uploads\/2022\/05\/motochorro-abatido-1024x580.jpeg 1024w, https:\/\/www.elsindical.com.ar\/notas\/var\/www\/html\/notas\/wp-content\/uploads\/2022\/05\/motochorro-abatido-300x170.jpeg 300w, https:\/\/www.elsindical.com.ar\/notas\/var\/www\/html\/notas\/wp-content\/uploads\/2022\/05\/motochorro-abatido-768x435.jpeg 768w, https:\/\/www.elsindical.com.ar\/notas\/var\/www\/html\/notas\/wp-content\/uploads\/2022\/05\/motochorro-abatido-500x283.jpeg 500w, https:\/\/www.elsindical.com.ar\/notas\/var\/www\/html\/notas\/wp-content\/uploads\/2022\/05\/motochorro-abatido-220x126.jpeg 220w, https:\/\/www.elsindical.com.ar\/notas\/var\/www\/html\/notas\/wp-content\/uploads\/2022\/05\/motochorro-abatido-460x260.jpeg 460w, https:\/\/www.elsindical.com.ar\/notas\/var\/www\/html\/notas\/wp-content\/uploads\/2022\/05\/motochorro-abatido.jpeg 1200w\" sizes=\"auto, (max-width: 1024px) 100vw, 1024px\" \/><\/a><\/figure>\n\n\n\n<p class=\"wp-block-paragraph\"><strong>Un polic\u00eda de la Ciudad mat\u00f3 este domingo a balazos a un presunto \u201cmotochorro\u201d que intent\u00f3 robarle a un hombre, en la localidad bonaerense de Alejandro Korn,<\/strong> y qued\u00f3 aprehendido por homicidio mientras se investiga si se excedi\u00f3 en su accionar, informaron fuentes policiales y judiciales.<\/p>\n\n\n\n<p class=\"wp-block-paragraph\">El hecho ocurri\u00f3 esta ma\u00f1ana, cerca de las 10:25 hs., en el cruce de avenida Per\u00f3n y Arcuri, en la mencionada localidad del partido de San Vicente, en el sur del Gran Buenos Aires.<\/p>\n\n\n\n<p class=\"wp-block-paragraph\">Las fuentes indicaron a T\u00e9lam que dos delincuentes, al menos uno de ellos armado, <strong>circulaban a bordo de una motocicleta intentaron robarle un rodado similar a un hombre que transitaba por el lugar.<\/strong><\/p>\n\n\n\n<p class=\"wp-block-paragraph\">La maniobra fue advertida por un efectivo de la Polic\u00eda de la Ciudad que se encontraba vestido de civil y en su autom\u00f3vil junto a su familia.<\/p>\n\n\n\n<p class=\"wp-block-paragraph\">Seg\u00fan las fuentes, el polic\u00eda fren\u00f3 su veh\u00edculo, sali\u00f3 y dio la voz de alto a los \u201cmotochorros\u201d.<\/p>\n\n\n\n<p class=\"wp-block-paragraph\">En esas circunstancias se produjo un enfrentamiento armado que finaliz\u00f3 con uno de los delincuentes muerto en el lugar. En tanto<strong>, su c\u00f3mplice se dio a la fuga y, tras ser identificado, fue finalmente detenido.<\/strong><\/p>\n\n\n\n<p class=\"wp-block-paragraph\">Lo ocurrido es investigado por la fiscal Karina Guyot, a cargo de la Unidad Funcional de Instrucci\u00f3n (UFI) descentralizada de San Vicente, quien orden\u00f3 un allanamiento de urgencia en la vivienda del detenido, de apellido Coronel, d\u00f3nde se incaut\u00f3 la moto en la cual circulaba junto a su c\u00f3mplice, un casco y parte de la ropa utilizada en el hecho.<\/p>\n\n\n\n<p class=\"wp-block-paragraph\"><strong>\u201cSe lo detuvo en la v\u00eda p\u00fablica cuando intent\u00f3 nuevamente fugarse. Ten\u00eda en su poder una bolsa con balas. Se investiga si iba camino a descartar el arma\u201d,<\/strong> dijo a T\u00e9lam un investigador.<\/p>\n\n\n\n<p class=\"wp-block-paragraph\">La fiscal Goyut orden\u00f3 que las pericias en el lugar del hecho est\u00e9n a cargo de Gendarmer\u00eda Nacional (GNA) y que el cuerpo del joven fallecido sea trasladado al Instituto de Ciencias Forenses de Lomas de Zamora para la autopsia correspondiente.<\/p>\n\n\n\n<p class=\"wp-block-paragraph\">\u201cSe levantaron varios casquillos pero a\u00fan no se estableci\u00f3 la cantidad de disparos\u201d, agreg\u00f3 el pesquisa.<\/p>\n\n\n\n<p class=\"wp-block-paragraph\">Por su parte, el efectivo de la Polic\u00eda de la Ciudad fue aprehendido por el delito de \u201chomicidio\u201d hasta que la fiscal determine si se excedi\u00f3 o no en su accionar.<\/p>\n\n\n\n<p class=\"wp-block-paragraph\">Mientras que Coronel fue aprehendido por el delito de \u201crobo agravado por el uso de arma en grado de tentativa\u201d, por el intento de sustraer la motocicleta.<\/p>\n","protected":false},"excerpt":{"rendered":"<p>Un polic\u00eda de la Ciudad mat\u00f3 este domingo a balazos a un presunto \u201cmotochorro\u201d que intent\u00f3 robarle a un hombre, en la localidad bonaerense de Alejandro Korn, y qued\u00f3 aprehendido por homicidio mientras se investiga si se excedi\u00f3 en su accionar, informaron fuentes policiales y judiciales. El hecho ocurri\u00f3 esta ma\u00f1ana, cerca de las 10:25&hellip;<\/p>\n","protected":false},"author":1,"featured_media":113908,"comment_status":"open","ping_status":"open","sticky":false,"template":"","format":"standard","meta":{"footnotes":""},"categories":[22],"tags":[686,2971,2450,4026,24537],"class_list":["post-113907","post","type-post","status-publish","format-standard","has-post-thumbnail","hentry","category-policiales","tag-abatido","tag-alejandro-korn","tag-diario-el-sindical","tag-motochorro","tag-policia-de-la-ciudad"],"_links":{"self":[{"href":"https:\/\/www.elsindical.com.ar\/notas\/wp-json\/wp\/v2\/posts\/113907","targetHints":{"allow":["GET"]}}],"collection":[{"href":"https:\/\/www.elsindical.com.ar\/notas\/wp-json\/wp\/v2\/posts"}],"about":[{"href":"https:\/\/www.elsindical.com.ar\/notas\/wp-json\/wp\/v2\/types\/post"}],"author":[{"embeddable":true,"href":"https:\/\/www.elsindical.com.ar\/notas\/wp-json\/wp\/v2\/users\/1"}],"replies":[{"embeddable":true,"href":"https:\/\/www.elsindical.com.ar\/notas\/wp-json\/wp\/v2\/comments?post=113907"}],"version-history":[{"count":1,"href":"https:\/\/www.elsindical.com.ar\/notas\/wp-json\/wp\/v2\/posts\/113907\/revisions"}],"predecessor-version":[{"id":113909,"href":"https:\/\/www.elsindical.com.ar\/notas\/wp-json\/wp\/v2\/posts\/113907\/revisions\/113909"}],"wp:featuredmedia":[{"embeddable":true,"href":"https:\/\/www.elsindical.com.ar\/notas\/wp-json\/wp\/v2\/media\/113908"}],"wp:attachment":[{"href":"https:\/\/www.elsindical.com.ar\/notas\/wp-json\/wp\/v2\/media?parent=113907"}],"wp:term":[{"taxonomy":"category","embeddable":true,"href":"https:\/\/www.elsindical.com.ar\/notas\/wp-json\/wp\/v2\/categories?post=113907"},{"taxonomy":"post_tag","embeddable":true,"href":"https:\/\/www.elsindical.com.ar\/notas\/wp-json\/wp\/v2\/tags?post=113907"}],"curies":[{"name":"wp","href":"https:\/\/api.w.org\/{rel}","templated":true}]}}