{"id":113874,"date":"2022-05-28T15:43:25","date_gmt":"2022-05-28T18:43:25","guid":{"rendered":"https:\/\/www.elsindical.com.ar\/notas\/?p=113874"},"modified":"2022-05-28T15:43:26","modified_gmt":"2022-05-28T18:43:26","slug":"monte-grande-allanan-templo-y-detienen-a-pastor-denunciado-por-estafas","status":"publish","type":"post","link":"https:\/\/www.elsindical.com.ar\/notas\/monte-grande-allanan-templo-y-detienen-a-pastor-denunciado-por-estafas\/","title":{"rendered":"Monte Grande: Allanan templo y detienen a pastor denunciado por estafas"},"content":{"rendered":"\n<figure class=\"wp-block-image size-large\"><a href=\"https:\/\/www.elsindical.com.ar\/notas\/var\/www\/html\/notas\/wp-content\/uploads\/2022\/05\/pastor-estafador-detenido.jpg\"><img loading=\"lazy\" decoding=\"async\" width=\"1024\" height=\"576\" src=\"https:\/\/www.elsindical.com.ar\/notas\/var\/www\/html\/notas\/wp-content\/uploads\/2022\/05\/pastor-estafador-detenido-1024x576.jpg\" alt=\"\" class=\"wp-image-113875\" srcset=\"https:\/\/www.elsindical.com.ar\/notas\/var\/www\/html\/notas\/wp-content\/uploads\/2022\/05\/pastor-estafador-detenido-1024x576.jpg 1024w, https:\/\/www.elsindical.com.ar\/notas\/var\/www\/html\/notas\/wp-content\/uploads\/2022\/05\/pastor-estafador-detenido-300x169.jpg 300w, https:\/\/www.elsindical.com.ar\/notas\/var\/www\/html\/notas\/wp-content\/uploads\/2022\/05\/pastor-estafador-detenido-768x432.jpg 768w, https:\/\/www.elsindical.com.ar\/notas\/var\/www\/html\/notas\/wp-content\/uploads\/2022\/05\/pastor-estafador-detenido-500x281.jpg 500w, https:\/\/www.elsindical.com.ar\/notas\/var\/www\/html\/notas\/wp-content\/uploads\/2022\/05\/pastor-estafador-detenido-1536x864.jpg 1536w, https:\/\/www.elsindical.com.ar\/notas\/var\/www\/html\/notas\/wp-content\/uploads\/2022\/05\/pastor-estafador-detenido-2048x1152.jpg 2048w, https:\/\/www.elsindical.com.ar\/notas\/var\/www\/html\/notas\/wp-content\/uploads\/2022\/05\/pastor-estafador-detenido-460x260.jpg 460w\" sizes=\"auto, (max-width: 1024px) 100vw, 1024px\" \/><\/a><\/figure>\n\n\n\n<p>Fue apresado en un templo evang\u00e9lico. La denuncia es de una persona que reside en Chubut.<\/p>\n\n\n\n<p><strong>La Polic\u00eda de Seguridad Aeroportuaria realiz\u00f3 dos allanamientos en Monte Grande, partido de Esteban Echeverr\u00eda, y La Matanza, en una causa vinculada a una estafa online, donde se detuvo a dos personas<\/strong>, uno de ellos pastor evang\u00e9lico.<\/p>\n\n\n\n<p><strong>La investigaci\u00f3n comenz\u00f3 en abril pasado, a ra\u00edz de una denuncia de un hombre de la localidad de Lago Puelo, provincia del Chubut, que manifest\u00f3 haber comprado un p\u00falpito<\/strong> a trav\u00e9s de una reconocida plataforma de comercio electr\u00f3nico. Inmediatamente, la v\u00edctima, le transfiri\u00f3 34.000 pesos a una cuenta bancaria a nombre de una mujer, y <strong>luego de 60 d\u00edas el denunciante segu\u00eda sin recibir la compra<\/strong> por lo que se sinti\u00f3 estafado e hizo la correspondiente denuncia.<\/p>\n\n\n\n<p>Los oficiales a cargo de la b\u00fasqueda de los estafadores lograron establecer el lugar de residencia y movimientos de los sospechosos, <strong>uno de ellos pastor detenido en Monte Grande donde funciona un templo evang\u00e9lico y otro en una casa de La Matanza.<\/strong> Como consecuencia de los operativos efectuados en conjunto con efectivos de la Polic\u00eda de la Provincia de Buenos Aires, la PSA secuestr\u00f3 tres celulares, una notebook, cinco pendrives, seis discos r\u00edgidos, dos posnets, una tarjeta SIM y talonarios.<\/p>\n\n\n\n<p>La instrucci\u00f3n del caso estuvo a cargo del fiscal Agust\u00edn Hermosilla Quiroga de la Oficina \u00danica del Ministerio P\u00fablico Fiscal Lago Puelo, provincia del Chubut.<\/p>\n","protected":false},"excerpt":{"rendered":"<p>Fue apresado en un templo evang\u00e9lico. La denuncia es de una persona que reside en Chubut. La Polic\u00eda de Seguridad Aeroportuaria realiz\u00f3 dos allanamientos en Monte Grande, partido de Esteban Echeverr\u00eda, y La Matanza, en una causa vinculada a una estafa online, donde se detuvo a dos personas, uno de ellos pastor evang\u00e9lico. La investigaci\u00f3n&hellip;<\/p>\n","protected":false},"author":1,"featured_media":113875,"comment_status":"open","ping_status":"open","sticky":false,"template":"","format":"standard","meta":{"footnotes":""},"categories":[22],"tags":[2450,2704,1681,839,34706],"class_list":["post-113874","post","type-post","status-publish","format-standard","has-post-thumbnail","hentry","category-policiales","tag-diario-el-sindical","tag-estafas","tag-monte-grande","tag-psa","tag-templo"],"_links":{"self":[{"href":"https:\/\/www.elsindical.com.ar\/notas\/wp-json\/wp\/v2\/posts\/113874","targetHints":{"allow":["GET"]}}],"collection":[{"href":"https:\/\/www.elsindical.com.ar\/notas\/wp-json\/wp\/v2\/posts"}],"about":[{"href":"https:\/\/www.elsindical.com.ar\/notas\/wp-json\/wp\/v2\/types\/post"}],"author":[{"embeddable":true,"href":"https:\/\/www.elsindical.com.ar\/notas\/wp-json\/wp\/v2\/users\/1"}],"replies":[{"embeddable":true,"href":"https:\/\/www.elsindical.com.ar\/notas\/wp-json\/wp\/v2\/comments?post=113874"}],"version-history":[{"count":1,"href":"https:\/\/www.elsindical.com.ar\/notas\/wp-json\/wp\/v2\/posts\/113874\/revisions"}],"predecessor-version":[{"id":113876,"href":"https:\/\/www.elsindical.com.ar\/notas\/wp-json\/wp\/v2\/posts\/113874\/revisions\/113876"}],"wp:featuredmedia":[{"embeddable":true,"href":"https:\/\/www.elsindical.com.ar\/notas\/wp-json\/wp\/v2\/media\/113875"}],"wp:attachment":[{"href":"https:\/\/www.elsindical.com.ar\/notas\/wp-json\/wp\/v2\/media?parent=113874"}],"wp:term":[{"taxonomy":"category","embeddable":true,"href":"https:\/\/www.elsindical.com.ar\/notas\/wp-json\/wp\/v2\/categories?post=113874"},{"taxonomy":"post_tag","embeddable":true,"href":"https:\/\/www.elsindical.com.ar\/notas\/wp-json\/wp\/v2\/tags?post=113874"}],"curies":[{"name":"wp","href":"https:\/\/api.w.org\/{rel}","templated":true}]}}