{"id":11386,"date":"2010-12-18T01:49:15","date_gmt":"2010-12-18T04:49:15","guid":{"rendered":"http:\/\/www.elsindical.com.ar\/notas\/?p=11386"},"modified":"2010-12-18T01:49:15","modified_gmt":"2010-12-18T04:49:15","slug":"lomas-de-zamoratrabajadores-del-gandulfo-respaldan-al-director","status":"publish","type":"post","link":"https:\/\/www.elsindical.com.ar\/notas\/lomas-de-zamoratrabajadores-del-gandulfo-respaldan-al-director\/","title":{"rendered":"Lomas de Zamora:Trabajadores del Gandulfo respaldan al director"},"content":{"rendered":"<p style=\"text-align: justify;\"><em><a href=\"http:\/\/www.elsindical.com.ar\/notas\/var\/www\/html\/notas\/wp-content\/uploads\/2010\/12\/Dr.Carlos-Oviedo.jpg\"><img loading=\"lazy\" decoding=\"async\" class=\"alignleft size-medium wp-image-11387\" title=\"Dr.Carlos-Oviedo\" src=\"http:\/\/www.elsindical.com.ar\/notas\/var\/www\/html\/notas\/wp-content\/uploads\/2010\/12\/Dr.Carlos-Oviedo-300x168.jpg\" alt=\"\" width=\"300\" height=\"168\" srcset=\"https:\/\/www.elsindical.com.ar\/notas\/var\/www\/html\/notas\/wp-content\/uploads\/2010\/12\/Dr.Carlos-Oviedo-300x168.jpg 300w, https:\/\/www.elsindical.com.ar\/notas\/var\/www\/html\/notas\/wp-content\/uploads\/2010\/12\/Dr.Carlos-Oviedo.jpg 443w\" sizes=\"auto, (max-width: 300px) 100vw, 300px\" \/><\/a>Los trabajadores del Hospital Gandulfo del partido bonaerense de Lomas de Zamora emitieron un comunicado para respaldar al director del nosocomio, Carlos Oviedo, en tanto la Asociaci\u00f3n Madres de Plaza de Mayo y la Secretar\u00eda de Derechos Humanos de la Naci\u00f3n tambi\u00e9n defendieron el mantenimiento del funcionario en su cargo.<\/em><\/p>\n<p style=\"text-align: justify;\">Adem\u00e1s, los trabajadores realizaron este viernes a las 10:00 hs.\u00a0un abrazo solidario al hospital, y un festival en defensa de la salud p\u00fablica y de la continuidad del director del centro asistencial.<\/p>\n<p style=\"text-align: justify;\">\u00abAnte el pedido de renuncia que el ministro de Salud bonaerense (Alejandro Collia) le hiciese a Oviedo, la comunidad hospitalaria junto con diferentes movimientos sociales y pol\u00edticos, ratifica la importancia de la continuidad de la gesti\u00f3n transformadora que lleva adelante junto con su equipo\u00bb, expresan en el comunicado.<\/p>\n<p style=\"text-align: justify;\">Adem\u00e1s, consideraron el pedido de renuncia \u00abcomo parte del plan para desestabilizar al Gobierno Nacional\u00bb, al tiempo que exige que \u00abel Ministro de Salud retroceda con el pedido de renuncia, para poder continuar profundizando desde el Hospital Gandulfo un modelo de gesti\u00f3n que garantiza el derecho a la salud de todos\u00bb.<\/p>\n<p style=\"text-align: justify;\">En tanto, Hebe de Bonafini envi\u00f3 una carta al ministro Collia en la que expres\u00f3 su apoyo \u00abincondicional\u00bb a Oviedo, quien -asever\u00f3- dio \u00abmuestras de integridad, sabidur\u00eda y solidaridad\u00bb.<\/p>\n<p style=\"text-align: justify;\">Por su parte, la Secretar\u00eda de Derechos Humanos de la Naci\u00f3n manifest\u00f3 a trav\u00e9s de un comunicado \u00absu preocupaci\u00f3n por la situaci\u00f3n institucional que atraviesa la Direcci\u00f3n Ejecutiva y los trabajadores del Hospital Gandulfo\u00bb.<\/p>\n","protected":false},"excerpt":{"rendered":"<p>Los trabajadores del Hospital Gandulfo del partido bonaerense de Lomas de Zamora emitieron un comunicado para respaldar al director del nosocomio, Carlos Oviedo, en tanto la Asociaci\u00f3n Madres de Plaza de Mayo y la Secretar\u00eda de Derechos Humanos de la Naci\u00f3n tambi\u00e9n defendieron el mantenimiento del funcionario en su cargo. Adem\u00e1s, los trabajadores realizaron este&hellip;<\/p>\n","protected":false},"author":1,"featured_media":0,"comment_status":"open","ping_status":"open","sticky":false,"template":"","format":"standard","meta":{"footnotes":""},"categories":[16],"tags":[371,5431,5430,744,125],"class_list":["post-11386","post","type-post","status-publish","format-standard","hentry","category-gremiales","tag-autoridades","tag-carlos-oviedo","tag-hospital-gandulfo","tag-lomas-de-zamora","tag-trabajadores"],"_links":{"self":[{"href":"https:\/\/www.elsindical.com.ar\/notas\/wp-json\/wp\/v2\/posts\/11386","targetHints":{"allow":["GET"]}}],"collection":[{"href":"https:\/\/www.elsindical.com.ar\/notas\/wp-json\/wp\/v2\/posts"}],"about":[{"href":"https:\/\/www.elsindical.com.ar\/notas\/wp-json\/wp\/v2\/types\/post"}],"author":[{"embeddable":true,"href":"https:\/\/www.elsindical.com.ar\/notas\/wp-json\/wp\/v2\/users\/1"}],"replies":[{"embeddable":true,"href":"https:\/\/www.elsindical.com.ar\/notas\/wp-json\/wp\/v2\/comments?post=11386"}],"version-history":[{"count":1,"href":"https:\/\/www.elsindical.com.ar\/notas\/wp-json\/wp\/v2\/posts\/11386\/revisions"}],"predecessor-version":[{"id":11388,"href":"https:\/\/www.elsindical.com.ar\/notas\/wp-json\/wp\/v2\/posts\/11386\/revisions\/11388"}],"wp:attachment":[{"href":"https:\/\/www.elsindical.com.ar\/notas\/wp-json\/wp\/v2\/media?parent=11386"}],"wp:term":[{"taxonomy":"category","embeddable":true,"href":"https:\/\/www.elsindical.com.ar\/notas\/wp-json\/wp\/v2\/categories?post=11386"},{"taxonomy":"post_tag","embeddable":true,"href":"https:\/\/www.elsindical.com.ar\/notas\/wp-json\/wp\/v2\/tags?post=11386"}],"curies":[{"name":"wp","href":"https:\/\/api.w.org\/{rel}","templated":true}]}}