{"id":113854,"date":"2022-05-27T13:15:21","date_gmt":"2022-05-27T16:15:21","guid":{"rendered":"https:\/\/www.elsindical.com.ar\/notas\/?p=113854"},"modified":"2022-05-27T13:15:22","modified_gmt":"2022-05-27T16:15:22","slug":"leopoldo-moreau-es-increible-que-stornelli-siga-siendo-fiscal","status":"publish","type":"post","link":"https:\/\/www.elsindical.com.ar\/notas\/leopoldo-moreau-es-increible-que-stornelli-siga-siendo-fiscal\/","title":{"rendered":"Leopoldo Moreau: \u201cES INCRE\u00cdBLE QUE STORNELLI SIGA SIENDO FISCAL\u201d"},"content":{"rendered":"<div class=\"wp-block-image\">\n<figure class=\"aligncenter size-full is-resized\"><a href=\"https:\/\/www.elsindical.com.ar\/notas\/var\/www\/html\/notas\/wp-content\/uploads\/2022\/05\/Stornelli-y-el-espionaje.jpg\"><img loading=\"lazy\" decoding=\"async\" src=\"https:\/\/www.elsindical.com.ar\/notas\/var\/www\/html\/notas\/wp-content\/uploads\/2022\/05\/Stornelli-y-el-espionaje.jpg\" alt=\"\" class=\"wp-image-113855\" width=\"727\" height=\"478\" srcset=\"https:\/\/www.elsindical.com.ar\/notas\/var\/www\/html\/notas\/wp-content\/uploads\/2022\/05\/Stornelli-y-el-espionaje.jpg 548w, https:\/\/www.elsindical.com.ar\/notas\/var\/www\/html\/notas\/wp-content\/uploads\/2022\/05\/Stornelli-y-el-espionaje-300x197.jpg 300w, https:\/\/www.elsindical.com.ar\/notas\/var\/www\/html\/notas\/wp-content\/uploads\/2022\/05\/Stornelli-y-el-espionaje-457x300.jpg 457w\" sizes=\"auto, (max-width: 727px) 100vw, 727px\" \/><\/a><\/figure>\n<\/div>\n\n\n<p>A pesar de no tener ninguna notificaci\u00f3n oficial, me enter\u00e9 por medios period\u00edsticos que el fiscal Carlos Stornelli tiene la intenci\u00f3n de imputarme por una denuncia a ra\u00edz de decisiones adoptadas en la Comisi\u00f3n Bicameral de Fiscalizaci\u00f3n de Organismos y Actividades de Inteligencia.<\/p>\n\n\n\n<p>Hay dos razones por las cuales Stornelli no podr\u00eda impulsar una causa de este tipo. La primera de ellas es que el tema no es judiciable dado que se trata de facultades otorgadas a la CBI por la Ley 25520 y decisiones adoptadas en virtud del Reglamento y Resoluciones de esta Comisi\u00f3n bicameral, sobre la que no puede haber injerencia de otro poder.<\/p>\n\n\n\n<p>La otra raz\u00f3n por la cual Stornelli no puede intervenir es porque carece de objetividad ya que, cuando formul\u00e9 la denuncia en el Congreso contra la banda de espionaje y extorsiones que encabezaba Marcelo D\u2019 Alessio, esto incluy\u00f3 al fiscal Stornelli, que no s\u00f3lo qued\u00f3 doblemente procesado por intentar, con su c\u00f3mplice D\u2019 Alessio, emboscar a un abogado defensor haci\u00e9ndole una c\u00e1mara oculta, sino que, adem\u00e1s, su inconducta est\u00e1 reflejada en el informe final titulado El Estado mafioso, que public\u00f3 la Comisi\u00f3n bicameral que presido, referido a pr\u00e1cticas de espionaje ilegal.<\/p>\n\n\n\n<p>Tambi\u00e9n, en mi car\u00e1cter de legislador nacional, en el a\u00f1o 2020 promov\u00ed, en el seno de la Comisi\u00f3n de Seguimiento de la Procuraci\u00f3n fiscal, sanciones contra Stornelli, que en nueve oportunidades se neg\u00f3 a presentarse, por requerimiento judicial, en una declaraci\u00f3n indagatoria.<\/p>\n\n\n\n<p>Y, por \u00faltimo, Stornelli no puede actuar con imparcialidad porque el 6 de octubre de 2020, en el Diario Perfil, tuvo manifestaciones cr\u00edticas y descalificatorias hacia mi persona.<\/p>\n\n\n\n<p>Lo incre\u00edble no es que pretenda imputarme. Lo incre\u00edble es que Stornelli siga siendo fiscal.<\/p>\n\n\n\n<p>CABA, 26 de mayo de 2022<\/p>\n\n\n\n<p>LEOPOLDO MOREAU<\/p>\n\n\n\n<p>Presidente de la COMISION BICAMERAL de FISCALIZACI\u00d3N de ORGANISMOS y ACTIVIDADES DE INTELIGENCIA<\/p>\n\n\n\n<p>H. Congreso de la Naci\u00f3n<\/p>\n","protected":false},"excerpt":{"rendered":"<p>A pesar de no tener ninguna notificaci\u00f3n oficial, me enter\u00e9 por medios period\u00edsticos que el fiscal Carlos Stornelli tiene la intenci\u00f3n de imputarme por una denuncia a ra\u00edz de decisiones adoptadas en la Comisi\u00f3n Bicameral de Fiscalizaci\u00f3n de Organismos y Actividades de Inteligencia. Hay dos razones por las cuales Stornelli no podr\u00eda impulsar una causa&hellip;<\/p>\n","protected":false},"author":1,"featured_media":113855,"comment_status":"open","ping_status":"open","sticky":false,"template":"","format":"standard","meta":{"footnotes":""},"categories":[13],"tags":[28472,175,2450,6693,824,21313,37302,30709],"class_list":["post-113854","post","type-post","status-publish","format-standard","has-post-thumbnail","hentry","category-politica","tag-cbi","tag-denuncia","tag-diario-el-sindical","tag-fiscal-federal-carlos-stornelli","tag-legislador","tag-leopoldo-moreau","tag-ley-25520","tag-red-de-espionaje"],"_links":{"self":[{"href":"https:\/\/www.elsindical.com.ar\/notas\/wp-json\/wp\/v2\/posts\/113854","targetHints":{"allow":["GET"]}}],"collection":[{"href":"https:\/\/www.elsindical.com.ar\/notas\/wp-json\/wp\/v2\/posts"}],"about":[{"href":"https:\/\/www.elsindical.com.ar\/notas\/wp-json\/wp\/v2\/types\/post"}],"author":[{"embeddable":true,"href":"https:\/\/www.elsindical.com.ar\/notas\/wp-json\/wp\/v2\/users\/1"}],"replies":[{"embeddable":true,"href":"https:\/\/www.elsindical.com.ar\/notas\/wp-json\/wp\/v2\/comments?post=113854"}],"version-history":[{"count":1,"href":"https:\/\/www.elsindical.com.ar\/notas\/wp-json\/wp\/v2\/posts\/113854\/revisions"}],"predecessor-version":[{"id":113856,"href":"https:\/\/www.elsindical.com.ar\/notas\/wp-json\/wp\/v2\/posts\/113854\/revisions\/113856"}],"wp:featuredmedia":[{"embeddable":true,"href":"https:\/\/www.elsindical.com.ar\/notas\/wp-json\/wp\/v2\/media\/113855"}],"wp:attachment":[{"href":"https:\/\/www.elsindical.com.ar\/notas\/wp-json\/wp\/v2\/media?parent=113854"}],"wp:term":[{"taxonomy":"category","embeddable":true,"href":"https:\/\/www.elsindical.com.ar\/notas\/wp-json\/wp\/v2\/categories?post=113854"},{"taxonomy":"post_tag","embeddable":true,"href":"https:\/\/www.elsindical.com.ar\/notas\/wp-json\/wp\/v2\/tags?post=113854"}],"curies":[{"name":"wp","href":"https:\/\/api.w.org\/{rel}","templated":true}]}}