{"id":113830,"date":"2022-05-27T10:17:49","date_gmt":"2022-05-27T13:17:49","guid":{"rendered":"https:\/\/www.elsindical.com.ar\/notas\/?p=113830"},"modified":"2022-05-27T10:23:08","modified_gmt":"2022-05-27T13:23:08","slug":"silvia-martinic-presente","status":"publish","type":"post","link":"https:\/\/www.elsindical.com.ar\/notas\/silvia-martinic-presente\/","title":{"rendered":"Silvia Martinic, presente!!!"},"content":{"rendered":"<div class=\"wp-block-image\">\n<figure class=\"aligncenter size-full\"><a href=\"https:\/\/www.elsindical.com.ar\/notas\/var\/www\/html\/notas\/wp-content\/uploads\/2022\/05\/Silvia-Martinic-1.jpg\"><img loading=\"lazy\" decoding=\"async\" width=\"720\" height=\"531\" src=\"https:\/\/www.elsindical.com.ar\/notas\/var\/www\/html\/notas\/wp-content\/uploads\/2022\/05\/Silvia-Martinic-1.jpg\" alt=\"\" class=\"wp-image-113831\" srcset=\"https:\/\/www.elsindical.com.ar\/notas\/var\/www\/html\/notas\/wp-content\/uploads\/2022\/05\/Silvia-Martinic-1.jpg 720w, https:\/\/www.elsindical.com.ar\/notas\/var\/www\/html\/notas\/wp-content\/uploads\/2022\/05\/Silvia-Martinic-1-300x221.jpg 300w, https:\/\/www.elsindical.com.ar\/notas\/var\/www\/html\/notas\/wp-content\/uploads\/2022\/05\/Silvia-Martinic-1-407x300.jpg 407w\" sizes=\"auto, (max-width: 720px) 100vw, 720px\" \/><\/a><\/figure>\n<\/div>\n\n\n<p class=\"wp-block-paragraph\">   Desde este medio queremos dejar un recuerdo de Silvia Martinic, una mujer solidaria e inquieta, lamentamos su pronta partida y el no haber tenido la oportunidad de despedirla, como nadie ha sido una defensora de los derechos de los pacientes del Hospital Borda, trabaj\u00f3 por su barrio Dock Sud poniendo en valores esquinas y murales, madrina de necesitados del Chaco a los que enviaba las donaciones, una trabajadora incansable y una artista.<\/p>\n\n\n\n<figure class=\"wp-block-gallery has-nested-images columns-1 is-cropped wp-block-gallery-1 is-layout-flex wp-block-gallery-is-layout-flex\">\n<figure class=\"wp-block-image size-large\"><a href=\"https:\/\/www.elsindical.com.ar\/notas\/var\/www\/html\/notas\/wp-content\/uploads\/2022\/05\/Silvia-M-2.jpg\"><img loading=\"lazy\" decoding=\"async\" width=\"480\" height=\"480\" data-id=\"113833\" src=\"https:\/\/www.elsindical.com.ar\/notas\/var\/www\/html\/notas\/wp-content\/uploads\/2022\/05\/Silvia-M-2.jpg\" alt=\"\" class=\"wp-image-113833\" srcset=\"https:\/\/www.elsindical.com.ar\/notas\/var\/www\/html\/notas\/wp-content\/uploads\/2022\/05\/Silvia-M-2.jpg 480w, https:\/\/www.elsindical.com.ar\/notas\/var\/www\/html\/notas\/wp-content\/uploads\/2022\/05\/Silvia-M-2-300x300.jpg 300w, https:\/\/www.elsindical.com.ar\/notas\/var\/www\/html\/notas\/wp-content\/uploads\/2022\/05\/Silvia-M-2-150x150.jpg 150w, https:\/\/www.elsindical.com.ar\/notas\/var\/www\/html\/notas\/wp-content\/uploads\/2022\/05\/Silvia-M-2-50x50.jpg 50w\" sizes=\"auto, (max-width: 480px) 100vw, 480px\" \/><\/a><\/figure>\n\n\n\n<figure class=\"wp-block-image size-large\"><a href=\"https:\/\/www.elsindical.com.ar\/notas\/var\/www\/html\/notas\/wp-content\/uploads\/2022\/05\/Silvia-Proyectos-So.jpg\"><img loading=\"lazy\" decoding=\"async\" width=\"419\" height=\"413\" data-id=\"113834\" src=\"https:\/\/www.elsindical.com.ar\/notas\/var\/www\/html\/notas\/wp-content\/uploads\/2022\/05\/Silvia-Proyectos-So.jpg\" alt=\"\" class=\"wp-image-113834\" srcset=\"https:\/\/www.elsindical.com.ar\/notas\/var\/www\/html\/notas\/wp-content\/uploads\/2022\/05\/Silvia-Proyectos-So.jpg 419w, https:\/\/www.elsindical.com.ar\/notas\/var\/www\/html\/notas\/wp-content\/uploads\/2022\/05\/Silvia-Proyectos-So-300x296.jpg 300w, https:\/\/www.elsindical.com.ar\/notas\/var\/www\/html\/notas\/wp-content\/uploads\/2022\/05\/Silvia-Proyectos-So-304x300.jpg 304w, https:\/\/www.elsindical.com.ar\/notas\/var\/www\/html\/notas\/wp-content\/uploads\/2022\/05\/Silvia-Proyectos-So-50x50.jpg 50w\" sizes=\"auto, (max-width: 419px) 100vw, 419px\" \/><\/a><\/figure>\n\n\n\n<figure class=\"wp-block-image size-large\"><a href=\"https:\/\/www.elsindical.com.ar\/notas\/var\/www\/html\/notas\/wp-content\/uploads\/2022\/05\/Silvia-M-3.jpg\"><img loading=\"lazy\" decoding=\"async\" width=\"575\" height=\"1024\" data-id=\"113837\" src=\"https:\/\/www.elsindical.com.ar\/notas\/var\/www\/html\/notas\/wp-content\/uploads\/2022\/05\/Silvia-M-3-575x1024.jpg\" alt=\"\" class=\"wp-image-113837\" srcset=\"https:\/\/www.elsindical.com.ar\/notas\/var\/www\/html\/notas\/wp-content\/uploads\/2022\/05\/Silvia-M-3-575x1024.jpg 575w, https:\/\/www.elsindical.com.ar\/notas\/var\/www\/html\/notas\/wp-content\/uploads\/2022\/05\/Silvia-M-3-169x300.jpg 169w, https:\/\/www.elsindical.com.ar\/notas\/var\/www\/html\/notas\/wp-content\/uploads\/2022\/05\/Silvia-M-3-768x1367.jpg 768w, https:\/\/www.elsindical.com.ar\/notas\/var\/www\/html\/notas\/wp-content\/uploads\/2022\/05\/Silvia-M-3.jpg 809w\" sizes=\"auto, (max-width: 575px) 100vw, 575px\" \/><\/a><\/figure>\n\n\n\n<figure class=\"wp-block-image size-large\"><a href=\"https:\/\/www.elsindical.com.ar\/notas\/var\/www\/html\/notas\/wp-content\/uploads\/2022\/05\/Silvia-M-4.jpg\"><img loading=\"lazy\" decoding=\"async\" width=\"888\" height=\"499\" data-id=\"113835\" src=\"https:\/\/www.elsindical.com.ar\/notas\/var\/www\/html\/notas\/wp-content\/uploads\/2022\/05\/Silvia-M-4.jpg\" alt=\"\" class=\"wp-image-113835\" srcset=\"https:\/\/www.elsindical.com.ar\/notas\/var\/www\/html\/notas\/wp-content\/uploads\/2022\/05\/Silvia-M-4.jpg 888w, https:\/\/www.elsindical.com.ar\/notas\/var\/www\/html\/notas\/wp-content\/uploads\/2022\/05\/Silvia-M-4-300x169.jpg 300w, https:\/\/www.elsindical.com.ar\/notas\/var\/www\/html\/notas\/wp-content\/uploads\/2022\/05\/Silvia-M-4-768x432.jpg 768w, https:\/\/www.elsindical.com.ar\/notas\/var\/www\/html\/notas\/wp-content\/uploads\/2022\/05\/Silvia-M-4-500x281.jpg 500w\" sizes=\"auto, (max-width: 888px) 100vw, 888px\" \/><\/a><\/figure>\n\n\n\n<figure class=\"wp-block-image size-large\"><a href=\"https:\/\/www.elsindical.com.ar\/notas\/var\/www\/html\/notas\/wp-content\/uploads\/2022\/05\/Silvia-M-5.jpg\"><img loading=\"lazy\" decoding=\"async\" width=\"960\" height=\"676\" data-id=\"113836\" src=\"https:\/\/www.elsindical.com.ar\/notas\/var\/www\/html\/notas\/wp-content\/uploads\/2022\/05\/Silvia-M-5.jpg\" alt=\"\" class=\"wp-image-113836\" srcset=\"https:\/\/www.elsindical.com.ar\/notas\/var\/www\/html\/notas\/wp-content\/uploads\/2022\/05\/Silvia-M-5.jpg 960w, https:\/\/www.elsindical.com.ar\/notas\/var\/www\/html\/notas\/wp-content\/uploads\/2022\/05\/Silvia-M-5-300x211.jpg 300w, https:\/\/www.elsindical.com.ar\/notas\/var\/www\/html\/notas\/wp-content\/uploads\/2022\/05\/Silvia-M-5-768x541.jpg 768w, https:\/\/www.elsindical.com.ar\/notas\/var\/www\/html\/notas\/wp-content\/uploads\/2022\/05\/Silvia-M-5-426x300.jpg 426w\" sizes=\"auto, (max-width: 960px) 100vw, 960px\" \/><\/a><\/figure>\n<\/figure>\n\n\n\n<p class=\"wp-block-paragraph\">Silvia ha sido en mi vida una de esas personas que conocerlas te cambia para bien, solo puedo pensar en una canci\u00f3n de Las Pelotas que dice \u00abDestino d\u00f3nde estar\u00e1s que est\u00e9s sonriendo &#8230;\u00bb, gracias por tanto, te llevas un pedazo de la historia de muchos.<\/p>\n\n\n<div class=\"wp-block-image\">\n<figure class=\"aligncenter size-full\"><a href=\"https:\/\/www.elsindical.com.ar\/notas\/var\/www\/html\/notas\/wp-content\/uploads\/2022\/05\/Silvia-M.jpg\"><img loading=\"lazy\" decoding=\"async\" width=\"522\" height=\"646\" src=\"https:\/\/www.elsindical.com.ar\/notas\/var\/www\/html\/notas\/wp-content\/uploads\/2022\/05\/Silvia-M.jpg\" alt=\"\" class=\"wp-image-113832\" srcset=\"https:\/\/www.elsindical.com.ar\/notas\/var\/www\/html\/notas\/wp-content\/uploads\/2022\/05\/Silvia-M.jpg 522w, https:\/\/www.elsindical.com.ar\/notas\/var\/www\/html\/notas\/wp-content\/uploads\/2022\/05\/Silvia-M-242x300.jpg 242w\" sizes=\"auto, (max-width: 522px) 100vw, 522px\" \/><\/a><\/figure>\n<\/div>\n\n\n<p class=\"wp-block-paragraph\"><strong><em>\u00abEl d\u00eda que muera por favor no me digan vuela alto<\/em><\/strong><\/p>\n\n\n\n<p class=\"wp-block-paragraph\"><strong><em>Ni mucho menos descansa en paz ni era un ser de luz ni esas cosas q odio porq yo no quiero ni volar ni descansar<\/em><\/strong><\/p>\n\n\n\n<p class=\"wp-block-paragraph\"><strong><em>Ser\u00e9 un alma en la tierra y seguir\u00e9 mi libertad sin pagar pasaje para ayudar a los ni\u00f1os a las familias sufridas yo no me voy yo me quedo en otra forma pero voy a estar para cuidar a mi familia mi tierra har\u00e9 brotar frutales y vegetales xq Dios m ayudar\u00e1 y as\u00ed<\/em><\/strong><\/p>\n\n\n\n<p class=\"wp-block-paragraph\"><strong><em>Podr\u00e1n comer los q ya no tendr\u00e1n q revolver la basura si yo m quedo ac\u00e1 y otros como yo quieran hacerlo<\/em><\/strong><\/p>\n\n\n\n<p class=\"wp-block-paragraph\"><strong><em>No se asusten no voy a ser fantasma voy a ser yo tratando como siempre \u00abayudar\u00bb pero ya saben no m digan q vuele alto.<\/em><\/strong><\/p>\n\n\n\n<p class=\"wp-block-paragraph\"><strong><em>Lo escribo para q lo tengan presente voy a luchar ac\u00e1 y all\u00e1 no quiero descansar &#8230;<\/em><\/strong><\/p>\n\n\n\n<p class=\"wp-block-paragraph\"><strong><em>Tengan fe todo puede mejorar si el ego\u00edsmo muere de verdad si las ambiciones desmedidas se queman Si miras al otro y pones empat\u00eda As\u00ed q mi trato con Dios ya est\u00e1 hablado (esto ser\u00eda como mi testamento publico claramente ) pero bueno el hombre propone y Dios dispone AMEN\u00bb<\/em><\/strong><\/p>\n\n\n\n<p class=\"wp-block-paragraph\"><strong>Escrito por Silvia Martinic<\/strong><\/p>\n\n\n\n<figure class=\"wp-block-embed is-type-video is-provider-youtube wp-block-embed-youtube wp-embed-aspect-16-9 wp-has-aspect-ratio\"><div class=\"wp-block-embed__wrapper\">\n<iframe loading=\"lazy\" title=\"Silvia Martinic presente!!\" width=\"700\" height=\"394\" src=\"https:\/\/www.youtube.com\/embed\/5BFSuMVsFa0?feature=oembed\" frameborder=\"0\" allow=\"accelerometer; autoplay; clipboard-write; encrypted-media; gyroscope; picture-in-picture\" allowfullscreen><\/iframe>\n<\/div><\/figure>\n","protected":false},"excerpt":{"rendered":"<p>Desde este medio queremos dejar un recuerdo de Silvia Martinic, una mujer solidaria e inquieta, lamentamos su pronta partida y el no haber tenido la oportunidad de despedirla, como nadie ha sido una defensora de los derechos de los pacientes del Hospital Borda, trabaj\u00f3 por su barrio Dock Sud poniendo en valores esquinas y murales,&hellip;<\/p>\n","protected":false},"author":1,"featured_media":113831,"comment_status":"open","ping_status":"open","sticky":false,"template":"","format":"standard","meta":{"footnotes":""},"categories":[24,26],"tags":[2876,461,255,2450,3028,2691,1043,15759,22261,4758],"class_list":["post-113830","post","type-post","status-publish","format-standard","has-post-thumbnail","hentry","category-sociales","category-solidaridad","tag-artista","tag-avellaneda","tag-chaco","tag-diario-el-sindical","tag-dock-sud","tag-hospital-borda","tag-ong","tag-proyectos-solidarios","tag-silvia-martinic","tag-solidaridad-2"],"_links":{"self":[{"href":"https:\/\/www.elsindical.com.ar\/notas\/wp-json\/wp\/v2\/posts\/113830","targetHints":{"allow":["GET"]}}],"collection":[{"href":"https:\/\/www.elsindical.com.ar\/notas\/wp-json\/wp\/v2\/posts"}],"about":[{"href":"https:\/\/www.elsindical.com.ar\/notas\/wp-json\/wp\/v2\/types\/post"}],"author":[{"embeddable":true,"href":"https:\/\/www.elsindical.com.ar\/notas\/wp-json\/wp\/v2\/users\/1"}],"replies":[{"embeddable":true,"href":"https:\/\/www.elsindical.com.ar\/notas\/wp-json\/wp\/v2\/comments?post=113830"}],"version-history":[{"count":2,"href":"https:\/\/www.elsindical.com.ar\/notas\/wp-json\/wp\/v2\/posts\/113830\/revisions"}],"predecessor-version":[{"id":113839,"href":"https:\/\/www.elsindical.com.ar\/notas\/wp-json\/wp\/v2\/posts\/113830\/revisions\/113839"}],"wp:featuredmedia":[{"embeddable":true,"href":"https:\/\/www.elsindical.com.ar\/notas\/wp-json\/wp\/v2\/media\/113831"}],"wp:attachment":[{"href":"https:\/\/www.elsindical.com.ar\/notas\/wp-json\/wp\/v2\/media?parent=113830"}],"wp:term":[{"taxonomy":"category","embeddable":true,"href":"https:\/\/www.elsindical.com.ar\/notas\/wp-json\/wp\/v2\/categories?post=113830"},{"taxonomy":"post_tag","embeddable":true,"href":"https:\/\/www.elsindical.com.ar\/notas\/wp-json\/wp\/v2\/tags?post=113830"}],"curies":[{"name":"wp","href":"https:\/\/api.w.org\/{rel}","templated":true}]}}