{"id":113777,"date":"2022-05-25T11:34:03","date_gmt":"2022-05-25T14:34:03","guid":{"rendered":"https:\/\/www.elsindical.com.ar\/notas\/?p=113777"},"modified":"2022-05-25T11:34:04","modified_gmt":"2022-05-25T14:34:04","slug":"lanus-una-obra-redonda-la-historia-de-los-redondos-en-clave-teatral","status":"publish","type":"post","link":"https:\/\/www.elsindical.com.ar\/notas\/lanus-una-obra-redonda-la-historia-de-los-redondos-en-clave-teatral\/","title":{"rendered":"Lan\u00fas: Una Obra Redonda, la historia de Los Redondos en clave teatral"},"content":{"rendered":"<div class=\"wp-block-image\">\n<figure class=\"aligncenter size-full\"><a href=\"https:\/\/www.elsindical.com.ar\/notas\/var\/www\/html\/notas\/wp-content\/uploads\/2022\/05\/Obra-Redonda-en-Lanus.jpg\"><img loading=\"lazy\" decoding=\"async\" width=\"680\" height=\"680\" src=\"https:\/\/www.elsindical.com.ar\/notas\/var\/www\/html\/notas\/wp-content\/uploads\/2022\/05\/Obra-Redonda-en-Lanus.jpg\" alt=\"\" class=\"wp-image-113778\" srcset=\"https:\/\/www.elsindical.com.ar\/notas\/var\/www\/html\/notas\/wp-content\/uploads\/2022\/05\/Obra-Redonda-en-Lanus.jpg 680w, https:\/\/www.elsindical.com.ar\/notas\/var\/www\/html\/notas\/wp-content\/uploads\/2022\/05\/Obra-Redonda-en-Lanus-300x300.jpg 300w, https:\/\/www.elsindical.com.ar\/notas\/var\/www\/html\/notas\/wp-content\/uploads\/2022\/05\/Obra-Redonda-en-Lanus-150x150.jpg 150w, https:\/\/www.elsindical.com.ar\/notas\/var\/www\/html\/notas\/wp-content\/uploads\/2022\/05\/Obra-Redonda-en-Lanus-50x50.jpg 50w\" sizes=\"auto, (max-width: 680px) 100vw, 680px\" \/><\/a><\/figure>\n<\/div>\n\n\n<p class=\"wp-block-paragraph\">Tras cerrar 2021 con una funci\u00f3n <em>sold out <\/em>en La Trastienda de Buenos Aires,<strong> la puesta teatral que homenajea vida y obra de Patricio Rey y sus Redonditos de Ricota<\/strong> a partir de rutinas, performances, audiovisuales, relato hist\u00f3rico y una banda en vivo, comenz\u00f3 la gira 2022 en La Matanza y <strong>este s\u00e1bado 28 de mayo se presentar\u00e1n en El Cultural \u2013 Sala Bar en Avenida 9 de Julio, 1558 en Lan\u00fas.<\/strong><\/p>\n\n\n\n<p class=\"wp-block-paragraph\">Con 20 artistas en escena, <strong>la obra recrea momentos notables y conmovedores de la historia del grupo:<\/strong> la atm\u00f3sfera se transforma y el p\u00fablico toma el pulso de shows memorables y per\u00edodos que atravesaron a diferentes generaciones.<\/p>\n\n\n\n<p class=\"wp-block-paragraph\"><strong>\u201cArrancamos con todo en San Justo, que es un lugar donde la obra explot\u00f3 y tuvo una de sus funciones m\u00e1s calientes\u201d,<\/strong>\u00a0remarc\u00f3 Fernando Casas, guionista y uno de los protagonistas de la obra.<\/p>\n\n\n\n<p class=\"wp-block-paragraph\">Cabe recordar que entre el <strong>1 y el 3 de mayo de 1992,<\/strong> Los Redondos realizaron tres conciertos hist\u00f3ricos en el predio de Avenida 9 de Julio. El Indio Solari se hizo presente e hizo estallar, a puro rock nacional, el Microestadio de Lan\u00fas. As\u00ed, los integrantes de <strong>Una Obra Redonda <\/strong>fueron invitados para participar del acto oficial del Club en un recordatorio de los treinta a\u00f1os de ese famoso e hist\u00f3rico shows de los Redondos.<\/p>\n\n\n\n<p class=\"wp-block-paragraph\"><strong>\u201cLan\u00fas este a\u00f1o nos dio mucho, nos hicieron participes del acto oficial del Club Lan\u00fas, pusimos una placa recordatoria, se proyect\u00f3 parte del recital de los Redondos en la puerta,<\/strong> tambi\u00e9n particip\u00f3 el coro de Lan\u00fas cantando canciones de los Redondos\u201d, cont\u00f3 Casa. Tambi\u00e9n, la gente pint\u00f3 un mural con el logotipo de de la obra y se tocaron unos temas de la legendaria banda \u201cla gente termin\u00f3 pogueando y bailando en la calle que se hab\u00eda cortado para el evento\u201d finaliz\u00f3 Fernando.<\/p>\n\n\n\n<p class=\"wp-block-paragraph\"><\/p>\n\n\n\n<figure class=\"wp-block-gallery has-nested-images columns-1 is-cropped wp-block-gallery-1 is-layout-flex wp-block-gallery-is-layout-flex\">\n<figure class=\"wp-block-image size-large\"><a href=\"https:\/\/www.elsindical.com.ar\/notas\/var\/www\/html\/notas\/wp-content\/uploads\/2022\/05\/Obra-Redonda-1.jpeg\"><img loading=\"lazy\" decoding=\"async\" width=\"1024\" height=\"682\" data-id=\"113780\" src=\"https:\/\/www.elsindical.com.ar\/notas\/var\/www\/html\/notas\/wp-content\/uploads\/2022\/05\/Obra-Redonda-1-1024x682.jpeg\" alt=\"\" class=\"wp-image-113780\" srcset=\"https:\/\/www.elsindical.com.ar\/notas\/var\/www\/html\/notas\/wp-content\/uploads\/2022\/05\/Obra-Redonda-1-1024x682.jpeg 1024w, https:\/\/www.elsindical.com.ar\/notas\/var\/www\/html\/notas\/wp-content\/uploads\/2022\/05\/Obra-Redonda-1-300x200.jpeg 300w, https:\/\/www.elsindical.com.ar\/notas\/var\/www\/html\/notas\/wp-content\/uploads\/2022\/05\/Obra-Redonda-1-768x512.jpeg 768w, https:\/\/www.elsindical.com.ar\/notas\/var\/www\/html\/notas\/wp-content\/uploads\/2022\/05\/Obra-Redonda-1-450x300.jpeg 450w, https:\/\/www.elsindical.com.ar\/notas\/var\/www\/html\/notas\/wp-content\/uploads\/2022\/05\/Obra-Redonda-1.jpeg 1280w\" sizes=\"auto, (max-width: 1024px) 100vw, 1024px\" \/><\/a><\/figure>\n\n\n\n<figure class=\"wp-block-image size-large\"><a href=\"https:\/\/www.elsindical.com.ar\/notas\/var\/www\/html\/notas\/wp-content\/uploads\/2022\/05\/Obra-Redonda-2.jpeg\"><img loading=\"lazy\" decoding=\"async\" width=\"696\" height=\"391\" data-id=\"113779\" src=\"https:\/\/www.elsindical.com.ar\/notas\/var\/www\/html\/notas\/wp-content\/uploads\/2022\/05\/Obra-Redonda-2.jpeg\" alt=\"\" class=\"wp-image-113779\" srcset=\"https:\/\/www.elsindical.com.ar\/notas\/var\/www\/html\/notas\/wp-content\/uploads\/2022\/05\/Obra-Redonda-2.jpeg 696w, https:\/\/www.elsindical.com.ar\/notas\/var\/www\/html\/notas\/wp-content\/uploads\/2022\/05\/Obra-Redonda-2-300x169.jpeg 300w, https:\/\/www.elsindical.com.ar\/notas\/var\/www\/html\/notas\/wp-content\/uploads\/2022\/05\/Obra-Redonda-2-500x281.jpeg 500w\" sizes=\"auto, (max-width: 696px) 100vw, 696px\" \/><\/a><\/figure>\n<\/figure>\n","protected":false},"excerpt":{"rendered":"<p>Tras cerrar 2021 con una funci\u00f3n sold out en La Trastienda de Buenos Aires, la puesta teatral que homenajea vida y obra de Patricio Rey y sus Redonditos de Ricota a partir de rutinas, performances, audiovisuales, relato hist\u00f3rico y una banda en vivo, comenz\u00f3 la gira 2022 en La Matanza y este s\u00e1bado 28 de&hellip;<\/p>\n","protected":false},"author":1,"featured_media":113778,"comment_status":"open","ping_status":"open","sticky":false,"template":"","format":"standard","meta":{"footnotes":""},"categories":[15],"tags":[2450,209,37268,37269,37267],"class_list":["post-113777","post","type-post","status-publish","format-standard","has-post-thumbnail","hentry","category-espectaculos","tag-diario-el-sindical","tag-lanus","tag-puesta-teatral","tag-sala-bar","tag-una-obra-redonda"],"_links":{"self":[{"href":"https:\/\/www.elsindical.com.ar\/notas\/wp-json\/wp\/v2\/posts\/113777","targetHints":{"allow":["GET"]}}],"collection":[{"href":"https:\/\/www.elsindical.com.ar\/notas\/wp-json\/wp\/v2\/posts"}],"about":[{"href":"https:\/\/www.elsindical.com.ar\/notas\/wp-json\/wp\/v2\/types\/post"}],"author":[{"embeddable":true,"href":"https:\/\/www.elsindical.com.ar\/notas\/wp-json\/wp\/v2\/users\/1"}],"replies":[{"embeddable":true,"href":"https:\/\/www.elsindical.com.ar\/notas\/wp-json\/wp\/v2\/comments?post=113777"}],"version-history":[{"count":1,"href":"https:\/\/www.elsindical.com.ar\/notas\/wp-json\/wp\/v2\/posts\/113777\/revisions"}],"predecessor-version":[{"id":113781,"href":"https:\/\/www.elsindical.com.ar\/notas\/wp-json\/wp\/v2\/posts\/113777\/revisions\/113781"}],"wp:featuredmedia":[{"embeddable":true,"href":"https:\/\/www.elsindical.com.ar\/notas\/wp-json\/wp\/v2\/media\/113778"}],"wp:attachment":[{"href":"https:\/\/www.elsindical.com.ar\/notas\/wp-json\/wp\/v2\/media?parent=113777"}],"wp:term":[{"taxonomy":"category","embeddable":true,"href":"https:\/\/www.elsindical.com.ar\/notas\/wp-json\/wp\/v2\/categories?post=113777"},{"taxonomy":"post_tag","embeddable":true,"href":"https:\/\/www.elsindical.com.ar\/notas\/wp-json\/wp\/v2\/tags?post=113777"}],"curies":[{"name":"wp","href":"https:\/\/api.w.org\/{rel}","templated":true}]}}