{"id":113754,"date":"2022-05-24T09:22:59","date_gmt":"2022-05-24T12:22:59","guid":{"rendered":"https:\/\/www.elsindical.com.ar\/notas\/?p=113754"},"modified":"2022-05-24T09:23:01","modified_gmt":"2022-05-24T12:23:01","slug":"pablo-moyano-le-mando-un-mensaje-a-larreta-si-a-las-100-horas-viene-la-reforma-laboral-a-las-100-horas-y-un-minuto-vamos-a-estar-en-la-calle","status":"publish","type":"post","link":"https:\/\/www.elsindical.com.ar\/notas\/pablo-moyano-le-mando-un-mensaje-a-larreta-si-a-las-100-horas-viene-la-reforma-laboral-a-las-100-horas-y-un-minuto-vamos-a-estar-en-la-calle\/","title":{"rendered":"Pablo Moyano le mand\u00f3 un mensaje a Larreta: \u00abSi a  las 100 horas viene la reforma laboral, a las 100 horas y un minuto  vamos a estar en la calle\u00bb"},"content":{"rendered":"\n<figure class=\"wp-block-image size-large\"><a href=\"https:\/\/www.elsindical.com.ar\/notas\/var\/www\/html\/notas\/wp-content\/uploads\/2022\/05\/Pablo-Moyano-declaraciones-marcha.jpg\"><img loading=\"lazy\" decoding=\"async\" width=\"1024\" height=\"683\" src=\"https:\/\/www.elsindical.com.ar\/notas\/var\/www\/html\/notas\/wp-content\/uploads\/2022\/05\/Pablo-Moyano-declaraciones-marcha-1024x683.jpg\" alt=\"\" class=\"wp-image-113755\" srcset=\"https:\/\/www.elsindical.com.ar\/notas\/var\/www\/html\/notas\/wp-content\/uploads\/2022\/05\/Pablo-Moyano-declaraciones-marcha-1024x683.jpg 1024w, https:\/\/www.elsindical.com.ar\/notas\/var\/www\/html\/notas\/wp-content\/uploads\/2022\/05\/Pablo-Moyano-declaraciones-marcha-300x200.jpg 300w, https:\/\/www.elsindical.com.ar\/notas\/var\/www\/html\/notas\/wp-content\/uploads\/2022\/05\/Pablo-Moyano-declaraciones-marcha-768x513.jpg 768w, https:\/\/www.elsindical.com.ar\/notas\/var\/www\/html\/notas\/wp-content\/uploads\/2022\/05\/Pablo-Moyano-declaraciones-marcha-450x300.jpg 450w, https:\/\/www.elsindical.com.ar\/notas\/var\/www\/html\/notas\/wp-content\/uploads\/2022\/05\/Pablo-Moyano-declaraciones-marcha.jpg 1536w\" sizes=\"auto, (max-width: 1024px) 100vw, 1024px\" \/><\/a><\/figure>\n\n\n\n<blockquote class=\"wp-block-quote is-layout-flow wp-block-quote-is-layout-flow\"><p>El triunviro de la CGT, Pablo Moyano, responsabiliz\u00f3 a los empresarios por la suba de precios y asegur\u00f3 que la situaci\u00f3n \u00abamerita que la mayor\u00eda de los trabajadores salgamos a reclamarles que frenen\u00bb. Adem\u00e1s pidi\u00f3 universalizar las asignaciones familiares y le mand\u00f3 un mensaje a Larreta: \u00abSi a las 100 horas viene la reforma laboral, a las 100 horas y un minuto vamos a estar en la calle\u00bb.<\/p><cite>El cotitular de la CGT, Pablo Moyano, ratific\u00f3 la intenci\u00f3n de salir a la calle para mostrar el descontento de la central obrera con la situaci\u00f3n econ\u00f3mica y la disparada inflacionaria de los \u00faltimos meses.<br>\u00abCuando integramos el nuevo consejo directivo era para tener una CGT movilizada\u00bb, record\u00f3 en declaraciones a C5N.<br><br>Para el camionero, \u00abla voracidad de los empresarios argentinos, que son los que remarcan los precios, amerita que la mayor\u00eda de los trabajadores salgamos a reclamarles que frenen\u00bb.<br>\u00abLa falta de solidaridad qued\u00f3 demostrada en la pandemia. Ellos siguieron facturando y no lo compartieron con los trabajadores que pusieron en riesgo su vida\u00bb, a\u00f1adi\u00f3 Moyano<br>Y volvi\u00f3 a respaldar al Gobierno: \u00abSabemos el esfuerzo que ha hecho el Gobierno para mantener las paritarias libres. Eso significa que no hay un ajuste\u00bb.<br><br>Adem\u00e1s sostuvo que \u00ablos empresarios aprovechan la interna que hoy vive nuestro espacio, ven un Gobierno en debate permanente, y avanzan con la ayuda de los grupos medi\u00e1ticos\u00bb.<br>Tambi\u00e9n reiter\u00f3 la idea de universalizar las asignaciones familiares para la totalidad de trabajadores registrados como forma de robustecer los ingresos: \u00abDe 6 millones de trabajadores registrados, s\u00f3lo 2 millones cobran asignaci\u00f3n por hijo. Creemos que hay que universalizar el beneficio\u00bb.<br><br>Por \u00faltimo cuestion\u00f3 a Horacio Rodr\u00edguez Larreta que hab\u00eda explicado que en las primeras \u00abcien horas\u00bb de Gobierno hab\u00eda que modificar el sistema laboral: \u00abSi a las 100 horas viene la reforma laboral, a las 100 horas y un minuto vamos a estar en la calle para defender los derechos de los trabajadores\u00bb<\/cite><\/blockquote>\n","protected":false},"excerpt":{"rendered":"<p>El triunviro de la CGT, Pablo Moyano, responsabiliz\u00f3 a los empresarios por la suba de precios y asegur\u00f3 que la situaci\u00f3n \u00abamerita que la mayor\u00eda de los trabajadores salgamos a reclamarles que frenen\u00bb. Adem\u00e1s pidi\u00f3 universalizar las asignaciones familiares y le mand\u00f3 un mensaje a Larreta: \u00abSi a las 100 horas viene la reforma laboral,&hellip;<\/p>\n","protected":false},"author":1,"featured_media":113755,"comment_status":"open","ping_status":"open","sticky":false,"template":"","format":"standard","meta":{"footnotes":""},"categories":[16,13],"tags":[910,2450,1943,632,27276],"class_list":["post-113754","post","type-post","status-publish","format-standard","has-post-thumbnail","hentry","category-gremiales","category-politica","tag-cgt","tag-diario-el-sindical","tag-horacio-rodriguez-larreta","tag-pablo-moyano","tag-reforma-laboral"],"_links":{"self":[{"href":"https:\/\/www.elsindical.com.ar\/notas\/wp-json\/wp\/v2\/posts\/113754","targetHints":{"allow":["GET"]}}],"collection":[{"href":"https:\/\/www.elsindical.com.ar\/notas\/wp-json\/wp\/v2\/posts"}],"about":[{"href":"https:\/\/www.elsindical.com.ar\/notas\/wp-json\/wp\/v2\/types\/post"}],"author":[{"embeddable":true,"href":"https:\/\/www.elsindical.com.ar\/notas\/wp-json\/wp\/v2\/users\/1"}],"replies":[{"embeddable":true,"href":"https:\/\/www.elsindical.com.ar\/notas\/wp-json\/wp\/v2\/comments?post=113754"}],"version-history":[{"count":1,"href":"https:\/\/www.elsindical.com.ar\/notas\/wp-json\/wp\/v2\/posts\/113754\/revisions"}],"predecessor-version":[{"id":113756,"href":"https:\/\/www.elsindical.com.ar\/notas\/wp-json\/wp\/v2\/posts\/113754\/revisions\/113756"}],"wp:featuredmedia":[{"embeddable":true,"href":"https:\/\/www.elsindical.com.ar\/notas\/wp-json\/wp\/v2\/media\/113755"}],"wp:attachment":[{"href":"https:\/\/www.elsindical.com.ar\/notas\/wp-json\/wp\/v2\/media?parent=113754"}],"wp:term":[{"taxonomy":"category","embeddable":true,"href":"https:\/\/www.elsindical.com.ar\/notas\/wp-json\/wp\/v2\/categories?post=113754"},{"taxonomy":"post_tag","embeddable":true,"href":"https:\/\/www.elsindical.com.ar\/notas\/wp-json\/wp\/v2\/tags?post=113754"}],"curies":[{"name":"wp","href":"https:\/\/api.w.org\/{rel}","templated":true}]}}