{"id":113721,"date":"2022-05-23T11:31:40","date_gmt":"2022-05-23T14:31:40","guid":{"rendered":"https:\/\/www.elsindical.com.ar\/notas\/?p=113721"},"modified":"2022-05-23T11:31:42","modified_gmt":"2022-05-23T14:31:42","slug":"el-gobierno-bonaerense-pide-que-vuelvan-a-usarse-los-barbijos-en-las-escuelas","status":"publish","type":"post","link":"https:\/\/www.elsindical.com.ar\/notas\/el-gobierno-bonaerense-pide-que-vuelvan-a-usarse-los-barbijos-en-las-escuelas\/","title":{"rendered":"El Gobierno bonaerense pide que vuelvan a usarse los barbijos en las escuelas"},"content":{"rendered":"\n<div class=\"wp-block-image\"><figure class=\"aligncenter size-full\"><a href=\"https:\/\/www.elsindical.com.ar\/notas\/var\/www\/html\/notas\/wp-content\/uploads\/2022\/05\/uso-barbijo-en-escuelas.jpg\"><img loading=\"lazy\" decoding=\"async\" width=\"760\" height=\"506\" src=\"https:\/\/www.elsindical.com.ar\/notas\/var\/www\/html\/notas\/wp-content\/uploads\/2022\/05\/uso-barbijo-en-escuelas.jpg\" alt=\"\" class=\"wp-image-113722\" srcset=\"https:\/\/www.elsindical.com.ar\/notas\/var\/www\/html\/notas\/wp-content\/uploads\/2022\/05\/uso-barbijo-en-escuelas.jpg 760w, https:\/\/www.elsindical.com.ar\/notas\/var\/www\/html\/notas\/wp-content\/uploads\/2022\/05\/uso-barbijo-en-escuelas-300x200.jpg 300w, https:\/\/www.elsindical.com.ar\/notas\/var\/www\/html\/notas\/wp-content\/uploads\/2022\/05\/uso-barbijo-en-escuelas-451x300.jpg 451w\" sizes=\"auto, (max-width: 760px) 100vw, 760px\" \/><\/a><\/figure><\/div>\n\n\n\n<p>El ministro de Salud bonaerense, Nicol\u00e1s Kreplak, afirm\u00f3 hoy que existen \u201cmuch\u00edsimos casos de Covid-19\u201d y destac\u00f3 que \u201cla velocidad del crecimiento de los contagios ha sido muy fuerte en las \u00faltimas tres o cuatro semanas\u201d, por lo que advirti\u00f3 que \u201cel barbijo no deber\u00eda no usarse\u201d, incluso en entornos escolares.<\/p>\n\n\n\n<p>\u201cTenemos una buena y una mala noticia con respecto al Covid. La mala es que sigue circulando, ha mutado bastante el virus y hay una subvariante de la \u00d3micron, m\u00e1s contagiosa: la BA.2. Lo positivo es que con la misma vacuna, conseguimos el mismo efecto\u201d, afirm\u00f3 el funcionario en declaraciones a FM La Patriada.<\/p>\n\n\n\n<p>En ese marco, pidi\u00f3 a la poblaci\u00f3n que complete los esquemas de vacunaci\u00f3n y record\u00f3 que la cuarta dosis en territorio bonaerense es \u201clibre y federal\u201d, con lo cual \u201ccualquiera que haya cumplido los cuatro meses desde la \u00faltima aplicaci\u00f3n puede acercarse a una posta y recibir la vacuna\u201d.<\/p>\n\n\n\n<p>\u201cHoy tenemos muchos casos. La velocidad del crecimiento ha sido muy fuerte en las \u00faltimas tres o cuatro semanas. Por el momento, no hay un impacto significativo en las internaciones. Quiz\u00e1s haya alg\u00fan aumento, pero de ninguna manera como en el 2020, el 2021 o enero de este a\u00f1o\u201d, admiti\u00f3 y atribuy\u00f3 ese hecho al efecto positivo de las vacunas ya que \u201cel virus es igual de letal que antes\u201d.<\/p>\n\n\n\n<p>Luego, expuso que \u201cno es cierto que cuando viene el invierno uno se enferma porque toma fr\u00edo; se enferma cuando est\u00e1 en un lugar cerrado con poca ventilaci\u00f3n con los virus que est\u00e1n circulando\u201d y recalc\u00f3 que \u201chay que usar barbijo en los lugares cerrados y ventilar bien\u201d.<\/p>\n\n\n\n<p>En esa l\u00ednea, aclar\u00f3 que \u201cno es necesario hisopar a todas las personas para saber el diagn\u00f3stico\u201d y recomend\u00f3 que \u201ccualquier persona que sea sintom\u00e1tica, debe quedarse en su casa\u201d.<\/p>\n\n\n\n<p>\u201cAnte la aparici\u00f3n de s\u00edntomas, hay que quedarse en casa si est\u00e1 vacunado hasta 5 d\u00edas y a partir de ah\u00ed, 5 d\u00edas con m\u00e1ximo cuidado. Adem\u00e1s, hay que evitar contactos con personas de riesgo. No es necesario ning\u00fan PCR o testeos. No es como antes que buscamos cada caso para aislar y reducir la cadena de contagios ya que eso tiene impacto en la econom\u00eda cuando no hay aumentos de internaciones\u201d, aclar\u00f3.<\/p>\n\n\n\n<p>Manifest\u00f3 que \u201cel barbijo no deber\u00eda dejar de usarse en las escuelas\u201d, pidi\u00f3 \u201cno mandar a los chicos con s\u00edntomas\u201d, reiter\u00f3 que \u201chay que usar barbijo\u201d y opin\u00f3 que \u201ces necesario que las maestras y los padres se lo pidan a los chicos porque hay riesgo en las escuelas\u201d.<\/p>\n","protected":false},"excerpt":{"rendered":"<p>El ministro de Salud bonaerense, Nicol\u00e1s Kreplak, afirm\u00f3 hoy que existen \u201cmuch\u00edsimos casos de Covid-19\u201d y destac\u00f3 que \u201cla velocidad del crecimiento de los contagios ha sido muy fuerte en las \u00faltimas tres o cuatro semanas\u201d, por lo que advirti\u00f3 que \u201cel barbijo no deber\u00eda no usarse\u201d, incluso en entornos escolares. \u201cTenemos una buena y&hellip;<\/p>\n","protected":false},"author":1,"featured_media":113722,"comment_status":"open","ping_status":"open","sticky":false,"template":"","format":"standard","meta":{"footnotes":""},"categories":[23],"tags":[366,33084,32627,2450,594,1466,22031],"class_list":["post-113721","post","type-post","status-publish","format-standard","has-post-thumbnail","hentry","category-salud","tag-alumnos","tag-barbijo","tag-covid-19","tag-diario-el-sindical","tag-escuelas","tag-provincia-de-buenos-aires","tag-salud"],"_links":{"self":[{"href":"https:\/\/www.elsindical.com.ar\/notas\/wp-json\/wp\/v2\/posts\/113721","targetHints":{"allow":["GET"]}}],"collection":[{"href":"https:\/\/www.elsindical.com.ar\/notas\/wp-json\/wp\/v2\/posts"}],"about":[{"href":"https:\/\/www.elsindical.com.ar\/notas\/wp-json\/wp\/v2\/types\/post"}],"author":[{"embeddable":true,"href":"https:\/\/www.elsindical.com.ar\/notas\/wp-json\/wp\/v2\/users\/1"}],"replies":[{"embeddable":true,"href":"https:\/\/www.elsindical.com.ar\/notas\/wp-json\/wp\/v2\/comments?post=113721"}],"version-history":[{"count":1,"href":"https:\/\/www.elsindical.com.ar\/notas\/wp-json\/wp\/v2\/posts\/113721\/revisions"}],"predecessor-version":[{"id":113723,"href":"https:\/\/www.elsindical.com.ar\/notas\/wp-json\/wp\/v2\/posts\/113721\/revisions\/113723"}],"wp:featuredmedia":[{"embeddable":true,"href":"https:\/\/www.elsindical.com.ar\/notas\/wp-json\/wp\/v2\/media\/113722"}],"wp:attachment":[{"href":"https:\/\/www.elsindical.com.ar\/notas\/wp-json\/wp\/v2\/media?parent=113721"}],"wp:term":[{"taxonomy":"category","embeddable":true,"href":"https:\/\/www.elsindical.com.ar\/notas\/wp-json\/wp\/v2\/categories?post=113721"},{"taxonomy":"post_tag","embeddable":true,"href":"https:\/\/www.elsindical.com.ar\/notas\/wp-json\/wp\/v2\/tags?post=113721"}],"curies":[{"name":"wp","href":"https:\/\/api.w.org\/{rel}","templated":true}]}}