{"id":113688,"date":"2022-05-21T09:27:11","date_gmt":"2022-05-21T12:27:11","guid":{"rendered":"https:\/\/www.elsindical.com.ar\/notas\/?p=113688"},"modified":"2022-05-21T09:27:12","modified_gmt":"2022-05-21T12:27:12","slug":"la-mesa-de-juntos-por-el-cambio-brego-por-un-cambio-en-las-politicas-sociales","status":"publish","type":"post","link":"https:\/\/www.elsindical.com.ar\/notas\/la-mesa-de-juntos-por-el-cambio-brego-por-un-cambio-en-las-politicas-sociales\/","title":{"rendered":"La Mesa de Juntos por el Cambio breg\u00f3 por un cambio en las pol\u00edticas sociales"},"content":{"rendered":"\n<figure class=\"wp-block-image size-large\"><a href=\"https:\/\/www.elsindical.com.ar\/notas\/var\/www\/html\/notas\/wp-content\/uploads\/2022\/05\/Mesa-de-Juntos-por-el-Cambio.jpg\"><img loading=\"lazy\" decoding=\"async\" width=\"1024\" height=\"576\" src=\"https:\/\/www.elsindical.com.ar\/notas\/var\/www\/html\/notas\/wp-content\/uploads\/2022\/05\/Mesa-de-Juntos-por-el-Cambio-1024x576.jpg\" alt=\"\" class=\"wp-image-113689\" srcset=\"https:\/\/www.elsindical.com.ar\/notas\/var\/www\/html\/notas\/wp-content\/uploads\/2022\/05\/Mesa-de-Juntos-por-el-Cambio-1024x576.jpg 1024w, https:\/\/www.elsindical.com.ar\/notas\/var\/www\/html\/notas\/wp-content\/uploads\/2022\/05\/Mesa-de-Juntos-por-el-Cambio-300x169.jpg 300w, https:\/\/www.elsindical.com.ar\/notas\/var\/www\/html\/notas\/wp-content\/uploads\/2022\/05\/Mesa-de-Juntos-por-el-Cambio-768x432.jpg 768w, https:\/\/www.elsindical.com.ar\/notas\/var\/www\/html\/notas\/wp-content\/uploads\/2022\/05\/Mesa-de-Juntos-por-el-Cambio-500x281.jpg 500w, https:\/\/www.elsindical.com.ar\/notas\/var\/www\/html\/notas\/wp-content\/uploads\/2022\/05\/Mesa-de-Juntos-por-el-Cambio-460x260.jpg 460w, https:\/\/www.elsindical.com.ar\/notas\/var\/www\/html\/notas\/wp-content\/uploads\/2022\/05\/Mesa-de-Juntos-por-el-Cambio.jpg 1200w\" sizes=\"auto, (max-width: 1024px) 100vw, 1024px\" \/><\/a><\/figure>\n\n\n\n<p>Gerardo Morales pidi\u00f3 un \u00abredise\u00f1o\u00bb, mientras que Patricia Bullrich consider\u00f3 que \u00abla pol\u00edtica social fracas\u00f3\u00bb.<\/p>\n\n\n\n<p>La Mesa Nacional de Juntos por el Cambio se reuni\u00f3 este mediod\u00eda en el partido de La Matanza para debatir c\u00f3mo <strong>deber\u00eda ser el funcionamiento de la ayuda social<\/strong>, en caso de imponerse en las elecciones de 2023. Hubo coincidencias en <strong>incrementar el rol del Estado en la distribuci\u00f3n de la asistencia social y disminuir el peso de las organizaciones sociales .<\/strong><\/p>\n\n\n\n<p>El encuentro consisti\u00f3 en una puesta en com\u00fan de distintos informes sobre pol\u00edticas sociales que hab\u00edan elaborado las fundaciones que nuclean a los equipos t\u00e9cnicos de los cuatro partidos que conforman Juntos por el Cambio: la Uni\u00f3n C\u00edvica Radical, el PRO, la Coalici\u00f3n C\u00edvica y el Peronismo Republicano. <strong>\u201cEl Estado debe volver a tomar la direcci\u00f3n de la pol\u00edtica social de manera directa. Sin intermediaci\u00f3n, terminando el clientelismo pol\u00edtico y estando al servicio del desarrollo integral de cada persona\u201d<\/strong>, se\u00f1alaron desde Juntos por el Cambio en un comunicado tras la reuni\u00f3n.<\/p>\n\n\n\n<p>\u201cTiene que haber un<strong> redise\u00f1o de las pol\u00edticas sociales<\/strong>, que las universalice y que construya ciudadan\u00eda\u201d, dijo al terminar la reuni\u00f3n el presidente de la UCR y gobernador de Jujuy, Gerardo Morales.<\/p>\n\n\n\n<p>En este marco, la presidenta del PRO, Patricia Bullrich, dijo que <strong>\u201cla pol\u00edtica social de Argentina fracas\u00f3, porque cada vez hay m\u00e1s plata y m\u00e1s pobres\u201d<\/strong> y manifest\u00f3 que \u201cse necesita un cambio social\u201d. <strong>\u201cHoy Juntos por el Cambio se comprometi\u00f3 a un cambio profundo, para que las personas puedan progresar y no mantenerse con un plan social\u201d, apunt\u00f3<\/strong>.<\/p>\n\n\n\n<p>Al evento asistieron, adem\u00e1s de Bullrich y Morales, los dirigentes opositores <strong>Horacio Rodr\u00edguez Larreta, Diego Santilli, Gustavo Vald\u00e9s, Cristian Ritondo, Miguel Pichetto, Luis Naidenoff, Maximiliano Ferraro, Omar de Marchi, Joaqu\u00edn de la Torre, Alejandro Finocchiaro y Ram\u00f3n Puerta<\/strong>, entre otros.<\/p>\n\n\n\n<p>El jefe de Gobierno porte\u00f1o, Horacio Rodr\u00edguez Larreta, afirm\u00f3 que Juntos por el Cambio tiene que llegar a 2023 \u201ccon un plan de Gobierno, porque vamos a ganar\u201d.<\/p>\n\n\n\n<p>Cabe destacar que los encuentros tem\u00e1ticos de la Mesa Nacional de Juntos por el Cambio continuar\u00e1n durante mayo, junio y julio, con reuniones en Neuqu\u00e9n, C\u00f3rdoba, Entre R\u00edos y la Ciudad de Buenos Aires, y con debates sobre la cuesti\u00f3n energ\u00e9tica, las relaciones internacionales, la producci\u00f3n y el desarrollo sostenible.<\/p>\n","protected":false},"excerpt":{"rendered":"<p>Gerardo Morales pidi\u00f3 un \u00abredise\u00f1o\u00bb, mientras que Patricia Bullrich consider\u00f3 que \u00abla pol\u00edtica social fracas\u00f3\u00bb. La Mesa Nacional de Juntos por el Cambio se reuni\u00f3 este mediod\u00eda en el partido de La Matanza para debatir c\u00f3mo deber\u00eda ser el funcionamiento de la ayuda social, en caso de imponerse en las elecciones de 2023. Hubo coincidencias&hellip;<\/p>\n","protected":false},"author":1,"featured_media":113689,"comment_status":"open","ping_status":"open","sticky":false,"template":"","format":"standard","meta":{"footnotes":""},"categories":[13],"tags":[2450,1485,37250,1241,31416,328],"class_list":["post-113688","post","type-post","status-publish","format-standard","has-post-thumbnail","hentry","category-politica","tag-diario-el-sindical","tag-gerardo-morales","tag-la-mesa-de-juntos","tag-patricia-bullrich","tag-planes-sociales","tag-pro"],"_links":{"self":[{"href":"https:\/\/www.elsindical.com.ar\/notas\/wp-json\/wp\/v2\/posts\/113688","targetHints":{"allow":["GET"]}}],"collection":[{"href":"https:\/\/www.elsindical.com.ar\/notas\/wp-json\/wp\/v2\/posts"}],"about":[{"href":"https:\/\/www.elsindical.com.ar\/notas\/wp-json\/wp\/v2\/types\/post"}],"author":[{"embeddable":true,"href":"https:\/\/www.elsindical.com.ar\/notas\/wp-json\/wp\/v2\/users\/1"}],"replies":[{"embeddable":true,"href":"https:\/\/www.elsindical.com.ar\/notas\/wp-json\/wp\/v2\/comments?post=113688"}],"version-history":[{"count":1,"href":"https:\/\/www.elsindical.com.ar\/notas\/wp-json\/wp\/v2\/posts\/113688\/revisions"}],"predecessor-version":[{"id":113690,"href":"https:\/\/www.elsindical.com.ar\/notas\/wp-json\/wp\/v2\/posts\/113688\/revisions\/113690"}],"wp:featuredmedia":[{"embeddable":true,"href":"https:\/\/www.elsindical.com.ar\/notas\/wp-json\/wp\/v2\/media\/113689"}],"wp:attachment":[{"href":"https:\/\/www.elsindical.com.ar\/notas\/wp-json\/wp\/v2\/media?parent=113688"}],"wp:term":[{"taxonomy":"category","embeddable":true,"href":"https:\/\/www.elsindical.com.ar\/notas\/wp-json\/wp\/v2\/categories?post=113688"},{"taxonomy":"post_tag","embeddable":true,"href":"https:\/\/www.elsindical.com.ar\/notas\/wp-json\/wp\/v2\/tags?post=113688"}],"curies":[{"name":"wp","href":"https:\/\/api.w.org\/{rel}","templated":true}]}}