{"id":113682,"date":"2022-05-21T09:17:58","date_gmt":"2022-05-21T12:17:58","guid":{"rendered":"https:\/\/www.elsindical.com.ar\/notas\/?p=113682"},"modified":"2022-05-21T09:18:39","modified_gmt":"2022-05-21T12:18:39","slug":"fiorito-buscan-a-una-joven-que-desaparecio-de-su-casa-hace-cuatro-dias","status":"publish","type":"post","link":"https:\/\/www.elsindical.com.ar\/notas\/fiorito-buscan-a-una-joven-que-desaparecio-de-su-casa-hace-cuatro-dias\/","title":{"rendered":"Villa Fiorito: Buscan a una joven que desapareci\u00f3 de su casa hace cuatro d\u00edas"},"content":{"rendered":"\n<div class=\"wp-block-image\"><figure class=\"aligncenter size-full\"><a href=\"https:\/\/www.elsindical.com.ar\/notas\/var\/www\/html\/notas\/wp-content\/uploads\/2022\/05\/Melany-Brisa-Cabrera.jpg\"><img loading=\"lazy\" decoding=\"async\" width=\"949\" height=\"702\" src=\"https:\/\/www.elsindical.com.ar\/notas\/var\/www\/html\/notas\/wp-content\/uploads\/2022\/05\/Melany-Brisa-Cabrera.jpg\" alt=\"\" class=\"wp-image-113683\" srcset=\"https:\/\/www.elsindical.com.ar\/notas\/var\/www\/html\/notas\/wp-content\/uploads\/2022\/05\/Melany-Brisa-Cabrera.jpg 949w, https:\/\/www.elsindical.com.ar\/notas\/var\/www\/html\/notas\/wp-content\/uploads\/2022\/05\/Melany-Brisa-Cabrera-300x222.jpg 300w, https:\/\/www.elsindical.com.ar\/notas\/var\/www\/html\/notas\/wp-content\/uploads\/2022\/05\/Melany-Brisa-Cabrera-768x568.jpg 768w, https:\/\/www.elsindical.com.ar\/notas\/var\/www\/html\/notas\/wp-content\/uploads\/2022\/05\/Melany-Brisa-Cabrera-406x300.jpg 406w\" sizes=\"auto, (max-width: 949px) 100vw, 949px\" \/><\/a><\/figure><\/div>\n\n\n\n<p>Una familia busca desesperadamente a una joven de 18 a\u00f1os que desapareci\u00f3 hace una semana de Villa Fiorito. Por el momento fueron notificadas todas las fuerzas policiales pero a\u00fan no se tiene certeza de su paradero.&nbsp;<\/p>\n\n\n\n<p>Mirta Sequeira, madre de Melany Brisa Cabrera, coment\u00f3:<strong> \u201cElla se fue de la casa porque le saqu\u00e9 el celular, ella ten\u00eda contacto con toda la mala junta, entonces se lo retuve. Se fue y la busco desde ese d\u00eda. Me pone mal que no sea capaz de decirme d\u00f3nde est\u00e1, con quien est\u00e1\u201d.<\/strong><\/p>\n\n\n\n<p>La discusi\u00f3n por el celular fue el jueves y el s\u00e1bado Melany se fue de su casa sin avisarle a su familia hacia donde se dirig\u00eda. Si bien los hermanos de la joven aseguraron que la vieron el lunes cuando entr\u00f3 a su casa para agarrar un buzo, dijeron que estaba \u201cencapuchada\u201d y temen que este consumiendo paco.&nbsp;<\/p>\n\n\n\n<p><strong>\u201cEs una chica que consume y la busqu\u00e9 por todos lados sin encontrarla, nadie la vio. Anda a saber, lo que est\u00e1 pasando, no s\u00e9 si est\u00e1 amenazada o que. Yo no quiero retenerla, solamente quiero saber con quienes est\u00e1 y que est\u00e1 haciendo\u201d<\/strong>, afirm\u00f3 Mirta.&nbsp;<\/p>\n\n\n\n<p>Luego de que pasaron d\u00edas sin encontrarla, Mirta realiz\u00f3 la denuncia por \u201caveriguaci\u00f3n de paradero\u201d en la Comisar\u00eda 5ta de Lomas de Zamora. Seg\u00fan lo informado, no es la primera vez que se ausenta pero si de esta manera y tantos d\u00edas.&nbsp;<\/p>\n\n\n\n<p>Hasta el momento las fuerzas de seguridad fueron notificadas y esperan encontrarla lo antes posible. En este sentido, su madre explic\u00f3 que \u201cdesconoce con quienes est\u00e1\u201d y quienes son parte del grupo que consume con ella.&nbsp;<\/p>\n\n\n\n<p><strong>\u201cLa polic\u00eda bonaerense la busco, los comandos est\u00e1n informados, la polic\u00eda local y la secretar\u00eda de seguridad est\u00e1 al tanto. La busqu\u00e9 por todos lados y me pone muy mal que no aparezca\u201d<\/strong>, declar\u00f3 Mirta.<\/p>\n\n\n\n<p>Melany mide 1,65 mts de altura, tiene el cutis blanco y el pelo color negro con ojos marrones. Al momento de salir de su casa, vest\u00eda campera deportiva color negra y fucsia, pantal\u00f3n de jean azul y zapatillas blancas.&nbsp;<\/p>\n\n\n\n<p><strong>Para aportar cualquier informaci\u00f3n sobre Melany, comunicarse al 1166847727.<\/strong><\/p>\n","protected":false},"excerpt":{"rendered":"<p>Una familia busca desesperadamente a una joven de 18 a\u00f1os que desapareci\u00f3 hace una semana de Villa Fiorito. Por el momento fueron notificadas todas las fuerzas policiales pero a\u00fan no se tiene certeza de su paradero.&nbsp; Mirta Sequeira, madre de Melany Brisa Cabrera, coment\u00f3: \u201cElla se fue de la casa porque le saqu\u00e9 el celular,&hellip;<\/p>\n","protected":false},"author":1,"featured_media":113683,"comment_status":"open","ping_status":"open","sticky":false,"template":"","format":"standard","meta":{"footnotes":""},"categories":[25,26],"tags":[2450,744,37249,37248,4292],"class_list":["post-113682","post","type-post","status-publish","format-standard","has-post-thumbnail","hentry","category-sociedad","category-solidaridad","tag-diario-el-sindical","tag-lomas-de-zamora","tag-melany-brisa-cabrera","tag-mirta-sequeira","tag-villa-fiorito"],"_links":{"self":[{"href":"https:\/\/www.elsindical.com.ar\/notas\/wp-json\/wp\/v2\/posts\/113682","targetHints":{"allow":["GET"]}}],"collection":[{"href":"https:\/\/www.elsindical.com.ar\/notas\/wp-json\/wp\/v2\/posts"}],"about":[{"href":"https:\/\/www.elsindical.com.ar\/notas\/wp-json\/wp\/v2\/types\/post"}],"author":[{"embeddable":true,"href":"https:\/\/www.elsindical.com.ar\/notas\/wp-json\/wp\/v2\/users\/1"}],"replies":[{"embeddable":true,"href":"https:\/\/www.elsindical.com.ar\/notas\/wp-json\/wp\/v2\/comments?post=113682"}],"version-history":[{"count":2,"href":"https:\/\/www.elsindical.com.ar\/notas\/wp-json\/wp\/v2\/posts\/113682\/revisions"}],"predecessor-version":[{"id":113685,"href":"https:\/\/www.elsindical.com.ar\/notas\/wp-json\/wp\/v2\/posts\/113682\/revisions\/113685"}],"wp:featuredmedia":[{"embeddable":true,"href":"https:\/\/www.elsindical.com.ar\/notas\/wp-json\/wp\/v2\/media\/113683"}],"wp:attachment":[{"href":"https:\/\/www.elsindical.com.ar\/notas\/wp-json\/wp\/v2\/media?parent=113682"}],"wp:term":[{"taxonomy":"category","embeddable":true,"href":"https:\/\/www.elsindical.com.ar\/notas\/wp-json\/wp\/v2\/categories?post=113682"},{"taxonomy":"post_tag","embeddable":true,"href":"https:\/\/www.elsindical.com.ar\/notas\/wp-json\/wp\/v2\/tags?post=113682"}],"curies":[{"name":"wp","href":"https:\/\/api.w.org\/{rel}","templated":true}]}}