{"id":113617,"date":"2022-05-18T14:24:57","date_gmt":"2022-05-18T17:24:57","guid":{"rendered":"https:\/\/www.elsindical.com.ar\/notas\/?p=113617"},"modified":"2022-05-18T14:24:58","modified_gmt":"2022-05-18T17:24:58","slug":"grupo-de-teatro-el-brote-bariloche","status":"publish","type":"post","link":"https:\/\/www.elsindical.com.ar\/notas\/grupo-de-teatro-el-brote-bariloche\/","title":{"rendered":"Grupo de Teatro El Brote, Bariloche"},"content":{"rendered":"\n<div class=\"wp-block-image\"><figure class=\"aligncenter size-full\"><a href=\"https:\/\/www.elsindical.com.ar\/notas\/var\/www\/html\/notas\/wp-content\/uploads\/2022\/05\/LOGO-COLOR-TEXTUR-FONDO-TRANS.png\"><img loading=\"lazy\" decoding=\"async\" width=\"418\" height=\"472\" src=\"https:\/\/www.elsindical.com.ar\/notas\/var\/www\/html\/notas\/wp-content\/uploads\/2022\/05\/LOGO-COLOR-TEXTUR-FONDO-TRANS.png\" alt=\"\" class=\"wp-image-113619\" srcset=\"https:\/\/www.elsindical.com.ar\/notas\/var\/www\/html\/notas\/wp-content\/uploads\/2022\/05\/LOGO-COLOR-TEXTUR-FONDO-TRANS.png 418w, https:\/\/www.elsindical.com.ar\/notas\/var\/www\/html\/notas\/wp-content\/uploads\/2022\/05\/LOGO-COLOR-TEXTUR-FONDO-TRANS-266x300.png 266w\" sizes=\"auto, (max-width: 418px) 100vw, 418px\" \/><\/a><\/figure><\/div>\n\n\n\n<p class=\"wp-block-paragraph\">\u00a1El Brote necesita tu ayuda!<\/p>\n\n\n\n<p class=\"wp-block-paragraph\">Desde la Asociaci\u00f3n Civil y Grupo de Teatro El Brote solicitamos la colaboraci\u00f3n de la comunidad de Bariloche, para sanear la precaria situaci\u00f3n econ\u00f3mica que atravesamos en la actualidad, debido a gastos imprevistos y urgentes que tuvimos que afrontar.<\/p>\n\n\n\n<p class=\"wp-block-paragraph\">Hace unos d\u00edas el piso del sal\u00f3n de nuestro teatro se vio severamente afectado por filtraciones de agua, despu\u00e9s de las intensas lluvias ocurridas semanas atr\u00e1s. El piso flotante que cubr\u00eda la planta alta de la sala no sirvi\u00f3 m\u00e1s y tuvo que ser removido y reemplazado por uno nuevo. Esto implic\u00f3 la contrataci\u00f3n de una persona para arreglar las filtraciones, la colocaci\u00f3n de zinguer\u00eda, la compra del nuevo piso y el pago para que sea colocado.<\/p>\n\n\n\n<p class=\"wp-block-paragraph\">Estos trabajos no pod\u00edan postergarse, ya que la sala tiene una agenda activa y es necesario no cortar con las actividades que se vienen desarrollando, por este motivo los arreglos debieron hacerse con urgencia.<\/p>\n\n\n\n<p class=\"wp-block-paragraph\">Este imprevisto nos dej\u00f3 en una situaci\u00f3n de desbalance econ\u00f3mico, que se suma a la falta de apoyo de Cultura de Rio Negro, lo que complica seriamente el sostenimiento anual y&nbsp; que nos es imperioso solucionar. Por este motivo nos acercamos a nuestrxs amigxs y compa\u00f1erxs de la comunidad de Bariloche para colaborar con la Asociaci\u00f3n y revertir esta situaci\u00f3n.<\/p>\n\n\n\n<p class=\"wp-block-paragraph\">\u00bfC\u00f3mo pod\u00e9s ayudarnos?<\/p>\n\n\n\n<p class=\"wp-block-paragraph\">Ten\u00e9s varias opciones:<\/p>\n\n\n\n<p class=\"wp-block-paragraph\">\u00b7\u00a0\u00a0\u00a0\u00a0\u00a0\u00a0\u00a0\u00a0 Colaborando desde nuestra web comprando entradas virtuales a nuestra pel\u00edcula <a rel=\"noreferrer noopener\" href=\"http:\/\/www.elbrote.org.ar\/no-esta-loco-quien-pelea\/\" target=\"_blank\">http:\/\/www.elbrote.org.ar\/no-esta-loco-quien-pelea\/<\/a>\u00a0\u00a0<\/p>\n\n\n\n<div class=\"wp-block-image\"><figure class=\"aligncenter size-full\"><a href=\"https:\/\/www.elsindical.com.ar\/notas\/var\/www\/html\/notas\/wp-content\/uploads\/2022\/05\/plataforma-El-Brote.png\"><img loading=\"lazy\" decoding=\"async\" width=\"567\" height=\"319\" src=\"https:\/\/www.elsindical.com.ar\/notas\/var\/www\/html\/notas\/wp-content\/uploads\/2022\/05\/plataforma-El-Brote.png\" alt=\"\" class=\"wp-image-113618\" srcset=\"https:\/\/www.elsindical.com.ar\/notas\/var\/www\/html\/notas\/wp-content\/uploads\/2022\/05\/plataforma-El-Brote.png 567w, https:\/\/www.elsindical.com.ar\/notas\/var\/www\/html\/notas\/wp-content\/uploads\/2022\/05\/plataforma-El-Brote-300x169.png 300w, https:\/\/www.elsindical.com.ar\/notas\/var\/www\/html\/notas\/wp-content\/uploads\/2022\/05\/plataforma-El-Brote-500x281.png 500w, https:\/\/www.elsindical.com.ar\/notas\/var\/www\/html\/notas\/wp-content\/uploads\/2022\/05\/plataforma-El-Brote-460x260.png 460w\" sizes=\"auto, (max-width: 567px) 100vw, 567px\" \/><\/a><\/figure><\/div>\n\n\n\n<p class=\"wp-block-paragraph\">\u00b7&nbsp;&nbsp;&nbsp;&nbsp;&nbsp;&nbsp;&nbsp;&nbsp; Tambi\u00e9n en la sala, cuando asistas a cualquier actividad, vas a encontrar una urna para hacer una contribuci\u00f3n voluntaria.<\/p>\n\n\n\n<p class=\"wp-block-paragraph\">\u00b7&nbsp;&nbsp;&nbsp;&nbsp;&nbsp;&nbsp;&nbsp;&nbsp; O pod\u00e9s hacer una transferencia a nuestra cuenta bancaria:<\/p>\n\n\n\n<p class=\"wp-block-paragraph\">Alias: PASTEL.RITMO.ESTE<\/p>\n\n\n\n<p class=\"wp-block-paragraph\">CBU \/ CVU: 0110463330046300153447<\/p>\n\n\n\n<p class=\"wp-block-paragraph\">CUIL\/CUIT\/CDI: 30708962712<\/p>\n\n\n\n<p class=\"wp-block-paragraph\">Banco Destino: BCO. NACI\u00d3N ARGENTINA<\/p>\n\n\n\n<p class=\"wp-block-paragraph\">Titular: ASOCIACI\u00d3N CIVIL EL BROTE<\/p>\n\n\n\n<p class=\"wp-block-paragraph\">\u00a1Entre todes podemos ayudar!<\/p>\n\n\n\n<p class=\"wp-block-paragraph\">Dale, te estamos necesitando. El Brote es de Todes.<\/p>\n","protected":false},"excerpt":{"rendered":"<p>\u00a1El Brote necesita tu ayuda! Desde la Asociaci\u00f3n Civil y Grupo de Teatro El Brote solicitamos la colaboraci\u00f3n de la comunidad de Bariloche, para sanear la precaria situaci\u00f3n econ\u00f3mica que atravesamos en la actualidad, debido a gastos imprevistos y urgentes que tuvimos que afrontar. Hace unos d\u00edas el piso del sal\u00f3n de nuestro teatro se&hellip;<\/p>\n","protected":false},"author":1,"featured_media":113619,"comment_status":"open","ping_status":"open","sticky":false,"template":"","format":"standard","meta":{"footnotes":""},"categories":[15,26],"tags":[3423,2450,37236,4758],"class_list":["post-113617","post","type-post","status-publish","format-standard","has-post-thumbnail","hentry","category-espectaculos","category-solidaridad","tag-bariloche","tag-diario-el-sindical","tag-grupo-de-teatro-el-brote","tag-solidaridad-2"],"_links":{"self":[{"href":"https:\/\/www.elsindical.com.ar\/notas\/wp-json\/wp\/v2\/posts\/113617","targetHints":{"allow":["GET"]}}],"collection":[{"href":"https:\/\/www.elsindical.com.ar\/notas\/wp-json\/wp\/v2\/posts"}],"about":[{"href":"https:\/\/www.elsindical.com.ar\/notas\/wp-json\/wp\/v2\/types\/post"}],"author":[{"embeddable":true,"href":"https:\/\/www.elsindical.com.ar\/notas\/wp-json\/wp\/v2\/users\/1"}],"replies":[{"embeddable":true,"href":"https:\/\/www.elsindical.com.ar\/notas\/wp-json\/wp\/v2\/comments?post=113617"}],"version-history":[{"count":1,"href":"https:\/\/www.elsindical.com.ar\/notas\/wp-json\/wp\/v2\/posts\/113617\/revisions"}],"predecessor-version":[{"id":113620,"href":"https:\/\/www.elsindical.com.ar\/notas\/wp-json\/wp\/v2\/posts\/113617\/revisions\/113620"}],"wp:featuredmedia":[{"embeddable":true,"href":"https:\/\/www.elsindical.com.ar\/notas\/wp-json\/wp\/v2\/media\/113619"}],"wp:attachment":[{"href":"https:\/\/www.elsindical.com.ar\/notas\/wp-json\/wp\/v2\/media?parent=113617"}],"wp:term":[{"taxonomy":"category","embeddable":true,"href":"https:\/\/www.elsindical.com.ar\/notas\/wp-json\/wp\/v2\/categories?post=113617"},{"taxonomy":"post_tag","embeddable":true,"href":"https:\/\/www.elsindical.com.ar\/notas\/wp-json\/wp\/v2\/tags?post=113617"}],"curies":[{"name":"wp","href":"https:\/\/api.w.org\/{rel}","templated":true}]}}