{"id":113586,"date":"2022-05-17T11:09:01","date_gmt":"2022-05-17T14:09:01","guid":{"rendered":"https:\/\/www.elsindical.com.ar\/notas\/?p=113586"},"modified":"2022-05-17T12:50:39","modified_gmt":"2022-05-17T15:50:39","slug":"ingeniero-budge-emboscaron-una-trafic-que-iba-a-la-salada-y-se-llevaron-10-millones-pesos","status":"publish","type":"post","link":"https:\/\/www.elsindical.com.ar\/notas\/ingeniero-budge-emboscaron-una-trafic-que-iba-a-la-salada-y-se-llevaron-10-millones-pesos\/","title":{"rendered":"Ingeniero Budge: Emboscaron una trafic que iba a La Salada y se llevaron 10 millones pesos"},"content":{"rendered":"\n<div class=\"wp-block-image\"><figure class=\"aligncenter size-full is-resized\"><a href=\"https:\/\/www.elsindical.com.ar\/notas\/var\/www\/html\/notas\/wp-content\/uploads\/2022\/05\/robo-camioneta-en-Budge.png\"><img loading=\"lazy\" decoding=\"async\" src=\"https:\/\/www.elsindical.com.ar\/notas\/var\/www\/html\/notas\/wp-content\/uploads\/2022\/05\/robo-camioneta-en-Budge.png\" alt=\"\" class=\"wp-image-113587\" width=\"746\" height=\"443\" srcset=\"https:\/\/www.elsindical.com.ar\/notas\/var\/www\/html\/notas\/wp-content\/uploads\/2022\/05\/robo-camioneta-en-Budge.png 640w, https:\/\/www.elsindical.com.ar\/notas\/var\/www\/html\/notas\/wp-content\/uploads\/2022\/05\/robo-camioneta-en-Budge-300x178.png 300w, https:\/\/www.elsindical.com.ar\/notas\/var\/www\/html\/notas\/wp-content\/uploads\/2022\/05\/robo-camioneta-en-Budge-500x297.png 500w\" sizes=\"auto, (max-width: 746px) 100vw, 746px\" \/><\/a><\/figure><\/div>\n\n\n\n<p class=\"wp-block-paragraph\">Una banda de 10 delincuentes armados a bordo de tres veh\u00edculos asalt\u00f3 este lunes a dos hombres que se dirig\u00edan a comprar a la feria La Salada en la localidad bonaerense de Ingeniero Budge, partido de Lomas de Zamora, y en unos tres minutos les robaron unos 10 millones de pesos y escaparon, informaron fuentes policiales.<\/p>\n\n\n\n<p class=\"wp-block-paragraph\">El hecho ocurri\u00f3 esta ma\u00f1ana, en la calle Guamini, de dicha localidad de la zona sur del conurbano, donde las v\u00edctimas, provenientes de la ciudad santafesina de Rosario, se trasladaban en una Mercedes Benz Sprinter color blanco.<\/p>\n\n\n\n<p class=\"wp-block-paragraph\">Seg\u00fan las fuentes, en momentos en que se dirig\u00edan a la feria La Salada, la camioneta fue interceptada por 10 delincuentes armados que se movilizaban en tres veh\u00edculos, dos que se acercaron por detr\u00e1s y el restante por adelante.<\/p>\n\n\n\n<p class=\"wp-block-paragraph\">De acuerdo con las im\u00e1genes de una c\u00e1mara de seguridad, el asalto comenz\u00f3 a las 07:04 hs. y al verse rodeado, el conductor de la camioneta dio marcha atr\u00e1s, choc\u00f3 contra uno de los autos de los ladrones y se subi\u00f3 a la vereda e impact\u00f3 contra el frente de una panader\u00eda, donde qued\u00f3 detenida.<\/p>\n\n\n\n<p class=\"wp-block-paragraph\">Esto fue aprovechado por los delincuentes -algunos con el rostro tapado y otros con gorra y\/o capucha-, quienes abrieron las puertas de la Sprinter y mediante amenazas y golpes despojaron a los dos ocupantes de unos bolsos con dinero.<\/p>\n\n\n\n<p class=\"wp-block-paragraph\"><strong>Siempre en funci\u00f3n a las im\u00e1genes difundidas, a las 07:07 hs.la banda escap\u00f3 a bordo de dos de los autos y abandonaron un Ford Ka gris que qued\u00f3 da\u00f1ado en la parte delantera por la colisi\u00f3n con la camioneta de las v\u00edctimas, una de las cuales sufri\u00f3 un culatazo en la cabeza.<\/strong><\/p>\n\n\n\n<p class=\"wp-block-paragraph\">De acuerdo a los voceros, el auto abandonado por la banda ten\u00eda pedido de secuestro activo por robo en jurisdicci\u00f3n de la comisar\u00eda 1ra. de Avellaneda.<\/p>\n\n\n\n<p class=\"wp-block-paragraph\">En tanto, en el lugar del hecho tambi\u00e9n se pudo observar que la Sprinter antes de impactar contra la persiana de la panader\u00eda tumb\u00f3 un poste de alumbrado p\u00fablico.<\/p>\n\n\n\n<figure class=\"wp-block-embed is-type-video is-provider-youtube wp-block-embed-youtube wp-embed-aspect-16-9 wp-has-aspect-ratio\"><div class=\"wp-block-embed__wrapper\">\n<iframe loading=\"lazy\" title=\"Lomas de Zamora robo a comerciantes en Ingeniero Budge\" width=\"700\" height=\"394\" src=\"https:\/\/www.youtube.com\/embed\/QtHvQRHrkhs?feature=oembed\" frameborder=\"0\" allow=\"accelerometer; autoplay; clipboard-write; encrypted-media; gyroscope; picture-in-picture\" allowfullscreen><\/iframe>\n<\/div><\/figure>\n","protected":false},"excerpt":{"rendered":"<p>Una banda de 10 delincuentes armados a bordo de tres veh\u00edculos asalt\u00f3 este lunes a dos hombres que se dirig\u00edan a comprar a la feria La Salada en la localidad bonaerense de Ingeniero Budge, partido de Lomas de Zamora, y en unos tres minutos les robaron unos 10 millones de pesos y escaparon, informaron fuentes&hellip;<\/p>\n","protected":false},"author":1,"featured_media":113587,"comment_status":"open","ping_status":"open","sticky":false,"template":"","format":"standard","meta":{"footnotes":""},"categories":[22],"tags":[2450,746,2841,744,116],"class_list":["post-113586","post","type-post","status-publish","format-standard","has-post-thumbnail","hentry","category-policiales","tag-diario-el-sindical","tag-ingeniero-budge","tag-la-salada","tag-lomas-de-zamora","tag-robo"],"_links":{"self":[{"href":"https:\/\/www.elsindical.com.ar\/notas\/wp-json\/wp\/v2\/posts\/113586","targetHints":{"allow":["GET"]}}],"collection":[{"href":"https:\/\/www.elsindical.com.ar\/notas\/wp-json\/wp\/v2\/posts"}],"about":[{"href":"https:\/\/www.elsindical.com.ar\/notas\/wp-json\/wp\/v2\/types\/post"}],"author":[{"embeddable":true,"href":"https:\/\/www.elsindical.com.ar\/notas\/wp-json\/wp\/v2\/users\/1"}],"replies":[{"embeddable":true,"href":"https:\/\/www.elsindical.com.ar\/notas\/wp-json\/wp\/v2\/comments?post=113586"}],"version-history":[{"count":2,"href":"https:\/\/www.elsindical.com.ar\/notas\/wp-json\/wp\/v2\/posts\/113586\/revisions"}],"predecessor-version":[{"id":113596,"href":"https:\/\/www.elsindical.com.ar\/notas\/wp-json\/wp\/v2\/posts\/113586\/revisions\/113596"}],"wp:featuredmedia":[{"embeddable":true,"href":"https:\/\/www.elsindical.com.ar\/notas\/wp-json\/wp\/v2\/media\/113587"}],"wp:attachment":[{"href":"https:\/\/www.elsindical.com.ar\/notas\/wp-json\/wp\/v2\/media?parent=113586"}],"wp:term":[{"taxonomy":"category","embeddable":true,"href":"https:\/\/www.elsindical.com.ar\/notas\/wp-json\/wp\/v2\/categories?post=113586"},{"taxonomy":"post_tag","embeddable":true,"href":"https:\/\/www.elsindical.com.ar\/notas\/wp-json\/wp\/v2\/tags?post=113586"}],"curies":[{"name":"wp","href":"https:\/\/api.w.org\/{rel}","templated":true}]}}