{"id":113578,"date":"2022-05-17T10:52:09","date_gmt":"2022-05-17T13:52:09","guid":{"rendered":"https:\/\/www.elsindical.com.ar\/notas\/?p=113578"},"modified":"2022-05-17T10:52:10","modified_gmt":"2022-05-17T13:52:10","slug":"vizzotti-alerto-que-empieza-una-cuarta-ola-de-covid-19-en-argentina","status":"publish","type":"post","link":"https:\/\/www.elsindical.com.ar\/notas\/vizzotti-alerto-que-empieza-una-cuarta-ola-de-covid-19-en-argentina\/","title":{"rendered":"Vizzotti alert\u00f3 que empieza \u201cuna cuarta ola\u201d de Covid-19 en Argentina"},"content":{"rendered":"\n<figure class=\"wp-block-image size-large\"><a href=\"https:\/\/www.elsindical.com.ar\/notas\/var\/www\/html\/notas\/wp-content\/uploads\/2021\/02\/Carla-Vizzotti.jpg\"><img loading=\"lazy\" decoding=\"async\" width=\"1024\" height=\"626\" src=\"https:\/\/www.elsindical.com.ar\/notas\/var\/www\/html\/notas\/wp-content\/uploads\/2021\/02\/Carla-Vizzotti-1024x626.jpg\" alt=\"\" class=\"wp-image-102552\" srcset=\"https:\/\/www.elsindical.com.ar\/notas\/var\/www\/html\/notas\/wp-content\/uploads\/2021\/02\/Carla-Vizzotti-1024x626.jpg 1024w, https:\/\/www.elsindical.com.ar\/notas\/var\/www\/html\/notas\/wp-content\/uploads\/2021\/02\/Carla-Vizzotti-300x183.jpg 300w, https:\/\/www.elsindical.com.ar\/notas\/var\/www\/html\/notas\/wp-content\/uploads\/2021\/02\/Carla-Vizzotti-768x470.jpg 768w, https:\/\/www.elsindical.com.ar\/notas\/var\/www\/html\/notas\/wp-content\/uploads\/2021\/02\/Carla-Vizzotti-491x300.jpg 491w, https:\/\/www.elsindical.com.ar\/notas\/var\/www\/html\/notas\/wp-content\/uploads\/2021\/02\/Carla-Vizzotti.jpg 1256w\" sizes=\"auto, (max-width: 1024px) 100vw, 1024px\" \/><\/a><\/figure>\n\n\n\n<p class=\"wp-block-paragraph\">La ministro de Salud de la Naci\u00f3n, Carla Vizzotti, sostuvo esta tarde que la Argentina <strong>\u201cest\u00e1 empezando una cuarta ola de Covid-19\u201d<\/strong>, a pesar de lo cual se encarg\u00f3 de remarcar que el pa\u00eds \u201cse encuentra en una situaci\u00f3n totalmente distinta\u201d gracias al avance de la vacunaci\u00f3n en la poblaci\u00f3n.<\/p>\n\n\n\n<p class=\"wp-block-paragraph\">La funcionaria habl\u00f3 en esos t\u00e9rmino en el marco del Consejo Federal de Salud (ConFeSa) que reuni\u00f3 a ministros de <strong>Salud de todo el pa\u00eds en Villa La Angostura, Neuqu\u00e9n.<\/strong><\/p>\n\n\n\n<p class=\"wp-block-paragraph\">\u201cHoy estamos empezando en la Argentina una <strong>cuarta ola de Covid-19 <\/strong>que nos encuentra en una situaci\u00f3n totalmente distinta\u201d, explic\u00f3 Vizzotti.<\/p>\n\n\n\n<p class=\"wp-block-paragraph\">Este domingo se inform\u00f3 que en los \u00faltimos siete d\u00edas se hab\u00edan acumulado 33.989 nuevos casos de coronavirus, con <strong>un crecimiento de un 92 por ciento con respecto a siete d\u00edas antes<\/strong>, cuando se hab\u00edan consignado 17.646.<\/p>\n\n\n\n<p class=\"wp-block-paragraph\">La ministro <strong>descart\u00f3 que vuelvan las restricciones de las actividades<\/strong> ante el crecimiento de casos: \u201cNo hay posibilidad de nuevos cierres\u201d, expres\u00f3 la ministra, que atribuy\u00f3 la situaci\u00f3n m\u00e1s favorable del pa\u00eds para afrontar una nueva ola a la marcha del plan de vacunaci\u00f3n, cuando en el pa\u00eds <strong>ya se aplicaron m\u00e1s de cien millones de dosis contra el Covid-19<\/strong>.<\/p>\n\n\n\n<p class=\"wp-block-paragraph\">\u201cGracias a cada medida que se tom\u00f3, al esfuerzo de la sociedad, de los equipos de salud y de todos los gobiernos <strong>tenemos una situaci\u00f3n en relaci\u00f3n a la vacunaci\u00f3n que nos permite seguir adelante en una nueva etapa<\/strong> de la pandemia\u201d, expres\u00f3 la titular de la cartera sanitaria nacional.<\/p>\n\n\n\n<p class=\"wp-block-paragraph\">Adem\u00e1s, en el marco de su discurso, les pidi\u00f3 a sus pares provinciales que lo hecho en materia sanitaria hasta el momento <strong>\u201cfue primero para fortalecer el sistema de salud, luego para retrasar (la variante) Delta y avanzar con la vacunaci\u00f3n\u201d.<\/strong><\/p>\n\n\n\n<p class=\"wp-block-paragraph\">\u201cCuando tuvimos Delta predominante, no tuvimos una ola como s\u00ed hubo en otros pa\u00edses muy desarrollados social y econ\u00f3micamente y <strong>cuando tuvimos una tercera ola fue con una cobertura de vacunaci\u00f3n muy importante<\/strong>\u201c, a\u00f1adi\u00f3 en el mismo sentido.<\/p>\n\n\n\n<p class=\"wp-block-paragraph\">Vizzotti ponder\u00f3 que la nueva situaci\u00f3n permita<strong> abordar durante el congreso otros temas por fuera de la agenda del Covid-19 <\/strong>como \u201clos trasplantes, c\u00f3mo encaramos di\u00e1lisis, c\u00f3mo abordamos los recursos humanos, la transmisi\u00f3n vertical, la campa\u00f1a de vacunaci\u00f3n que se viene y el trabajo en relaci\u00f3n a lo que significa la ley de 1000 d\u00edas\u201d.<\/p>\n","protected":false},"excerpt":{"rendered":"<p>La ministro de Salud de la Naci\u00f3n, Carla Vizzotti, sostuvo esta tarde que la Argentina \u201cest\u00e1 empezando una cuarta ola de Covid-19\u201d, a pesar de lo cual se encarg\u00f3 de remarcar que el pa\u00eds \u201cse encuentra en una situaci\u00f3n totalmente distinta\u201d gracias al avance de la vacunaci\u00f3n en la poblaci\u00f3n. La funcionaria habl\u00f3 en esos&hellip;<\/p>\n","protected":false},"author":1,"featured_media":102552,"comment_status":"open","ping_status":"open","sticky":false,"template":"","format":"standard","meta":{"footnotes":""},"categories":[23],"tags":[37229,32751,37228,32627],"class_list":["post-113578","post","type-post","status-publish","format-standard","has-post-thumbnail","hentry","category-salud","tag-4-ola","tag-carla-vizzotti","tag-confesa","tag-covid-19"],"_links":{"self":[{"href":"https:\/\/www.elsindical.com.ar\/notas\/wp-json\/wp\/v2\/posts\/113578","targetHints":{"allow":["GET"]}}],"collection":[{"href":"https:\/\/www.elsindical.com.ar\/notas\/wp-json\/wp\/v2\/posts"}],"about":[{"href":"https:\/\/www.elsindical.com.ar\/notas\/wp-json\/wp\/v2\/types\/post"}],"author":[{"embeddable":true,"href":"https:\/\/www.elsindical.com.ar\/notas\/wp-json\/wp\/v2\/users\/1"}],"replies":[{"embeddable":true,"href":"https:\/\/www.elsindical.com.ar\/notas\/wp-json\/wp\/v2\/comments?post=113578"}],"version-history":[{"count":1,"href":"https:\/\/www.elsindical.com.ar\/notas\/wp-json\/wp\/v2\/posts\/113578\/revisions"}],"predecessor-version":[{"id":113579,"href":"https:\/\/www.elsindical.com.ar\/notas\/wp-json\/wp\/v2\/posts\/113578\/revisions\/113579"}],"wp:featuredmedia":[{"embeddable":true,"href":"https:\/\/www.elsindical.com.ar\/notas\/wp-json\/wp\/v2\/media\/102552"}],"wp:attachment":[{"href":"https:\/\/www.elsindical.com.ar\/notas\/wp-json\/wp\/v2\/media?parent=113578"}],"wp:term":[{"taxonomy":"category","embeddable":true,"href":"https:\/\/www.elsindical.com.ar\/notas\/wp-json\/wp\/v2\/categories?post=113578"},{"taxonomy":"post_tag","embeddable":true,"href":"https:\/\/www.elsindical.com.ar\/notas\/wp-json\/wp\/v2\/tags?post=113578"}],"curies":[{"name":"wp","href":"https:\/\/api.w.org\/{rel}","templated":true}]}}