{"id":113475,"date":"2022-05-12T16:13:16","date_gmt":"2022-05-12T19:13:16","guid":{"rendered":"https:\/\/www.elsindical.com.ar\/notas\/?p=113475"},"modified":"2022-05-12T16:13:17","modified_gmt":"2022-05-12T19:13:17","slug":"alejo-chornobroff-y-marcelo-rey-los-maximos-responsables-de-la-inseguridad-en-avellaneda","status":"publish","type":"post","link":"https:\/\/www.elsindical.com.ar\/notas\/alejo-chornobroff-y-marcelo-rey-los-maximos-responsables-de-la-inseguridad-en-avellaneda\/","title":{"rendered":"Alejo Chornobroff y Marcelo Rey, los m\u00e1ximos responsables de la inseguridad en Avellaneda"},"content":{"rendered":"\n<div class=\"wp-block-image\"><figure class=\"aligncenter size-full\"><a href=\"https:\/\/www.elsindical.com.ar\/notas\/var\/www\/html\/notas\/wp-content\/uploads\/2022\/05\/Chornobroff-y-Marcelo-Rey-2.jpg\"><img loading=\"lazy\" decoding=\"async\" width=\"595\" height=\"754\" src=\"https:\/\/www.elsindical.com.ar\/notas\/var\/www\/html\/notas\/wp-content\/uploads\/2022\/05\/Chornobroff-y-Marcelo-Rey-2.jpg\" alt=\"\" class=\"wp-image-113478\" srcset=\"https:\/\/www.elsindical.com.ar\/notas\/var\/www\/html\/notas\/wp-content\/uploads\/2022\/05\/Chornobroff-y-Marcelo-Rey-2.jpg 595w, https:\/\/www.elsindical.com.ar\/notas\/var\/www\/html\/notas\/wp-content\/uploads\/2022\/05\/Chornobroff-y-Marcelo-Rey-2-237x300.jpg 237w\" sizes=\"auto, (max-width: 595px) 100vw, 595px\" \/><\/a><\/figure><\/div>\n\n\n\n<p>   Avellaneda ha tenido un escandaloso crecimiento del delito, las calles son inseguras y no hay horario que uno pueda considerar m\u00e1s seguro, ni barrio donde no se cometan robos, junto al crecimiento de casos, los robos cometidos tienen un alto nivel de violencia, incluso cuando la v\u00edctima se resigna o no da resistencia, tambi\u00e9n puede ser golpeado.<\/p>\n\n\n\n<p>Alejo Chornobroff, es en teor\u00eda el intendente y por ende el primer responsable de la inseguridad y el miedo en el que viven todos los vecinos, el otro es Marcelo Rey, secretario de seguridad municipal.<\/p>\n\n\n\n<p>El partido ha mejorado en cuanto a su est\u00e9tica general, pero sigue siendo un grave problema el de la inseguridad, donde las c\u00e1maras de seguridad o no funcionan o nadie las monitorea.<\/p>\n\n\n\n<p>Las supuestas reuniones con los jefes policiales parecen no tener frutos o si los tienen no son justamente en una mayor seguridad, en todo caso ser\u00e1n cuestiones recaudatorias.<\/p>\n\n\n\n<p>Para Chornobroff ejercer un cargo ejecutivo es nuevo y confirma que no fue elegido por su capacidad, en el caso de Marcelo Rey, se puede decir que es uno de los peores funcionarios municipales, un genio del fracaso, pero con una \u00abpicard\u00eda\u00bb para juntarla que parece ser su super poder.<\/p>\n\n\n\n<p>Es sencillo el an\u00e1lisis, si sos el responsable de la seguridad, tenes un centro de monitoreo, contacto directo con los jefes policiales, algunos designados por pedido del propio municipio, sos el jefe de los Cuidadores Ciudadanos y con todo eso no podes mejorar, entonces el problema sos vos.<\/p>\n\n\n\n<p>En solo 7 d\u00edas se conocieron distintos robos de veh\u00edculos, autos, camionetas y motos, los m\u00e1s violentos siguen siendo los robos de celulares, bot\u00edn preferido de los motochorros, donde se viraliz\u00f3 un video donde la v\u00edctima es abordada por dos delincuentes que la golpean con ensa\u00f1amiento y huyen. El municipio y la polic\u00eda siguen sin controlar locales dedicados a la compra-venta reparaci\u00f3n, a pesar de que en una investigaci\u00f3n policial se encontraron 497 celulares denunciados como robados en el local The Doctor Cell de Gerli, lugar donde se suelen ver motos en el frente con caracter\u00edsticas similares a las que se denuncian en las redes sociales, parece que el municipio y la polic\u00eda no tienen Wi Fi.<\/p>\n\n\n\n<figure class=\"wp-block-embed is-type-video is-provider-youtube wp-block-embed-youtube wp-embed-aspect-16-9 wp-has-aspect-ratio\"><div class=\"wp-block-embed__wrapper\">\n<iframe loading=\"lazy\" title=\"Avellaneda violento robo en Sarand\u00ed\" width=\"700\" height=\"394\" src=\"https:\/\/www.youtube.com\/embed\/RAdW8fLNG60?feature=oembed\" frameborder=\"0\" allow=\"accelerometer; autoplay; clipboard-write; encrypted-media; gyroscope; picture-in-picture\" allowfullscreen><\/iframe>\n<\/div><\/figure>\n\n\n\n<p><strong>Tapalqu\u00e9 y Nazar, la esquina del delito<\/strong><\/p>\n\n\n\n<p>   Ya mencionamos la problem\u00e1tica no resuelta de la intersecci\u00f3n de las calles Tapalqu\u00e9 y Nazar, lugar donde se cometieron varios delitos graves, robos varios, atentados y hasta un homicidio en ocasi\u00f3n de robo, todo siempre debajo de un domo municipal, que curiosamente nunca registro un solo hecho, raro.<\/p>\n\n\n\n<p>El d\u00eda mi\u00e9rcoles 11 de mayo un nuevo hecho criminal tuvo como v\u00edctima a un vecino que regresaba de trabajar y le cruzaron un auto para robarle el suyo y qued\u00f3 en una tentativa solo por los reflejos y velocidad de la v\u00edctima.<\/p>\n\n\n\n<figure class=\"wp-block-embed is-type-video is-provider-youtube wp-block-embed-youtube wp-embed-aspect-16-9 wp-has-aspect-ratio\"><div class=\"wp-block-embed__wrapper\">\n<iframe loading=\"lazy\" title=\"Avellaneda tentativa de robo en Gerli\" width=\"700\" height=\"394\" src=\"https:\/\/www.youtube.com\/embed\/xf3__etdiwA?feature=oembed\" frameborder=\"0\" allow=\"accelerometer; autoplay; clipboard-write; encrypted-media; gyroscope; picture-in-picture\" allowfullscreen><\/iframe>\n<\/div><\/figure>\n","protected":false},"excerpt":{"rendered":"<p>Avellaneda ha tenido un escandaloso crecimiento del delito, las calles son inseguras y no hay horario que uno pueda considerar m\u00e1s seguro, ni barrio donde no se cometan robos, junto al crecimiento de casos, los robos cometidos tienen un alto nivel de violencia, incluso cuando la v\u00edctima se resigna o no da resistencia, tambi\u00e9n puede&hellip;<\/p>\n","protected":false},"author":1,"featured_media":113478,"comment_status":"open","ping_status":"open","sticky":false,"template":"","format":"standard","meta":{"footnotes":""},"categories":[1,10,22],"tags":[30014,461,624,2450,984,21958,308,1174,34179],"class_list":["post-113475","post","type-post","status-publish","format-standard","has-post-thumbnail","hentry","category-destacadas","category-editorial","category-policiales","tag-alejo-chornobroff","tag-avellaneda","tag-celulares","tag-diario-el-sindical","tag-inseguridad","tag-marcelo-rey","tag-motochorros","tag-robos","tag-the-doctor-cell"],"_links":{"self":[{"href":"https:\/\/www.elsindical.com.ar\/notas\/wp-json\/wp\/v2\/posts\/113475","targetHints":{"allow":["GET"]}}],"collection":[{"href":"https:\/\/www.elsindical.com.ar\/notas\/wp-json\/wp\/v2\/posts"}],"about":[{"href":"https:\/\/www.elsindical.com.ar\/notas\/wp-json\/wp\/v2\/types\/post"}],"author":[{"embeddable":true,"href":"https:\/\/www.elsindical.com.ar\/notas\/wp-json\/wp\/v2\/users\/1"}],"replies":[{"embeddable":true,"href":"https:\/\/www.elsindical.com.ar\/notas\/wp-json\/wp\/v2\/comments?post=113475"}],"version-history":[{"count":5,"href":"https:\/\/www.elsindical.com.ar\/notas\/wp-json\/wp\/v2\/posts\/113475\/revisions"}],"predecessor-version":[{"id":113481,"href":"https:\/\/www.elsindical.com.ar\/notas\/wp-json\/wp\/v2\/posts\/113475\/revisions\/113481"}],"wp:featuredmedia":[{"embeddable":true,"href":"https:\/\/www.elsindical.com.ar\/notas\/wp-json\/wp\/v2\/media\/113478"}],"wp:attachment":[{"href":"https:\/\/www.elsindical.com.ar\/notas\/wp-json\/wp\/v2\/media?parent=113475"}],"wp:term":[{"taxonomy":"category","embeddable":true,"href":"https:\/\/www.elsindical.com.ar\/notas\/wp-json\/wp\/v2\/categories?post=113475"},{"taxonomy":"post_tag","embeddable":true,"href":"https:\/\/www.elsindical.com.ar\/notas\/wp-json\/wp\/v2\/tags?post=113475"}],"curies":[{"name":"wp","href":"https:\/\/api.w.org\/{rel}","templated":true}]}}